{"id":188856,"date":"2025-11-26T18:40:17","date_gmt":"2025-11-26T21:40:17","guid":{"rendered":"https:\/\/cdnoticias.com\/?p=188856"},"modified":"2025-11-26T18:50:57","modified_gmt":"2025-11-26T21:50:57","slug":"nativa-seguros-recibio-el-premio-luchemos-por-la-vida","status":"publish","type":"post","link":"https:\/\/cdnoticias.com\/index.php\/2025\/11\/26\/nativa-seguros-recibio-el-premio-luchemos-por-la-vida\/","title":{"rendered":"Nativa Seguros recibi\u00f3 el Premio \u201cLuchemos por la Vida\u201d"},"content":{"rendered":"<p>La empresa olavarriense consolida as\u00ed su liderazgo en educaci\u00f3n y seguridad vial en Argentina. El reconocimiento es para su programa de concientizaci\u00f3n #MANEJATESEGURO sostenido desde 2019.<!--more--><\/p>\n<hr \/>\n<p>\u00a0<\/p>\n\n\n<p><strong>Nativa Seguros fue reconocida con el prestigioso premio \u201cLuchemos por la Vida\u201d<\/strong>, una distinci\u00f3n que destaca a instituciones y empresas que desarrollan acciones concretas, sostenidas y de <strong>alto impacto en materia de educaci\u00f3n y seguridad vial <\/strong>en la Argentina.<\/p>\n\n\n\n<p><\/p>\n\n\n\n<p>El reconocimiento llega como resultado del <strong>trabajo que la compa\u00f1\u00eda realiza de manera sostenida desde 2019<\/strong> a trav\u00e9s de su <strong>campa\u00f1a integral de concientizaci\u00f3n #MANEJATESEGURO<\/strong>, un programa educativo dise\u00f1ado para <strong>promover h\u00e1bitos responsables y prevenir siniestros viales<\/strong>, y que tiene como destinatarios a <strong>ni\u00f1os y adolescentes<\/strong>.<\/p>\n\n\n\n<p><\/p>\n\n\n\n<p>La distinci\u00f3n posiciona a Nativa Seguros como <strong>una de las empresas con mayor impacto educativo en el pa\u00eds<\/strong>. La iniciativa combina acciones territoriales, materiales pedag\u00f3gicos, contenidos digitales y actividades participativas orientadas a transformar conductas y reducir riesgos en la v\u00eda p\u00fablica.<\/p>\n\n\n\n<figure class=\"wp-block-image size-large\"><img data-recalc-dims=\"1\" loading=\"lazy\" decoding=\"async\" width=\"687\" height=\"1024\" src=\"https:\/\/i0.wp.com\/cdnoticias.com\/wp-content\/uploads\/2025\/11\/nativa-luchemos-por-la-vida-01.jpg?resize=687%2C1024&#038;ssl=1\" alt=\"\" class=\"wp-image-188857\" srcset=\"https:\/\/i0.wp.com\/cdnoticias.com\/wp-content\/uploads\/2025\/11\/nativa-luchemos-por-la-vida-01.jpg?resize=687%2C1024&amp;ssl=1 687w, https:\/\/i0.wp.com\/cdnoticias.com\/wp-content\/uploads\/2025\/11\/nativa-luchemos-por-la-vida-01.jpg?resize=201%2C300&amp;ssl=1 201w, https:\/\/i0.wp.com\/cdnoticias.com\/wp-content\/uploads\/2025\/11\/nativa-luchemos-por-la-vida-01.jpg?resize=768%2C1144&amp;ssl=1 768w, https:\/\/i0.wp.com\/cdnoticias.com\/wp-content\/uploads\/2025\/11\/nativa-luchemos-por-la-vida-01.jpg?w=800&amp;ssl=1 800w\" sizes=\"auto, (max-width: 687px) 100vw, 687px\" \/><\/figure>\n\n\n\n<p><\/p>\n\n\n\n<h2 class=\"wp-block-heading\">La seguridad vial como eje central de la responsabilidad social de Nativa Seguros<\/h2>\n\n\n\n<p><\/p>\n\n\n\n<blockquote class=\"wp-block-quote is-layout-flow wp-block-quote-is-layout-flow\">\n<p>\u201cEste reconocimiento nos honra y, al mismo tiempo, nos compromete a\u00fan m\u00e1s. Para Nativa Seguros, la seguridad vial no es un complemento: es un eje central de nuestra responsabilidad social. Creemos profundamente en el poder transformador de la educaci\u00f3n, en la capacidad de las comunidades para cambiar h\u00e1bitos y en la importancia de formar nuevas generaciones m\u00e1s conscientes y responsables. El premio \u2018Luchemos por la Vida\u2019 nos impulsa a seguir ampliando nuestro alcance, innovando en contenidos y fortaleciendo cada acci\u00f3n que contribuya a cuidar la vida en la v\u00eda p\u00fablica\u201d, sostuvo la Dra. Marina Fal, presidente de la compa\u00f1\u00eda.<\/p>\n<\/blockquote>\n\n\n\n<p><\/p>\n\n\n\n<h2 class=\"wp-block-heading\">Una campa\u00f1a que crece, se fortalece y transforma comunidades<\/h2>\n\n\n\n<p><\/p>\n\n\n\n<p>Desde 2019, #ManejateSeguro ha logrado consolidarse como <strong>un programa de referencia nacional, con m\u00e1s de 10.000 adolescentes formados en charlas presenciales<\/strong> en Olavarr\u00eda, Gonz\u00e1les Chaves, Tandil y Rauch, y miles de familias sensibilizadas a partir de acciones en escuelas y campa\u00f1as de difusi\u00f3n masiva.<\/p>\n\n\n\n<p><\/p>\n\n\n\n<p>Las charlas \u2014dictadas por especialistas en prevenci\u00f3n, salud, psicolog\u00eda del tr\u00e1nsito y marco legal\u2014 preparan a <strong>j\u00f3venes que est\u00e1n por obtener su primera licencia de conducir<\/strong>, brind\u00e1ndoles herramientas para comprender el tr\u00e1nsito como un espacio colectivo donde cada decisi\u00f3n importa. Entre los disertantes se destaca la<strong> participaci\u00f3n del Ing. Fabi\u00e1n Pons<\/strong>, presidente de OVILAM y referente hist\u00f3rico en materia de seguridad vial en Am\u00e9rica Latina; junto a <strong>Marcelo Deve y Fernando Tornato<\/strong>, periodistas especializados en seguros, quienes realizan el newsletter y programa radial \u201cTiempo de Seguros\u201d.<\/p>\n\n\n\n<p><\/p>\n\n\n\n<h2 class=\"wp-block-heading\">Educar desde el comienzo: la seguridad vial como construcci\u00f3n cultural<\/h2>\n\n\n\n<p>La compa\u00f1\u00eda tambi\u00e9n impulsa la <strong>formaci\u00f3n temprana a trav\u00e9s del \u201cKit NAT\u201d<\/strong>, una propuesta l\u00fadica creada para que ni\u00f1os y ni\u00f1as incorporen <strong>h\u00e1bitos seguros desde la primera infancia<\/strong>. <\/p>\n\n\n\n<p><\/p>\n\n\n\n<p>Con <strong>m\u00e1s de 15.000 kits entregados en jardines y escuelas primarias<\/strong>, la iniciativa logr\u00f3 ingresar en aulas, hogares y espacios comunitarios con un mensaje simple pero esencial: aprender las normas de convivencia vial empieza jugando.<\/p>\n\n\n\n<p><\/p>\n\n\n\n<h2 class=\"wp-block-heading\">Movilidad segura para todos los protagonistas del entorno vial<\/h2>\n\n\n\n<p>La campa\u00f1a tambi\u00e9n impulsa <strong>acciones dirigidas a ciclistas y peatones<\/strong>, que incluyen la entrega de kits informativos, se\u00f1alizaci\u00f3n reflectante, cascos y accesorios de protecci\u00f3n. Estas actividades se complementan con <strong>presencia en v\u00eda p\u00fablica <\/strong>para fomentar la convivencia segura entre todos los actores del tr\u00e1nsito.<\/p>\n\n\n\n<p><\/p>\n\n\n\n<h2 class=\"wp-block-heading\">Sobre Nativa Seguros<\/h2>\n\n\n\n<p>Con casi <strong>siete d\u00e9cadas de trayectoria<\/strong>, Nativa Seguros impulsa programas de Responsabilidad Social Empresarial orientados a la educaci\u00f3n, la prevenci\u00f3n y el bienestar de las comunidades donde opera.<em> Su campa\u00f1a #ManejateSeguro se consolida como una de las iniciativas de educaci\u00f3n vial m\u00e1s consistentes del sector asegurador argentino<\/em>.<\/p>\n","protected":false},"excerpt":{"rendered":"<p>La empresa olavarriense consolida as\u00ed su liderazgo en educaci\u00f3n y seguridad vial en Argentina. El reconocimiento es para su programa<\/p>\n","protected":false},"author":4,"featured_media":188858,"comment_status":"closed","ping_status":"closed","sticky":false,"template":"","format":"standard","meta":{"_jetpack_memberships_contains_paid_content":false,"footnotes":""},"categories":[5,1],"tags":[],"class_list":["post-188856","post","type-post","status-publish","format-standard","has-post-thumbnail","hentry","category-informacion-general","category-portada"],"jetpack_featured_media_url":"https:\/\/i0.wp.com\/cdnoticias.com\/wp-content\/uploads\/2025\/11\/nativa-luchemos-por-la-vida.jpg?fit=1000%2C556&ssl=1","jetpack_sharing_enabled":true,"_links":{"self":[{"href":"https:\/\/cdnoticias.com\/index.php\/wp-json\/wp\/v2\/posts\/188856","targetHints":{"allow":["GET"]}}],"collection":[{"href":"https:\/\/cdnoticias.com\/index.php\/wp-json\/wp\/v2\/posts"}],"about":[{"href":"https:\/\/cdnoticias.com\/index.php\/wp-json\/wp\/v2\/types\/post"}],"author":[{"embeddable":true,"href":"https:\/\/cdnoticias.com\/index.php\/wp-json\/wp\/v2\/users\/4"}],"replies":[{"embeddable":true,"href":"https:\/\/cdnoticias.com\/index.php\/wp-json\/wp\/v2\/comments?post=188856"}],"version-history":[{"count":0,"href":"https:\/\/cdnoticias.com\/index.php\/wp-json\/wp\/v2\/posts\/188856\/revisions"}],"wp:featuredmedia":[{"embeddable":true,"href":"https:\/\/cdnoticias.com\/index.php\/wp-json\/wp\/v2\/media\/188858"}],"wp:attachment":[{"href":"https:\/\/cdnoticias.com\/index.php\/wp-json\/wp\/v2\/media?parent=188856"}],"wp:term":[{"taxonomy":"category","embeddable":true,"href":"https:\/\/cdnoticias.com\/index.php\/wp-json\/wp\/v2\/categories?post=188856"},{"taxonomy":"post_tag","embeddable":true,"href":"https:\/\/cdnoticias.com\/index.php\/wp-json\/wp\/v2\/tags?post=188856"}],"curies":[{"name":"wp","href":"https:\/\/api.w.org\/{rel}","templated":true}]}}