{"id":188853,"date":"2025-11-26T15:08:22","date_gmt":"2025-11-26T18:08:22","guid":{"rendered":"https:\/\/cdnoticias.com\/?p=188853"},"modified":"2025-11-26T15:08:24","modified_gmt":"2025-11-26T18:08:24","slug":"se-presentara-en-olavarria-el-libro-leon-xiv-del-periodista-juan-cruz-castineiras","status":"publish","type":"post","link":"https:\/\/cdnoticias.com\/index.php\/2025\/11\/26\/se-presentara-en-olavarria-el-libro-leon-xiv-del-periodista-juan-cruz-castineiras\/","title":{"rendered":"Se presentar\u00e1 en Olavarr\u00eda el libro \u201cLe\u00f3n XIV\u201d del periodista Juan Cruz Casti\u00f1eiras"},"content":{"rendered":"<p>Este jueves en 25 de Mayo 2627 estar\u00e1 el autor desde las 18. El libro es una edici\u00f3n autogestiva y solo estar\u00e1 disponible en la presentaci\u00f3n.<!--more--><\/p>\n<hr \/>\n<p>Este <strong>jueves 27 de noviembre<\/strong> a las <strong>18 horas<\/strong>, en el sal\u00f3n ubicado en <strong>25 de Mayo 262<\/strong>7, Olavarr\u00eda, se llevar\u00e1 a cabo la<strong> presentaci\u00f3n del libro \u201cLe\u00f3n XIV\u201d<\/strong>, una obra del <strong>periodista e investigador Juan Cruz Casti\u00f1eiras.<\/strong><\/p>\n<p>Casti\u00f1eiras, con una amplia trayectoria en el \u00e1mbito period\u00edstico regional e internacional, ha desarrollado su labor en medios de Argentina, Per\u00fa y Bolivia, y es autor de m\u00e1s de diez libros. Su obra combina<strong> entrevistas profundas, investigaciones documentales y un estilo \u00e1gil que permite la difusi\u00f3n de temas de relevancia<\/strong> cultural y social.<\/p>\n<p><strong>Le\u00f3n XIV presenta un formato de compilado de entrevistas<\/strong> en las que el autor pone en di\u00e1logo a <strong>figuras clave del \u00e1mbito eclesi\u00e1stico<\/strong>, analizando los desaf\u00edos contempor\u00e1neos de la fe, el liderazgo y la instituci\u00f3n. A trav\u00e9s de estas conversaciones, el lector accede a voces habitualmente poco difundidas, en un volumen que subraya su categor\u00eda independiente y de distribuci\u00f3n \u00fanica.<\/p>\n<blockquote><p>El evento contar\u00e1 con una charla a cargo del Casti\u00f1eiras, un espacio para preguntas del p\u00fablico y la oportunidad de adquirir los ejemplares firmados por el autor. Se destaca que el libro de car\u00e1cter autogestivo no se comercializa en librer\u00edas ni plataformas tradicionales por lo que estar\u00e1 disponible \u00fanicamente en esta presentaci\u00f3n, constituyendo una oportunidad exclusiva para adquirir el ejemplar.<\/p><\/blockquote>\n<p>La <strong>invitaci\u00f3n est\u00e1 abierta al p\u00fablico en general<\/strong>, sin necesidad de inscripci\u00f3n previa.<\/p>\n","protected":false},"excerpt":{"rendered":"<p>Este jueves en 25 de Mayo 2627 estar\u00e1 el autor desde las 18. El libro es una edici\u00f3n autogestiva y<\/p>\n","protected":false},"author":4,"featured_media":188854,"comment_status":"closed","ping_status":"closed","sticky":false,"template":"","format":"standard","meta":{"_jetpack_memberships_contains_paid_content":false,"footnotes":""},"categories":[9,1],"tags":[],"class_list":["post-188853","post","type-post","status-publish","format-standard","has-post-thumbnail","hentry","category-cultura","category-portada"],"jetpack_featured_media_url":"https:\/\/i0.wp.com\/cdnoticias.com\/wp-content\/uploads\/2025\/11\/libro-papa-leon-14.jpg?fit=800%2C445&ssl=1","jetpack_sharing_enabled":true,"_links":{"self":[{"href":"https:\/\/cdnoticias.com\/index.php\/wp-json\/wp\/v2\/posts\/188853","targetHints":{"allow":["GET"]}}],"collection":[{"href":"https:\/\/cdnoticias.com\/index.php\/wp-json\/wp\/v2\/posts"}],"about":[{"href":"https:\/\/cdnoticias.com\/index.php\/wp-json\/wp\/v2\/types\/post"}],"author":[{"embeddable":true,"href":"https:\/\/cdnoticias.com\/index.php\/wp-json\/wp\/v2\/users\/4"}],"replies":[{"embeddable":true,"href":"https:\/\/cdnoticias.com\/index.php\/wp-json\/wp\/v2\/comments?post=188853"}],"version-history":[{"count":0,"href":"https:\/\/cdnoticias.com\/index.php\/wp-json\/wp\/v2\/posts\/188853\/revisions"}],"wp:featuredmedia":[{"embeddable":true,"href":"https:\/\/cdnoticias.com\/index.php\/wp-json\/wp\/v2\/media\/188854"}],"wp:attachment":[{"href":"https:\/\/cdnoticias.com\/index.php\/wp-json\/wp\/v2\/media?parent=188853"}],"wp:term":[{"taxonomy":"category","embeddable":true,"href":"https:\/\/cdnoticias.com\/index.php\/wp-json\/wp\/v2\/categories?post=188853"},{"taxonomy":"post_tag","embeddable":true,"href":"https:\/\/cdnoticias.com\/index.php\/wp-json\/wp\/v2\/tags?post=188853"}],"curies":[{"name":"wp","href":"https:\/\/api.w.org\/{rel}","templated":true}]}}