{"id":188846,"date":"2025-11-26T11:34:08","date_gmt":"2025-11-26T14:34:08","guid":{"rendered":"https:\/\/cdnoticias.com\/?p=188846"},"modified":"2025-11-26T13:20:46","modified_gmt":"2025-11-26T16:20:46","slug":"una-ciclista-herida-en-un-choque-sobre-avenida-urquiza","status":"publish","type":"post","link":"https:\/\/cdnoticias.com\/index.php\/2025\/11\/26\/una-ciclista-herida-en-un-choque-sobre-avenida-urquiza\/","title":{"rendered":"Una ciclista herida en un choque sobre avenida Urquiza"},"content":{"rendered":"<p>Hacia las 10 de este mi\u00e9rcoles una camioneta embisti\u00f3 a una bicicleta a la altura de Jos\u00e9 Luis Torres.<!--more--><\/p>\n<hr \/>\n<p>Un<strong> siniestro vial<\/strong> se registr\u00f3 este mi\u00e9rcoles en inmediaciones del <strong>barrio Hip\u00f3lito Yrigoyen<\/strong> donde<strong> una mujer result\u00f3 herida.<\/strong><\/p>\n<p>El hecho se dio en <strong>Urquiza y Jos\u00e9 Luis Torres<\/strong> donde<strong> una camioneta Chevrolet S10 embisti\u00f3 a una bicicleta<\/strong> hacia las 10 de la ma\u00f1ana.<\/p>\n<p><img data-recalc-dims=\"1\" loading=\"lazy\" decoding=\"async\" class=\"alignnone size-full wp-image-188848 aligncenter\" src=\"https:\/\/i0.wp.com\/cdnoticias.com\/wp-content\/uploads\/2025\/11\/choque-urquiza-y-jose-luis-torres-01.jpg?resize=800%2C445&#038;ssl=1\" alt=\"\" width=\"800\" height=\"445\" srcset=\"https:\/\/i0.wp.com\/cdnoticias.com\/wp-content\/uploads\/2025\/11\/choque-urquiza-y-jose-luis-torres-01.jpg?w=1000&amp;ssl=1 1000w, https:\/\/i0.wp.com\/cdnoticias.com\/wp-content\/uploads\/2025\/11\/choque-urquiza-y-jose-luis-torres-01.jpg?resize=300%2C167&amp;ssl=1 300w, https:\/\/i0.wp.com\/cdnoticias.com\/wp-content\/uploads\/2025\/11\/choque-urquiza-y-jose-luis-torres-01.jpg?resize=768%2C427&amp;ssl=1 768w, https:\/\/i0.wp.com\/cdnoticias.com\/wp-content\/uploads\/2025\/11\/choque-urquiza-y-jose-luis-torres-01.jpg?resize=800%2C445&amp;ssl=1 800w\" sizes=\"auto, (max-width: 800px) 100vw, 800px\" \/><\/p>\n<blockquote><p>La conductora del rodado menor result\u00f3 con golpes por lo que fue trasladada al Hospital Municipal.<\/p><\/blockquote>\n<p>En el lugar trabaj\u00f3<strong> personal del Comando de Patrullas<\/strong> que dispuso cortes en el tr\u00e1nsito sobre la avenida Urquiza para resguardar los veh\u00edculos involucrados en el siniestro vial.<\/p>\n","protected":false},"excerpt":{"rendered":"<p>Hacia las 10 de este mi\u00e9rcoles una camioneta embisti\u00f3 a una bicicleta a la altura de Jos\u00e9 Luis Torres.<\/p>\n","protected":false},"author":4,"featured_media":188847,"comment_status":"closed","ping_status":"closed","sticky":false,"template":"","format":"standard","meta":{"_jetpack_memberships_contains_paid_content":false,"footnotes":""},"categories":[14,1],"tags":[],"class_list":["post-188846","post","type-post","status-publish","format-standard","has-post-thumbnail","hentry","category-policiales","category-portada"],"jetpack_featured_media_url":"https:\/\/i0.wp.com\/cdnoticias.com\/wp-content\/uploads\/2025\/11\/choque-urquiza-y-jose-luis-torres-00.jpg?fit=800%2C446&ssl=1","jetpack_sharing_enabled":true,"_links":{"self":[{"href":"https:\/\/cdnoticias.com\/index.php\/wp-json\/wp\/v2\/posts\/188846","targetHints":{"allow":["GET"]}}],"collection":[{"href":"https:\/\/cdnoticias.com\/index.php\/wp-json\/wp\/v2\/posts"}],"about":[{"href":"https:\/\/cdnoticias.com\/index.php\/wp-json\/wp\/v2\/types\/post"}],"author":[{"embeddable":true,"href":"https:\/\/cdnoticias.com\/index.php\/wp-json\/wp\/v2\/users\/4"}],"replies":[{"embeddable":true,"href":"https:\/\/cdnoticias.com\/index.php\/wp-json\/wp\/v2\/comments?post=188846"}],"version-history":[{"count":0,"href":"https:\/\/cdnoticias.com\/index.php\/wp-json\/wp\/v2\/posts\/188846\/revisions"}],"wp:featuredmedia":[{"embeddable":true,"href":"https:\/\/cdnoticias.com\/index.php\/wp-json\/wp\/v2\/media\/188847"}],"wp:attachment":[{"href":"https:\/\/cdnoticias.com\/index.php\/wp-json\/wp\/v2\/media?parent=188846"}],"wp:term":[{"taxonomy":"category","embeddable":true,"href":"https:\/\/cdnoticias.com\/index.php\/wp-json\/wp\/v2\/categories?post=188846"},{"taxonomy":"post_tag","embeddable":true,"href":"https:\/\/cdnoticias.com\/index.php\/wp-json\/wp\/v2\/tags?post=188846"}],"curies":[{"name":"wp","href":"https:\/\/api.w.org\/{rel}","templated":true}]}}