{"id":188843,"date":"2025-11-26T11:05:48","date_gmt":"2025-11-26T14:05:48","guid":{"rendered":"https:\/\/cdnoticias.com\/?p=188843"},"modified":"2025-11-26T12:14:18","modified_gmt":"2025-11-26T15:14:18","slug":"quienes-son-los-detenidos-acusados-de-integrar-una-banda-de-venta-de-drogas-en-el-centro-de-la-provincia","status":"publish","type":"post","link":"https:\/\/cdnoticias.com\/index.php\/2025\/11\/26\/quienes-son-los-detenidos-acusados-de-integrar-una-banda-de-venta-de-drogas-en-el-centro-de-la-provincia\/","title":{"rendered":"Qui\u00e9nes son los detenidos acusados de integrar una banda de venta de drogas en el centro de la Provincia"},"content":{"rendered":"<p>Uno de los acusados es de Olavarr\u00eda, de 35 a\u00f1os, y cumpl\u00eda con arresto domiciliario por una acusaci\u00f3n previa.<!--more--><\/p>\n<hr \/>\n<p>La <strong>Subdelegaci\u00f3n de Investigaciones del Tr\u00e1fico de Drogas Il\u00edcitas de Olavarr\u00eda<\/strong> dio a conocer que <a href=\"https:\/\/cdnoticias.com\/index.php\/2025\/11\/25\/desarticularon-una-estructura-narco-que-operaba-en-el-centro-de-la-provincia\/\" target=\"_blank\" rel=\"noopener\">el mi\u00e9rcoles 19 de noviembre se concretaron en simult\u00e1neo <strong>12 allanamientos<\/strong><\/a><strong> en distintos puntos de la provincia<\/strong> mediante los que se logr\u00f3<strong> desbaratar una red de tr\u00e1fico de drogas<\/strong> hacia distritos del centro de la provincia de Buenos Aires.<\/p>\n<p>Seg\u00fan se inform\u00f3, <strong>uno de los procedimientos tuvo lugar en Olavarr\u00eda<\/strong> donde <strong>qued\u00f3 detenido un vecino de nuestra ciudad<\/strong> imputado de integrar la red narco regional.<\/p>\n<p>Las actuaciones, concretadas bajo \u00f3rdenes del<strong> Juzgado Federal de Pehuaj\u00f3<\/strong>, dejaron en total <strong>9 personas detenidas de entre 30 y 81 a\u00f1os<\/strong> sobre quienes se establecieron los roles que cumpl\u00edan en la banda.<\/p>\n<p><img data-recalc-dims=\"1\" loading=\"lazy\" decoding=\"async\" class=\"alignnone size-full wp-image-188767 aligncenter\" src=\"https:\/\/i0.wp.com\/cdnoticias.com\/wp-content\/uploads\/2025\/11\/allanamientos-drogas-bolivar-azul-olavarria-02.jpg?resize=800%2C446&#038;ssl=1\" alt=\"\" width=\"800\" height=\"446\" srcset=\"https:\/\/i0.wp.com\/cdnoticias.com\/wp-content\/uploads\/2025\/11\/allanamientos-drogas-bolivar-azul-olavarria-02.jpg?w=1000&amp;ssl=1 1000w, https:\/\/i0.wp.com\/cdnoticias.com\/wp-content\/uploads\/2025\/11\/allanamientos-drogas-bolivar-azul-olavarria-02.jpg?resize=300%2C167&amp;ssl=1 300w, https:\/\/i0.wp.com\/cdnoticias.com\/wp-content\/uploads\/2025\/11\/allanamientos-drogas-bolivar-azul-olavarria-02.jpg?resize=768%2C428&amp;ssl=1 768w, https:\/\/i0.wp.com\/cdnoticias.com\/wp-content\/uploads\/2025\/11\/allanamientos-drogas-bolivar-azul-olavarria-02.jpg?resize=800%2C445&amp;ssl=1 800w\" sizes=\"auto, (max-width: 800px) 100vw, 800px\" \/><\/p>\n<p>La informaci\u00f3n oficial dio cuenta de que se logr\u00f3 el <strong>arresto de un proveedor oriundo de Vicente L\u00f3pez y otro de nacionalidad dominicana radicado en Bol\u00edvar<\/strong>, quien ya ten\u00eda condenas previas por comercio de estupefacientes. Ambos est\u00e1n sindicados como los m\u00e1ximos jefes de la estructura de tr\u00e1fico.<\/p>\n<blockquote><p>Asimismo, qued\u00f3 detenido un tercer implicado que cumpl\u00eda arresto domiciliario en Olavarr\u00eda. Este hombre fue identificado como Michel Rub\u00e9n Ort\u00edz de 35 a\u00f1os. Este hombre hab\u00eda sido <a href=\"https:\/\/cdnoticias.com\/index.php\/2023\/11\/03\/se-dicto-la-detencion-para-un-olavarriense-acusado-por-venta-de-drogas\/\" target=\"_blank\" rel=\"noopener\">arrestado en 2023 en Olavarr\u00eda imputado tambi\u00e9n por venta de drogas il\u00edcitas<\/a>.<\/p><\/blockquote>\n<p><img data-recalc-dims=\"1\" loading=\"lazy\" decoding=\"async\" class=\"alignnone size-full wp-image-188844 aligncenter\" src=\"https:\/\/i0.wp.com\/cdnoticias.com\/wp-content\/uploads\/2025\/11\/allanamientos-drogas-bolivar-azul-olavarria-06.jpg?resize=800%2C283&#038;ssl=1\" alt=\"\" width=\"800\" height=\"283\" srcset=\"https:\/\/i0.wp.com\/cdnoticias.com\/wp-content\/uploads\/2025\/11\/allanamientos-drogas-bolivar-azul-olavarria-06.jpg?w=1000&amp;ssl=1 1000w, https:\/\/i0.wp.com\/cdnoticias.com\/wp-content\/uploads\/2025\/11\/allanamientos-drogas-bolivar-azul-olavarria-06.jpg?resize=300%2C106&amp;ssl=1 300w, https:\/\/i0.wp.com\/cdnoticias.com\/wp-content\/uploads\/2025\/11\/allanamientos-drogas-bolivar-azul-olavarria-06.jpg?resize=768%2C272&amp;ssl=1 768w\" sizes=\"auto, (max-width: 800px) 100vw, 800px\" \/><\/p>\n<blockquote><p>Los restantes detenidos fueron identificados como Javier Turro (47), Vanina Soledad P\u00e9rez (40), Mar\u00eda Julia Ver\u00f3nica Rodr\u00edguez (51), Lucas Mat\u00edas Lezama (46), Luciano Enrique Distra (41), Oscar Bote (81), Dante Nicol\u00e1s Guti\u00e9rrez (30) y Miguel Florencio Alvin (38)<\/p><\/blockquote>\n<p>En cuanto a los<strong> allanamientos<\/strong>, se detall\u00f3 que se llevaron a cabo uno en Pilar, dos en Munro, distrito de Vicente L\u00f3pez; <strong>uno en Olavarr\u00eda<\/strong> y ocho en la ciudad Bol\u00edvar.<\/p>\n<p>Acerca de los <strong>nueve detenidos, fueron alojados en \u201cdistintas dependencias policiales<\/strong> pertenecientes a la Superintendencia de Regi\u00f3n Interior Centro\u201d. Se detall\u00f3 as\u00ed que dos mujeres est\u00e1n en la Subcomisar\u00eda de Chilar, dos hombres en General La Madrid, dos hombres en Las Flores, dos hombres en Benito Ju\u00e1rez y un hombre en Tapalqu\u00e9.<\/p>\n<p>Entre los resultados m\u00e1s destacados de los allanamientos, se inform\u00f3 el <strong>secuestro de marihuana, coca\u00edna, un arma de fuego, dinero en efectivo y al menos ocho veh\u00edculos<\/strong>.<\/p>\n","protected":false},"excerpt":{"rendered":"<p>Uno de los acusados es de Olavarr\u00eda, de 35 a\u00f1os, y cumpl\u00eda con arresto domiciliario por una acusaci\u00f3n previa.<\/p>\n","protected":false},"author":4,"featured_media":188769,"comment_status":"closed","ping_status":"closed","sticky":false,"template":"","format":"standard","meta":{"_jetpack_memberships_contains_paid_content":false,"footnotes":""},"categories":[14,1],"tags":[],"class_list":["post-188843","post","type-post","status-publish","format-standard","has-post-thumbnail","hentry","category-policiales","category-portada"],"jetpack_featured_media_url":"https:\/\/i0.wp.com\/cdnoticias.com\/wp-content\/uploads\/2025\/11\/allanamientos-drogas-bolivar-azul-olavarria-00.jpg?fit=1000%2C556&ssl=1","jetpack_sharing_enabled":true,"_links":{"self":[{"href":"https:\/\/cdnoticias.com\/index.php\/wp-json\/wp\/v2\/posts\/188843","targetHints":{"allow":["GET"]}}],"collection":[{"href":"https:\/\/cdnoticias.com\/index.php\/wp-json\/wp\/v2\/posts"}],"about":[{"href":"https:\/\/cdnoticias.com\/index.php\/wp-json\/wp\/v2\/types\/post"}],"author":[{"embeddable":true,"href":"https:\/\/cdnoticias.com\/index.php\/wp-json\/wp\/v2\/users\/4"}],"replies":[{"embeddable":true,"href":"https:\/\/cdnoticias.com\/index.php\/wp-json\/wp\/v2\/comments?post=188843"}],"version-history":[{"count":0,"href":"https:\/\/cdnoticias.com\/index.php\/wp-json\/wp\/v2\/posts\/188843\/revisions"}],"wp:featuredmedia":[{"embeddable":true,"href":"https:\/\/cdnoticias.com\/index.php\/wp-json\/wp\/v2\/media\/188769"}],"wp:attachment":[{"href":"https:\/\/cdnoticias.com\/index.php\/wp-json\/wp\/v2\/media?parent=188843"}],"wp:term":[{"taxonomy":"category","embeddable":true,"href":"https:\/\/cdnoticias.com\/index.php\/wp-json\/wp\/v2\/categories?post=188843"},{"taxonomy":"post_tag","embeddable":true,"href":"https:\/\/cdnoticias.com\/index.php\/wp-json\/wp\/v2\/tags?post=188843"}],"curies":[{"name":"wp","href":"https:\/\/api.w.org\/{rel}","templated":true}]}}