{"id":188809,"date":"2025-11-26T20:42:02","date_gmt":"2025-11-26T23:42:02","guid":{"rendered":"https:\/\/cdnoticias.com\/?p=188809"},"modified":"2025-11-26T20:42:04","modified_gmt":"2025-11-26T23:42:04","slug":"el-circulo-medico-de-olavarria-celebrara-el-dia-del-medico-con-homenajes-y-reconocimientos","status":"publish","type":"post","link":"https:\/\/cdnoticias.com\/index.php\/2025\/11\/26\/el-circulo-medico-de-olavarria-celebrara-el-dia-del-medico-con-homenajes-y-reconocimientos\/","title":{"rendered":"El C\u00edrculo M\u00e9dico de Olavarr\u00eda celebrar\u00e1 el D\u00eda del M\u00e9dico con homenajes y reconocimientos"},"content":{"rendered":"\n<p><br>Habr\u00e1 un acto en el cementerio local y una ceremonia acad\u00e9mica en la sede de la entidad. Se entregar\u00e1n medallas por 25 y 50 a\u00f1os de trayectoria, adem\u00e1s de diplomas por jubilaci\u00f3n.<\/p>\n\n\n\n<hr class=\"wp-block-separator aligncenter has-alpha-channel-opacity\"\/>\n\n\n\n<p><br><\/p>\n\n\n\n<p>El mi\u00e9rcoles <strong>3 de diciembre<\/strong>, el <strong>C\u00edrculo M\u00e9dico de Olavarr\u00eda<\/strong> realizar\u00e1 sus tradicionales actividades por el <strong>D\u00eda del M\u00e9dico<\/strong>.<\/p>\n\n\n\n<p><br>La jornada comenzar\u00e1 a las <strong>12:50<\/strong>, en el <strong>cenotafio del cementerio local<\/strong>, donde se colocar\u00e1 una <strong>ofrenda floral<\/strong> en homenaje a los profesionales fallecidos.<\/p>\n\n\n\n<p>Luego, a las <strong>13:30<\/strong>, en la <strong>sede de la entidad<\/strong>, se llevar\u00e1 a cabo el <strong>acto acad\u00e9mico<\/strong>, durante el cual se entregar\u00e1n <strong>medallas por 25 a\u00f1os de trayectoria profesional<\/strong> a:<\/p>\n\n\n\n<ul class=\"wp-block-list\">\n<li>Dra. Natalia \u00c1lvarez<\/li>\n\n\n\n<li>Dra. Mar\u00eda Ercilia Castro<\/li>\n\n\n\n<li>Dra. Mar\u00eda Ver\u00f3nica Dettano<\/li>\n\n\n\n<li>Dr. Sergio Fern\u00e1ndez<\/li>\n\n\n\n<li>Dra. F\u00e1tima Gorosito<\/li>\n\n\n\n<li>Dra. Ana Mar\u00eda Marrone<\/li>\n\n\n\n<li>Dra. Lucrecia Mesa Paccioretti<\/li>\n\n\n\n<li>Dra. Mar\u00eda Fernanda Picchi<\/li>\n\n\n\n<li>Dr. Walter Ravipinto<\/li>\n\n\n\n<li>Dr. Santiago Serrano<\/li>\n<\/ul>\n\n\n\n<p>Asimismo, recibir\u00e1n <strong>medallas por 50 a\u00f1os en el ejercicio de la profesi\u00f3n<\/strong>:<\/p>\n\n\n\n<ul class=\"wp-block-list\">\n<li>Dra. Ana Mar\u00eda Bibiloni<\/li>\n\n\n\n<li>Dra. \u00c9lida Fre<\/li>\n\n\n\n<li>Dr. Aldo Lauhirat<\/li>\n\n\n\n<li>Dr. Ra\u00fal Mangano<\/li>\n\n\n\n<li>Dr. Horacio Noseda<\/li>\n\n\n\n<li>Dr. Isidoro N\u00fa\u00f1ez<\/li>\n<\/ul>\n\n\n\n<p>Durante el mismo acto, la <strong>Caja de Previsi\u00f3n y Seguro M\u00e9dico de la Provincia de Buenos Aires<\/strong> otorgar\u00e1 <strong>diplomas por jubilaci\u00f3n<\/strong> a los siguientes profesionales:<\/p>\n\n\n\n<ul class=\"wp-block-list\">\n<li>Dra. Stella Maris Guido<\/li>\n\n\n\n<li>Dr. Juan Rieu<\/li>\n\n\n\n<li>Dra. Mirta In\u00e9s Rodr\u00edguez<\/li>\n<\/ul>\n\n\n\n<p>Adem\u00e1s, la instituci\u00f3n realizar\u00e1 un <strong>reconocimiento especial<\/strong> a su gerente, <strong>Mar\u00eda del Carmen Abad<\/strong>, quien en mayo cumpli\u00f3 <strong>40 a\u00f1os de actividad<\/strong> en la entidad.<\/p>\n","protected":false},"excerpt":{"rendered":"<p>Habr\u00e1 un acto en el cementerio local y una ceremonia acad\u00e9mica en la sede de la entidad. Se entregar\u00e1n medallas<\/p>\n","protected":false},"author":2,"featured_media":127621,"comment_status":"closed","ping_status":"closed","sticky":false,"template":"","format":"standard","meta":{"_jetpack_memberships_contains_paid_content":false,"footnotes":""},"categories":[5,1],"tags":[],"class_list":["post-188809","post","type-post","status-publish","format-standard","has-post-thumbnail","hentry","category-informacion-general","category-portada"],"jetpack_featured_media_url":"https:\/\/i0.wp.com\/cdnoticias.com\/wp-content\/uploads\/2024\/10\/circulo-medico-olavarria1.jpg?fit=1072%2C597&ssl=1","jetpack_sharing_enabled":true,"_links":{"self":[{"href":"https:\/\/cdnoticias.com\/index.php\/wp-json\/wp\/v2\/posts\/188809","targetHints":{"allow":["GET"]}}],"collection":[{"href":"https:\/\/cdnoticias.com\/index.php\/wp-json\/wp\/v2\/posts"}],"about":[{"href":"https:\/\/cdnoticias.com\/index.php\/wp-json\/wp\/v2\/types\/post"}],"author":[{"embeddable":true,"href":"https:\/\/cdnoticias.com\/index.php\/wp-json\/wp\/v2\/users\/2"}],"replies":[{"embeddable":true,"href":"https:\/\/cdnoticias.com\/index.php\/wp-json\/wp\/v2\/comments?post=188809"}],"version-history":[{"count":0,"href":"https:\/\/cdnoticias.com\/index.php\/wp-json\/wp\/v2\/posts\/188809\/revisions"}],"wp:featuredmedia":[{"embeddable":true,"href":"https:\/\/cdnoticias.com\/index.php\/wp-json\/wp\/v2\/media\/127621"}],"wp:attachment":[{"href":"https:\/\/cdnoticias.com\/index.php\/wp-json\/wp\/v2\/media?parent=188809"}],"wp:term":[{"taxonomy":"category","embeddable":true,"href":"https:\/\/cdnoticias.com\/index.php\/wp-json\/wp\/v2\/categories?post=188809"},{"taxonomy":"post_tag","embeddable":true,"href":"https:\/\/cdnoticias.com\/index.php\/wp-json\/wp\/v2\/tags?post=188809"}],"curies":[{"name":"wp","href":"https:\/\/api.w.org\/{rel}","templated":true}]}}