{"id":188806,"date":"2025-11-28T08:20:58","date_gmt":"2025-11-28T11:20:58","guid":{"rendered":"https:\/\/cdnoticias.com\/?p=188806"},"modified":"2025-11-28T08:21:00","modified_gmt":"2025-11-28T11:21:00","slug":"actividades-alusivas-al-dia-internacional-de-las-personas-con-discapacidad","status":"publish","type":"post","link":"https:\/\/cdnoticias.com\/index.php\/2025\/11\/28\/actividades-alusivas-al-dia-internacional-de-las-personas-con-discapacidad\/","title":{"rendered":"Actividades alusivas al D\u00eda Internacional de las Personas con Discapacidad"},"content":{"rendered":"\n<p>La propuesta ser\u00e1 el 2 y 3 de diciembre en el Centro Cultural San Jos\u00e9.\u00a0Habr\u00e1 charlas, talleres, conversatorios y la muestra anual de la Escuela Art\u00edstica Integrada.<\/p>\n\n\n\n<hr class=\"wp-block-separator aligncenter has-alpha-channel-opacity\"\/>\n\n\n\n<p>Se invita a la comunidad a participar de las<strong> actividades que se enmarcar\u00e1n en el D\u00eda Internacional de las Personas Con Discapacidad,<\/strong> que s<strong>e conmemora cada 3 de diciembre.\u00a0<\/strong><\/p>\n\n\n\n<p><\/p>\n\n\n\n<p>Ser\u00e1n <strong>dos jornadas con m\u00faltiples propuestas, <\/strong>que tendr\u00e1n como sede el <strong>Centro Cultural Municipal San Jos\u00e9, <\/strong>que albergar\u00e1 <strong>charlas, talleres, conversatorios y la muestra anual de la Escuela Art\u00edstica Integrada.<\/strong><\/p>\n\n\n\n<p><\/p>\n\n\n\n<p>El programa de propuestas es coordinado desde la Direcci\u00f3n de Personas con Discapacidad, pero en corresponsabilidad y articulaci\u00f3n con distintas \u00e1reas municipales.<\/p>\n\n\n\n<p><\/p>\n\n\n\n<blockquote class=\"wp-block-quote is-layout-flow wp-block-quote-is-layout-flow\">\n<p>La jornada se iniciar\u00e1 el martes 2 de diciembre, desde las 9:30, con el cierre anual de la Escuela Art\u00edstica Integrada, la cual incluir\u00e1 la Muestra de Taller de Teatro con la obra \u201cEl colectivo\u201d, la muestra est\u00e1tica del taller de pl\u00e1stica y tridimensi\u00f3n y la muestra de danza con expresi\u00f3n corporal y danzas folkl\u00f3ricas. Adem\u00e1s, se contar\u00e1 con un baile de cierre.<\/p>\n<\/blockquote>\n\n\n\n<p><\/p>\n\n\n\n<p>La propuesta c<strong>ontinuar\u00e1 el mi\u00e9rcoles 3 de diciembre,<\/strong> en la sala auditorio, donde se llevar\u00e1 a cabo el <strong>Conversatorio \u201cDerechos sexuales y Discapacidad: di\u00e1logos para transformar\u201d. <\/strong><\/p>\n\n\n\n<p><\/p>\n\n\n\n<p>Ser\u00e1 <strong>a partir de las 9 horas<\/strong>, destinado a equipos de instituciones que trabajan la tem\u00e1tica. Las personas interesadas deber\u00e1n anotarse previamente a trav\u00e9s del formulario de inscripci\u00f3n al que se accede haciendo <a href=\"https:\/\/docs.google.com\/forms\/d\/13KokYxNhJ6hgK-jWAsWBW9lxg3ihv03IauQ0HHat1Fc\/edit?usp=drive_web&amp;ouid=117901735885854863285\" target=\"_blank\" rel=\"noreferrer noopener\"><strong>click aqu\u00ed<\/strong><\/a>.<\/p>\n\n\n\n<p><\/p>\n\n\n\n<p>A la par, en la sala 5, donde desde las 9:30 se llevar\u00e1 a cabo un<strong> taller para personas mayores que estar\u00e1 a cargo de Talleres Protegidos de Olavarr\u00eda<\/strong>. Por \u00faltimo, a las 10:30, se realizar\u00e1 la charla abierta a la comunidad <strong>\u201cConvivir con la diversidad\u201d<\/strong>. Tambi\u00e9n cuenta con inscripci\u00f3n previa, por lo que se invita a completar el siguiente <a href=\"https:\/\/pem.olavarria.gov.ar\/sistema-formularios\/#\/form\/08wYgVOl3x\/b0JayooY8R\" target=\"_blank\" rel=\"noreferrer noopener\">formulario online<\/a>. La propuesta es abierta a toda la comunidad.<\/p>\n\n\n\n<p><\/p>\n","protected":false},"excerpt":{"rendered":"<p>La propuesta ser\u00e1 el 2 y 3 de diciembre en el Centro Cultural San Jos\u00e9.\u00a0Habr\u00e1 charlas, talleres, conversatorios y la<\/p>\n","protected":false},"author":6,"featured_media":176747,"comment_status":"closed","ping_status":"closed","sticky":false,"template":"","format":"standard","meta":{"_jetpack_memberships_contains_paid_content":false,"footnotes":""},"categories":[5,1],"tags":[],"class_list":["post-188806","post","type-post","status-publish","format-standard","has-post-thumbnail","hentry","category-informacion-general","category-portada"],"jetpack_featured_media_url":"https:\/\/i0.wp.com\/cdnoticias.com\/wp-content\/uploads\/2025\/07\/centro-cultural-municipal-san-jose-1.jpeg?fit=1000%2C563&ssl=1","jetpack_sharing_enabled":true,"_links":{"self":[{"href":"https:\/\/cdnoticias.com\/index.php\/wp-json\/wp\/v2\/posts\/188806","targetHints":{"allow":["GET"]}}],"collection":[{"href":"https:\/\/cdnoticias.com\/index.php\/wp-json\/wp\/v2\/posts"}],"about":[{"href":"https:\/\/cdnoticias.com\/index.php\/wp-json\/wp\/v2\/types\/post"}],"author":[{"embeddable":true,"href":"https:\/\/cdnoticias.com\/index.php\/wp-json\/wp\/v2\/users\/6"}],"replies":[{"embeddable":true,"href":"https:\/\/cdnoticias.com\/index.php\/wp-json\/wp\/v2\/comments?post=188806"}],"version-history":[{"count":0,"href":"https:\/\/cdnoticias.com\/index.php\/wp-json\/wp\/v2\/posts\/188806\/revisions"}],"wp:featuredmedia":[{"embeddable":true,"href":"https:\/\/cdnoticias.com\/index.php\/wp-json\/wp\/v2\/media\/176747"}],"wp:attachment":[{"href":"https:\/\/cdnoticias.com\/index.php\/wp-json\/wp\/v2\/media?parent=188806"}],"wp:term":[{"taxonomy":"category","embeddable":true,"href":"https:\/\/cdnoticias.com\/index.php\/wp-json\/wp\/v2\/categories?post=188806"},{"taxonomy":"post_tag","embeddable":true,"href":"https:\/\/cdnoticias.com\/index.php\/wp-json\/wp\/v2\/tags?post=188806"}],"curies":[{"name":"wp","href":"https:\/\/api.w.org\/{rel}","templated":true}]}}