{"id":188799,"date":"2025-11-25T16:59:37","date_gmt":"2025-11-25T19:59:37","guid":{"rendered":"https:\/\/cdnoticias.com\/?p=188799"},"modified":"2025-11-25T16:59:38","modified_gmt":"2025-11-25T19:59:38","slug":"dos-muertos-y-decenas-de-heridos-tras-el-vuelco-de-un-micro-en-la-ruta-2","status":"publish","type":"post","link":"https:\/\/cdnoticias.com\/index.php\/2025\/11\/25\/dos-muertos-y-decenas-de-heridos-tras-el-vuelco-de-un-micro-en-la-ruta-2\/","title":{"rendered":"Dos muertos y decenas de heridos tras el vuelco de un micro en la Ruta 2"},"content":{"rendered":"\n<p>El colectivo transportaba 56 pasajeros rumbo a Mar del Plata cuando volc\u00f3 a la altura de General Pir\u00e1n. El chofer qued\u00f3 aprehendido y se investiga si se habr\u00eda dormido al volante.<\/p>\n\n\n\n<hr class=\"wp-block-separator aligncenter has-alpha-channel-opacity\"\/>\n\n\n\n<p>Un <strong>micro de larga distancia de la empresa Turismo New Bus volc\u00f3 este jueves en la Ruta 2, a la altura de General Pir\u00e1n,<\/strong> en un siniestro que dej\u00f3 al menos dos personas fallecidas y 44 heridas, dos de ellas de gravedad. El accidente ocurri\u00f3 minutos antes de las 8 en el <strong>kil\u00f3metro 325 de la autov\u00eda, mano a Mar del Plata, en un contexto de buenas condiciones clim\u00e1ticas y del estado de la ruta. El colectivo transportaba 56 pasajeros.<\/strong><\/p>\n\n\n\n<p>Fuentes oficiales indicaron que el micro \u201c<em>por razones que se tratan de establecer vuelca en cantero central sentido ascendente (hacia Mar del Plata) del km 325 de la Autov\u00eda Provincial 2 Juan Manuel Fangio\u201d. <\/em><strong>El chofer del veh\u00edculo, que dio negativo en el test de alcoholemia, qued\u00f3 aprehendido. La principal hip\u00f3tesis es que se habr\u00eda dormido al volante y no logr\u00f3 doblar en la curva del kil\u00f3metro 325.<\/strong><\/p>\n\n\n\n<p>Los pasajeros hab\u00edan salido de Mor\u00f3n, Moreno y Ciudadela con destino a Mar del Plata para participar del 1\u00ba Encuentro Internacional de H\u00e1bitat Popular organizado por el OPISU. <strong>La actividad fue suspendida tras el siniestro. Desde el organismo aclararon que las personas a bordo<em> \u201ceran participantes de un encuentro de H\u00e1bitat y no formaban parte de ning\u00fan acto pol\u00edtico\u201d.<\/em><\/strong><\/p>\n\n\n\n<p>El fiscal Germ\u00e1n Vera Tapia, de la Fiscal\u00eda de Delitos Culposos N\u00b010 de Mar del Plata, inform\u00f3<em>: \u201cTenemos 28 heridos en Pir\u00e1n, 12 en Vidal y 4 en el HIGA, los cuales est\u00e1n m\u00e1s graves pero fuera de peligro\u201d.<\/em> A\u00f1adi\u00f3 que se aguarda la llegada de una gr\u00faa de AUBASA para retirar el micro, que <strong>qued\u00f3 hundido en un zanj\u00f3n, y que Polic\u00eda Cient\u00edfica trabaja en la determinaci\u00f3n de la trayectoria previa al hecho.<\/strong><\/p>\n\n\n\n<p>Vera Tapia expres\u00f3 que<strong> tres sobrevivientes afirmaron no haber percibido maniobras irregulares antes de la ca\u00edda.<\/strong> Se\u00f1al\u00f3 que, en principio, se descarta una tercera v\u00edctima. Tambi\u00e9n mencion\u00f3 que las dos personas fallecidas ser\u00edan mujeres, aunque a\u00fan se aguardaba confirmaci\u00f3n.<strong> Todas las personas a bordo eran mayores de edad y oriundas de la zona oeste del Gran Buenos Aires.<\/strong><\/p>\n\n\n\n<p>El fiscal explic\u00f3 que<strong> el chofer qued\u00f3 imputado por homicidio culposo y lesiones culposas y deber\u00e1 prestar declaraci\u00f3n en las pr\u00f3ximas horas. <\/strong>En el lugar trabajaron Bomberos Voluntarios de General Pir\u00e1n y Coronel Vidal, adem\u00e1s de ambulancias de AUBASA y hospitales de la zona, que realizaron el traslado y la asistencia de los heridos.<\/p>\n","protected":false},"excerpt":{"rendered":"<p>El colectivo transportaba 56 pasajeros rumbo a Mar del Plata cuando volc\u00f3 a la altura de General Pir\u00e1n. El chofer<\/p>\n","protected":false},"author":2,"featured_media":188800,"comment_status":"closed","ping_status":"closed","sticky":false,"template":"","format":"standard","meta":{"_jetpack_memberships_contains_paid_content":false,"footnotes":""},"categories":[6,1],"tags":[],"class_list":["post-188799","post","type-post","status-publish","format-standard","has-post-thumbnail","hentry","category-nacionales","category-portada"],"jetpack_featured_media_url":"https:\/\/i0.wp.com\/cdnoticias.com\/wp-content\/uploads\/2025\/11\/choque-colectivo.jpg?fit=895%2C502&ssl=1","jetpack_sharing_enabled":true,"_links":{"self":[{"href":"https:\/\/cdnoticias.com\/index.php\/wp-json\/wp\/v2\/posts\/188799","targetHints":{"allow":["GET"]}}],"collection":[{"href":"https:\/\/cdnoticias.com\/index.php\/wp-json\/wp\/v2\/posts"}],"about":[{"href":"https:\/\/cdnoticias.com\/index.php\/wp-json\/wp\/v2\/types\/post"}],"author":[{"embeddable":true,"href":"https:\/\/cdnoticias.com\/index.php\/wp-json\/wp\/v2\/users\/2"}],"replies":[{"embeddable":true,"href":"https:\/\/cdnoticias.com\/index.php\/wp-json\/wp\/v2\/comments?post=188799"}],"version-history":[{"count":0,"href":"https:\/\/cdnoticias.com\/index.php\/wp-json\/wp\/v2\/posts\/188799\/revisions"}],"wp:featuredmedia":[{"embeddable":true,"href":"https:\/\/cdnoticias.com\/index.php\/wp-json\/wp\/v2\/media\/188800"}],"wp:attachment":[{"href":"https:\/\/cdnoticias.com\/index.php\/wp-json\/wp\/v2\/media?parent=188799"}],"wp:term":[{"taxonomy":"category","embeddable":true,"href":"https:\/\/cdnoticias.com\/index.php\/wp-json\/wp\/v2\/categories?post=188799"},{"taxonomy":"post_tag","embeddable":true,"href":"https:\/\/cdnoticias.com\/index.php\/wp-json\/wp\/v2\/tags?post=188799"}],"curies":[{"name":"wp","href":"https:\/\/api.w.org\/{rel}","templated":true}]}}