{"id":188796,"date":"2025-11-25T17:30:07","date_gmt":"2025-11-25T20:30:07","guid":{"rendered":"https:\/\/cdnoticias.com\/?p=188796"},"modified":"2025-11-25T17:30:09","modified_gmt":"2025-11-25T20:30:09","slug":"muestra-anual-de-centros-recreativos-municipales-y-encuentro-de-personas-mayores","status":"publish","type":"post","link":"https:\/\/cdnoticias.com\/index.php\/2025\/11\/25\/muestra-anual-de-centros-recreativos-municipales-y-encuentro-de-personas-mayores\/","title":{"rendered":"Muestra Anual de Centros Recreativos Municipales y Encuentro de Personas Mayores"},"content":{"rendered":"\n<p>Se llevar\u00e1 a cabo el jueves 27 de noviembre en el Centro Cultural Municipal \u201cSan Jos\u00e9\u201d. Las personas participantes podr\u00e1n disfrutar de juegos tradicionales, desaf\u00edos cognitivos, tejo, baile, m\u00fasica, sorteos, desfiles y m\u00e1s. <\/p>\n\n\n\n<hr class=\"wp-block-separator aligncenter has-alpha-channel-opacity\"\/>\n\n\n\n<p>Se invita a participar de la <strong>Muestra Anual de Centros Recreativos Municipales y Encuentro de Personas Mayores, <\/strong>que se llevar\u00e1 a cabo el d\u00eda<strong> jueves 27 de noviembre, de 15 a 18 horas, en el Centro Cultural Municipal \u201cSan Jos\u00e9<\/strong>\u201d.<\/p>\n\n\n\n<p><\/p>\n\n\n\n<blockquote class=\"wp-block-quote is-layout-flow wp-block-quote-is-layout-flow\">\n<p>La actividad contar\u00e1 con la presencia de docentes y alumnos que forman parte del programa y se invita a toda la comunidad a compartir una mateada y conocer las producciones de los cursos de peluquer\u00eda, panificado, pintura en tela, tejido y bordado, manualidades y reciclado.<\/p>\n<\/blockquote>\n\n\n\n<p><\/p>\n\n\n\n<p>Los objetivos de los Centros Recreativos Municipales son <strong>crear entornos de aprendizaje, brindar contenci\u00f3n social y proporcionar herramientas para oportunidades laborales.<\/strong> Se trata de espacios que permiten potenciar la creatividad y el desarrollo personal y compartir distintas actividades en comunidad.<\/p>\n\n\n\n<p><\/p>\n\n\n\n<p>Cabe se\u00f1alar que este a\u00f1o la propuesta de actividades fue adecuada seg\u00fan el <strong>relevamiento de intereses de la poblaci\u00f3n<\/strong> sobre estos centros, que surge de las reuniones de Mesas de Gesti\u00f3n Territorial.<\/p>\n\n\n\n<p><\/p>\n\n\n\n<p>La Muestra Anual de Centros Recreativos Municipales y Encuentro de Personas Mayores es organizada por la Direcci\u00f3n de Gesti\u00f3n Territorial en forma conjunta con la Coordinaci\u00f3n de Personas Mayores. La articulaci\u00f3n de las \u00e1reas surge ya que gran parte de la matr\u00edcula participante de los talleres de los Centros Recreativos son personas mayores, incluso las docentes.\u00a0<\/p>\n\n\n\n<p><\/p>\n\n\n\n<p>Adem\u00e1s, se pondera el trabajo interinstitucional, pues desde la Coordinaci\u00f3n de Personas Mayores se sostiene que no solo se trata de una muestra anual, sino de <strong>crear espacios de visibilizaci\u00f3n de las personas mayores<\/strong>, reconociendo que <strong>no hay edad limitante para aprender y ense\u00f1ar, <\/strong>entendiendo es un derecho y desde la recreaci\u00f3n y el esparcimiento se busca promover.<\/p>\n\n\n\n<p><\/p>\n\n\n\n<blockquote class=\"wp-block-quote is-layout-flow wp-block-quote-is-layout-flow\">\n<p>En la jornada adem\u00e1s de la muestra, las personas participantes podr\u00e1n disfrutar de juegos tradicionales, desaf\u00edos cognitivos, tejo, baile, m\u00fasica, sorteos, desfiles y m\u00e1s. Ser\u00e1n participantes del encuentro Escuelas Primarias de Adultos, Centros de Jubilados de la ciudad y localidades, grupos de personas mayores de la comunidad, miembros de Talleres de Estimulaci\u00f3n Cognitiva para Personas Mayores, participante del taller de Tardes de Trivia, y personas interesadas de la comunidad.<\/p>\n<\/blockquote>\n\n\n\n<p><\/p>\n\n\n\n<p>Durante 2025 <strong>se desarrollaron 11 Centros Recreativos <\/strong>en distintos puntos del Partido de Olavarr\u00eda, <strong>brindando actividades a unas 250 personas.<\/strong> Los Centros Recreativos que se implementaron este a\u00f1o fueron:<\/p>\n\n\n\n<p>\u2013 Reposter\u00eda y Panificados<br>Junta Vecinal Amparo Castro<\/p>\n\n\n\n<p>\u2013 Peluquer\u00eda<br>Nido Villa Magdalena<\/p>\n\n\n\n<p>\u2013 Manualidades y Reciclado<br>Centro Deportivo y Recreativo Diego Armando Maradona<\/p>\n\n\n\n<p>\u2013 Peluquer\u00eda<br>Centro Deportivo y Recreativo Diego Armando Maradona<\/p>\n\n\n\n<p>\u2013 Pintura en tela<br>Biblioteca H\u00e9ctor Amoroso<\/p>\n\n\n\n<p>\u2013 Pintura en tela<br>Museo Loma Negra<\/p>\n\n\n\n<p>\u2013 Manualidades y reciclado<br>Club La Amistad<\/p>\n\n\n\n<p>\u2013 Tejido y Bordado<br>Museo Loma Negra<\/p>\n\n\n\n<p>\u2013 Manualidades y Tejido<br>Junta Vecinal Amparo Castro<\/p>\n\n\n\n<p>\u2013 Tejido y Bordado<br>Centro Integrador Comunitario<\/p>\n\n\n\n<p>\u2013 Reposter\u00eda y Panificados<br>Servicio Municipal Territorial 1<\/p>\n","protected":false},"excerpt":{"rendered":"<p>Se llevar\u00e1 a cabo el jueves 27 de noviembre en el Centro Cultural Municipal \u201cSan Jos\u00e9\u201d. Las personas participantes podr\u00e1n<\/p>\n","protected":false},"author":6,"featured_media":176746,"comment_status":"closed","ping_status":"closed","sticky":false,"template":"","format":"standard","meta":{"_jetpack_memberships_contains_paid_content":false,"footnotes":""},"categories":[9,1],"tags":[],"class_list":["post-188796","post","type-post","status-publish","format-standard","has-post-thumbnail","hentry","category-cultura","category-portada"],"jetpack_featured_media_url":"https:\/\/i0.wp.com\/cdnoticias.com\/wp-content\/uploads\/2025\/07\/centro-cultural-municipal-san-jose-2.jpeg?fit=1000%2C556&ssl=1","jetpack_sharing_enabled":true,"_links":{"self":[{"href":"https:\/\/cdnoticias.com\/index.php\/wp-json\/wp\/v2\/posts\/188796","targetHints":{"allow":["GET"]}}],"collection":[{"href":"https:\/\/cdnoticias.com\/index.php\/wp-json\/wp\/v2\/posts"}],"about":[{"href":"https:\/\/cdnoticias.com\/index.php\/wp-json\/wp\/v2\/types\/post"}],"author":[{"embeddable":true,"href":"https:\/\/cdnoticias.com\/index.php\/wp-json\/wp\/v2\/users\/6"}],"replies":[{"embeddable":true,"href":"https:\/\/cdnoticias.com\/index.php\/wp-json\/wp\/v2\/comments?post=188796"}],"version-history":[{"count":0,"href":"https:\/\/cdnoticias.com\/index.php\/wp-json\/wp\/v2\/posts\/188796\/revisions"}],"wp:featuredmedia":[{"embeddable":true,"href":"https:\/\/cdnoticias.com\/index.php\/wp-json\/wp\/v2\/media\/176746"}],"wp:attachment":[{"href":"https:\/\/cdnoticias.com\/index.php\/wp-json\/wp\/v2\/media?parent=188796"}],"wp:term":[{"taxonomy":"category","embeddable":true,"href":"https:\/\/cdnoticias.com\/index.php\/wp-json\/wp\/v2\/categories?post=188796"},{"taxonomy":"post_tag","embeddable":true,"href":"https:\/\/cdnoticias.com\/index.php\/wp-json\/wp\/v2\/tags?post=188796"}],"curies":[{"name":"wp","href":"https:\/\/api.w.org\/{rel}","templated":true}]}}