{"id":188702,"date":"2025-11-24T23:53:37","date_gmt":"2025-11-25T02:53:37","guid":{"rendered":"https:\/\/cdnoticias.com\/?p=188702"},"modified":"2025-11-25T08:25:52","modified_gmt":"2025-11-25T11:25:52","slug":"fiesta-158o-aniversario-mas-de-60-000-olavarrienses-nos-hemos-encontrado","status":"publish","type":"post","link":"https:\/\/cdnoticias.com\/index.php\/2025\/11\/24\/fiesta-158o-aniversario-mas-de-60-000-olavarrienses-nos-hemos-encontrado\/","title":{"rendered":"Fiesta 158\u00ba Aniversario: \u201cM\u00e1s de 60.000 olavarrienses nos hemos encontrado\u201d"},"content":{"rendered":"<p>El intendente Maximiliano Wesner destac\u00f3 la convocatoria en el Parque Helios Eseverri a lo largo de este lunes. Adem\u00e1s, valor\u00f3 que \u201cno solamente dinamiza la festividad, la alegr\u00eda, sino que nuestra econom\u00eda\u201d.<!--more--><\/p>\n<hr \/>\n<p><strong>\u201cEstoy muy contento porque hoy vino a celebrar a la familia\u201d<\/strong> dijo <strong>Maximiliano Wesner<\/strong> en una breve conferencia de prensa que se improvis\u00f3 en el Parque Helios Eseverri en el marco de la<strong> Fiesta por el Aniversario de la Fundaci\u00f3n de Olavarr\u00eda<\/strong>. Adem\u00e1s, se\u00f1al\u00f3 que<em> \u201cpor fin una vez nos acompa\u00f1\u00f3 el clima\u201d<\/em> y agreg\u00f3 que<em> \u201ceste fiest\u00f3n son los 158 a\u00f1os de la ciudad\u201d<\/em>.<\/p>\n<p>El Intendente habl\u00f3 minutos antes de la medianoche con los medios locales, despu\u00e9s de <a href=\"https:\/\/cdnoticias.com\/index.php\/2025\/11\/24\/maximiliano-wesner-esta-vibrando-en-este-hermoso-parque-nuestra-verdadera-identidad\/\" target=\"_blank\" rel=\"noopener\">haberse expresado en el escenario<\/a> ante los asistentes. As\u00ed <strong>confirm\u00f3 que la asistencia lleg\u00f3 a 60.000 personas a lo largo de la jornada<\/strong>.<\/p>\n<p><img data-recalc-dims=\"1\" loading=\"lazy\" decoding=\"async\" class=\"alignnone size-full wp-image-188693 aligncenter\" src=\"https:\/\/i0.wp.com\/cdnoticias.com\/wp-content\/uploads\/2025\/11\/fiesta-aniversario-de-olavarria-34-wesner.jpg?resize=800%2C533&#038;ssl=1\" alt=\"\" width=\"800\" height=\"533\" srcset=\"https:\/\/i0.wp.com\/cdnoticias.com\/wp-content\/uploads\/2025\/11\/fiesta-aniversario-de-olavarria-34-wesner.jpg?w=1000&amp;ssl=1 1000w, https:\/\/i0.wp.com\/cdnoticias.com\/wp-content\/uploads\/2025\/11\/fiesta-aniversario-de-olavarria-34-wesner.jpg?resize=300%2C200&amp;ssl=1 300w, https:\/\/i0.wp.com\/cdnoticias.com\/wp-content\/uploads\/2025\/11\/fiesta-aniversario-de-olavarria-34-wesner.jpg?resize=768%2C511&amp;ssl=1 768w, https:\/\/i0.wp.com\/cdnoticias.com\/wp-content\/uploads\/2025\/11\/fiesta-aniversario-de-olavarria-34-wesner.jpg?resize=272%2C182&amp;ssl=1 272w\" sizes=\"auto, (max-width: 800px) 100vw, 800px\" \/><\/p>\n<blockquote><p>\u201cEs una fiesta como la historia misma de Olavarr\u00eda, que la construimos entre todos\u201d subray\u00f3 para a\u00f1adir que el evento \u201cno solamente dinamiza la festividad, la alegr\u00eda, sino que nuestra econom\u00eda local, porque sinceramente hoy han pasado m\u00e1s de 60.000 personas que consumieron, que estuvieron, que celebraron\u201d.<\/p><\/blockquote>\n<p>En ese sentido, expres\u00f3 que desde la gesti\u00f3n del Municipio \u201cnosotros intentamos potenciarlo, generar y conectar esa econom\u00eda de cercan\u00eda, que lo venimos haciendo durante todo el a\u00f1o, pero <strong>aprovechamos los eventos multitudinarios como este, con el talento local\u201d<\/strong>. M\u00e1s adelante se refiri\u00f3 a los artistas de nuestra ciudad que formaron parte de los espect\u00e1culos en el escenario principal: <strong>\u201cson artistas olavarrienses que hay que ponerlos en valor\u201d<\/strong>.<em> \u201cLa verdad que para nosotros es un orgullo representar a este talento olavarriense\u201d<\/em> complet\u00f3.<\/p>\n<p><img data-recalc-dims=\"1\" loading=\"lazy\" decoding=\"async\" class=\"alignnone size-full wp-image-188691 aligncenter\" src=\"https:\/\/i0.wp.com\/cdnoticias.com\/wp-content\/uploads\/2025\/11\/fiesta-aniversario-de-olavarria-25-wesner.jpg?resize=800%2C445&#038;ssl=1\" alt=\"\" width=\"800\" height=\"445\" srcset=\"https:\/\/i0.wp.com\/cdnoticias.com\/wp-content\/uploads\/2025\/11\/fiesta-aniversario-de-olavarria-25-wesner.jpg?w=1000&amp;ssl=1 1000w, https:\/\/i0.wp.com\/cdnoticias.com\/wp-content\/uploads\/2025\/11\/fiesta-aniversario-de-olavarria-25-wesner.jpg?resize=300%2C167&amp;ssl=1 300w, https:\/\/i0.wp.com\/cdnoticias.com\/wp-content\/uploads\/2025\/11\/fiesta-aniversario-de-olavarria-25-wesner.jpg?resize=768%2C427&amp;ssl=1 768w, https:\/\/i0.wp.com\/cdnoticias.com\/wp-content\/uploads\/2025\/11\/fiesta-aniversario-de-olavarria-25-wesner.jpg?resize=800%2C445&amp;ssl=1 800w\" sizes=\"auto, (max-width: 800px) 100vw, 800px\" \/><\/p>\n<p>Por \u00faltimo, adelant\u00f3 que desde el Municipio se preparan numerosas propuestas culturales<strong> para el verano, \u201cuna grilla enorme, que no solamente tiene la caracter\u00edstica de ser estival<\/strong>, sino que es continua de todo el a\u00f1o\u201d.<\/p>\n<blockquote><p>Wesner remarc\u00f3 que para la gesti\u00f3n que encabeza \u201cla cultura es una industria\u201d que \u201cdinamiza todo nuestro encuentro\u201d. Y retom\u00f3 sus definiciones iniciales: \u201choy m\u00e1s de 60.000 olavarrienses nos hemos encontrado en este hermoso Parque, en la previa de los 158 a\u00f1os de la ciudad. Creo que estuvimos a la altura de las circunstancias\u201d.<\/p><\/blockquote>\n","protected":false},"excerpt":{"rendered":"<p>El intendente Maximiliano Wesner destac\u00f3 la convocatoria en el Parque Helios Eseverri a lo largo de este lunes. Adem\u00e1s, valor\u00f3<\/p>\n","protected":false},"author":4,"featured_media":188694,"comment_status":"closed","ping_status":"closed","sticky":false,"template":"","format":"standard","meta":{"_jetpack_memberships_contains_paid_content":false,"footnotes":""},"categories":[9,1],"tags":[],"class_list":["post-188702","post","type-post","status-publish","format-standard","has-post-thumbnail","hentry","category-cultura","category-portada"],"jetpack_featured_media_url":"https:\/\/i0.wp.com\/cdnoticias.com\/wp-content\/uploads\/2025\/11\/fiesta-aniversario-de-olavarria-33-wesner.jpg?fit=1000%2C556&ssl=1","jetpack_sharing_enabled":true,"_links":{"self":[{"href":"https:\/\/cdnoticias.com\/index.php\/wp-json\/wp\/v2\/posts\/188702","targetHints":{"allow":["GET"]}}],"collection":[{"href":"https:\/\/cdnoticias.com\/index.php\/wp-json\/wp\/v2\/posts"}],"about":[{"href":"https:\/\/cdnoticias.com\/index.php\/wp-json\/wp\/v2\/types\/post"}],"author":[{"embeddable":true,"href":"https:\/\/cdnoticias.com\/index.php\/wp-json\/wp\/v2\/users\/4"}],"replies":[{"embeddable":true,"href":"https:\/\/cdnoticias.com\/index.php\/wp-json\/wp\/v2\/comments?post=188702"}],"version-history":[{"count":0,"href":"https:\/\/cdnoticias.com\/index.php\/wp-json\/wp\/v2\/posts\/188702\/revisions"}],"wp:featuredmedia":[{"embeddable":true,"href":"https:\/\/cdnoticias.com\/index.php\/wp-json\/wp\/v2\/media\/188694"}],"wp:attachment":[{"href":"https:\/\/cdnoticias.com\/index.php\/wp-json\/wp\/v2\/media?parent=188702"}],"wp:term":[{"taxonomy":"category","embeddable":true,"href":"https:\/\/cdnoticias.com\/index.php\/wp-json\/wp\/v2\/categories?post=188702"},{"taxonomy":"post_tag","embeddable":true,"href":"https:\/\/cdnoticias.com\/index.php\/wp-json\/wp\/v2\/tags?post=188702"}],"curies":[{"name":"wp","href":"https:\/\/api.w.org\/{rel}","templated":true}]}}