{"id":188664,"date":"2025-11-25T08:22:32","date_gmt":"2025-11-25T11:22:32","guid":{"rendered":"https:\/\/cdnoticias.com\/?p=188664"},"modified":"2025-11-25T10:20:47","modified_gmt":"2025-11-25T13:20:47","slug":"axel-kicillof-apuesta-a-tener-esta-semana-un-paquete-de-leyes-economicas-clave","status":"publish","type":"post","link":"https:\/\/cdnoticias.com\/index.php\/2025\/11\/25\/axel-kicillof-apuesta-a-tener-esta-semana-un-paquete-de-leyes-economicas-clave\/","title":{"rendered":"Axel Kicillof apuesta a tener esta semana un paquete de leyes econ\u00f3micas clave"},"content":{"rendered":"<p>La Legislatura tratar\u00e1 este mi\u00e9rcoles el Presupuesto y la Ley Impositiva. El endeudamiento por m\u00e1s de US$ 3.000 millones est\u00e1 en negociaci\u00f3n.<!--more--><\/p>\n<hr \/>\n<p>La <strong>semana<\/strong> que arranca, corta por el feriado del lunes, puede ser <strong>clave para el futuro de las finanzas de la provincia<\/strong> de Buenos Aires. Es que en el primer d\u00eda h\u00e1bil <strong>Diputados buscar\u00e1 sacar el dictamen por el endeudamiento<\/strong> y el mi\u00e9rcoles aprobar <strong>el Presupuesto y la Ley Fiscal Impositiva<\/strong>, algo que ese mismo d\u00eda intentar\u00e1 <strong>sancionar el Senado.<\/strong><\/p>\n<p>El proyecto de financiamiento, para el que el oficialismo <strong>necesita dos tercios de manos a favor en ambas c\u00e1maras<\/strong> para ser aprobado, tiene dos grandes solicitudes de deuda y se ha convertido en <strong>\u201cla madre de todas las batallas\u201d para el gobernador Axel Kicillof<\/strong>. De hecho, <strong>sus funcionarios deslizaron que necesita de su aprobaci\u00f3n para poder afrontar los gastos salariales pr\u00f3ximos<\/strong>.<\/p>\n<p>Un art\u00edculo autoriza a tomar <strong>deuda por hasta US$ 1.045 millones<\/strong> y otro por <strong>hasta US$ 1.990 millones<\/strong>. Adem\u00e1s de<strong> una emisi\u00f3n de letras por US$ 250 millones<\/strong> y dos autorizaciones a empresas del estado. Una para <strong>Centrales de la Costa, por hasta US$ 150 millones<\/strong> y otra para <strong>AUBASA por hasta US$ 250 millones<\/strong>. Los fondos est\u00e1n orientados a <strong>refinanciar pasivos y garantizar la continuidad de las obras<\/strong> de infraestructura en toda la provincia.<\/p>\n<blockquote><p>Pero la clave, o mayor discusi\u00f3n, pasa por el art\u00edculo 3 que indica que se va a crear el \u201cFondo de Fortalecimiento de la Inversi\u00f3n Municipal\u201d y que el mismo se compondr\u00e1 de un 8% de la deuda que logre colocar la administraci\u00f3n central bonaerense. Es decir que si a lo largo del a\u00f1o toma menos deuda de lo previsto, lo que llegar\u00eda a los intendentes ser\u00eda menor.<\/p><\/blockquote>\n<p><strong>Los alcaldes, de la oposici\u00f3n pero tambi\u00e9n del peronismo, no quieren atar la llegada de fondos a la toma de deuda<\/strong>. Y la Provincia estar\u00eda a esta altura<strong> dispuesta a trabajar en un monto fijo<\/strong>, lo que podr\u00eda destrabar este proyecto. Es que varios <strong>intendentes advierten que no cuentan con fondos suficientes para afrontar sueldos y aguinaldos<\/strong>, y exigen certezas antes de acompa\u00f1ar el proyecto oficial.<\/p>\n<p>Pero el FIM no es el \u00fanico punto en discusi\u00f3n. Detr\u00e1s de ese debate se superponen <strong>conversaciones por cargos<\/strong>. Como inform\u00f3 Agencia DIB, est\u00e1n sobre la mesa los famosos cargos para la oposici\u00f3n (directorio de empresas del Grupo Bapro, en el propio Banco, Tribunal Fiscal, el Consejo Federal de Educaci\u00f3n).<\/p>\n<h3>Presupuesto y Ley Fiscal<\/h3>\n<p>M\u00e1s all\u00e1 del endeudamiento que se debatir\u00e1 el martes en comisiones para intentar llevar un d\u00eda despu\u00e9s al reciento, lo concreto es que <strong>el mi\u00e9rcoles Diputados convoc\u00f3 a sesi\u00f3n para las 14 para debatir el Presupuesto y la Ley Fiscal<\/strong>, mientras que <strong>el Senado lo har\u00e1 a las 19.<\/strong><\/p>\n<p>La vicegobernadora y presidenta del Senado, Ver\u00f3nica Magario, aceler\u00f3 el cronograma para que el mi\u00e9rcoles pueda votarse el paquete completo. A diferencia del Presupuesto, <strong>la autorizaci\u00f3n de deuda requiere dos tercios de los presentes<\/strong> en ambas c\u00e1maras: <strong>62 votos en Diputados (el peronismo tiene 37) y 31 en el Senado (el PJ suma 21)<\/strong>.<\/p>\n<p>El<strong> Presupuesto 2026<\/strong> ronda los <strong>43 billones de pesos<\/strong> frente a un ejecutado de este a\u00f1o que trepar\u00eda a los 36 billones, de acuerdo a lo indicado por el ministro de Econom\u00eda, Pablo L\u00f3pez. El proyecto prev\u00e9 una <strong>inversi\u00f3n de capital de 3.2 billones de pesos<\/strong>, <strong>promoci\u00f3n y asistencia social por 1.7 billones de pesos<\/strong>, <strong>salud por 1.7 billones<\/strong>, <strong>1.3 billones para educaci\u00f3n<\/strong> y <strong>1.4 billones para seguridad y servicio penitenciario<\/strong>. Por el lado del sector productivo estiman inversiones de 60.000 millones de pesos. Adem\u00e1s<strong> la ley fiscal incorpora una <a href=\"https:\/\/cdnoticias.com\/index.php\/2025\/11\/05\/para-2026-la-provincia-propone-bajar-la-patente-y-congelar-el-inmobiliario\/\" target=\"_blank\" rel=\"noopener\">baja nominal en la patente<\/a><\/strong><a href=\"_wp_link_placeholder\"> y no prev\u00e9 incrementos reales en el resto de los impuestos<\/a>.<\/p>\n<p>Fuente: <em>Agencia DIB<\/em><\/p>\n","protected":false},"excerpt":{"rendered":"<p>La Legislatura tratar\u00e1 este mi\u00e9rcoles el Presupuesto y la Ley Impositiva. El endeudamiento por m\u00e1s de US$ 3.000 millones est\u00e1<\/p>\n","protected":false},"author":4,"featured_media":165747,"comment_status":"closed","ping_status":"closed","sticky":false,"template":"","format":"standard","meta":{"_jetpack_memberships_contains_paid_content":false,"footnotes":""},"categories":[6,1],"tags":[],"class_list":["post-188664","post","type-post","status-publish","format-standard","has-post-thumbnail","hentry","category-nacionales","category-portada"],"jetpack_featured_media_url":"https:\/\/i0.wp.com\/cdnoticias.com\/wp-content\/uploads\/2025\/03\/legislatura-apertura-de-sesiones-kicillof-6.jpg?fit=1000%2C557&ssl=1","jetpack_sharing_enabled":true,"_links":{"self":[{"href":"https:\/\/cdnoticias.com\/index.php\/wp-json\/wp\/v2\/posts\/188664","targetHints":{"allow":["GET"]}}],"collection":[{"href":"https:\/\/cdnoticias.com\/index.php\/wp-json\/wp\/v2\/posts"}],"about":[{"href":"https:\/\/cdnoticias.com\/index.php\/wp-json\/wp\/v2\/types\/post"}],"author":[{"embeddable":true,"href":"https:\/\/cdnoticias.com\/index.php\/wp-json\/wp\/v2\/users\/4"}],"replies":[{"embeddable":true,"href":"https:\/\/cdnoticias.com\/index.php\/wp-json\/wp\/v2\/comments?post=188664"}],"version-history":[{"count":0,"href":"https:\/\/cdnoticias.com\/index.php\/wp-json\/wp\/v2\/posts\/188664\/revisions"}],"wp:featuredmedia":[{"embeddable":true,"href":"https:\/\/cdnoticias.com\/index.php\/wp-json\/wp\/v2\/media\/165747"}],"wp:attachment":[{"href":"https:\/\/cdnoticias.com\/index.php\/wp-json\/wp\/v2\/media?parent=188664"}],"wp:term":[{"taxonomy":"category","embeddable":true,"href":"https:\/\/cdnoticias.com\/index.php\/wp-json\/wp\/v2\/categories?post=188664"},{"taxonomy":"post_tag","embeddable":true,"href":"https:\/\/cdnoticias.com\/index.php\/wp-json\/wp\/v2\/tags?post=188664"}],"curies":[{"name":"wp","href":"https:\/\/api.w.org\/{rel}","templated":true}]}}