{"id":188591,"date":"2025-11-23T19:24:51","date_gmt":"2025-11-23T22:24:51","guid":{"rendered":"https:\/\/cdnoticias.com\/?p=188591"},"modified":"2025-11-24T12:13:45","modified_gmt":"2025-11-24T15:13:45","slug":"para-alquilar-balcones","status":"publish","type":"post","link":"https:\/\/cdnoticias.com\/index.php\/2025\/11\/23\/para-alquilar-balcones\/","title":{"rendered":"Para alquilar balcones"},"content":{"rendered":"\n<p>La producci\u00f3n y la pol\u00edtica, en el centro de la escena: choques por las lecturas de la situaci\u00f3n de los sectores productivos. Lo que viene en el recambio del Legislativo.  El Congreso de La Libertad Avanza.<\/p>\n\n\n\n<hr class=\"wp-block-separator has-alpha-channel-opacity\"\/>\n\n\n\n<p>\u00a0Volver\u00a0a las\u00a0Fuentes\u00a0\/ por Alexis Grierson y Josefina Bargas\u00a0<\/p>\n\n\n\n<p><\/p>\n\n\n\n<h2 class=\"wp-block-heading\">Olavarr\u00eda Produce (en crisis)<\/h2>\n\n\n\n<p><\/p>\n\n\n\n<p>El mi\u00e9rcoles y el jueves se desarroll\u00f3&nbsp;<strong>la segunda edici\u00f3n de Olavarr\u00eda Produce<\/strong>, el evento que sirve como punto de encuentro y de muestra de la industria local. Organizado por la Secretar\u00eda de Desarrollo Econ\u00f3mico municipal y por entidades que hacen al sector: PIO, la Uni\u00f3n Industrial, la C\u00e1mara Empresaria, la C\u00e1mara de la Piedra, ACA, CALO y la Sociedad Rural.<\/p>\n\n\n\n<p><\/p>\n\n\n\n<p>No vamos a hablar del evento en s\u00ed. Solamente mencionar que tuvo <a href=\"https:\/\/cdnoticias.com\/index.php\/2025\/11\/20\/se-realizo-la-segunda-ronda-de-negocios-en-el-marco-de-olavarria-produce-2025\/\" target=\"_blank\" rel=\"noreferrer noopener\">charlas y una ronda de negocios<\/a>, y\u00a0<strong>que estuvo el presidente del Banco Provincia, Juan Cuattromo, quien recorri\u00f3 los puestos de las empresas y habl\u00f3, uno por uno, con los empresarios presentes.<\/strong><\/p>\n\n\n\n<p><\/p>\n\n\n\n<p>En lo que nos importa nos remitimos a las dos fotos que dej\u00f3 este encuentro, la semana pasada para el lanzamiento formal y ahora con la inauguraci\u00f3n:&nbsp;<strong>no estuvieron las principales referencias de la Uni\u00f3n Industrial (al menos en los actos, porque recorrieron la muestra).<\/strong>&nbsp;Las relaciones con el Municipio quedaron afectadas despu\u00e9s del tratamiento legislativo del proyecto para la afectaci\u00f3n de la Tasa de Seguridad e Higiene.<\/p>\n\n\n\n<figure class=\"wp-block-image size-large\"><img data-recalc-dims=\"1\" loading=\"lazy\" decoding=\"async\" width=\"800\" height=\"532\" src=\"https:\/\/i0.wp.com\/cdnoticias.com\/wp-content\/uploads\/2025\/11\/Expo-Olavarria-Produce-3-scaled-1.jpeg?resize=800%2C532&#038;ssl=1\" alt=\"\" class=\"wp-image-187867\" srcset=\"https:\/\/i0.wp.com\/cdnoticias.com\/wp-content\/uploads\/2025\/11\/Expo-Olavarria-Produce-3-scaled-1.jpeg?resize=1024%2C681&amp;ssl=1 1024w, https:\/\/i0.wp.com\/cdnoticias.com\/wp-content\/uploads\/2025\/11\/Expo-Olavarria-Produce-3-scaled-1.jpeg?resize=300%2C200&amp;ssl=1 300w, https:\/\/i0.wp.com\/cdnoticias.com\/wp-content\/uploads\/2025\/11\/Expo-Olavarria-Produce-3-scaled-1.jpeg?resize=768%2C511&amp;ssl=1 768w, https:\/\/i0.wp.com\/cdnoticias.com\/wp-content\/uploads\/2025\/11\/Expo-Olavarria-Produce-3-scaled-1.jpeg?resize=1536%2C1022&amp;ssl=1 1536w, https:\/\/i0.wp.com\/cdnoticias.com\/wp-content\/uploads\/2025\/11\/Expo-Olavarria-Produce-3-scaled-1.jpeg?resize=2048%2C1362&amp;ssl=1 2048w, https:\/\/i0.wp.com\/cdnoticias.com\/wp-content\/uploads\/2025\/11\/Expo-Olavarria-Produce-3-scaled-1.jpeg?resize=272%2C182&amp;ssl=1 272w, https:\/\/i0.wp.com\/cdnoticias.com\/wp-content\/uploads\/2025\/11\/Expo-Olavarria-Produce-3-scaled-1.jpeg?w=1600&amp;ssl=1 1600w, https:\/\/i0.wp.com\/cdnoticias.com\/wp-content\/uploads\/2025\/11\/Expo-Olavarria-Produce-3-scaled-1.jpeg?w=2400&amp;ssl=1 2400w\" sizes=\"auto, (max-width: 800px) 100vw, 800px\" \/><\/figure>\n\n\n\n<p><\/p>\n\n\n\n<p><strong>El intendente Maximiliano Wesner ya confirm\u00f3 su promulgaci\u00f3n y el presidente de la C\u00e1mara Empresaria, Mario Antista, subray\u00f3 como \u201clo m\u00e1s importante\u201d la conformaci\u00f3n de la mesa de gesti\u00f3n intersectorial<\/strong>&nbsp;que definir\u00e1, justamente, a qu\u00e9 se destinar\u00e1n los fondos. Ahora, para la letra chica de la actividad de esa mesa se aguarda la reglamentaci\u00f3n de la ordenanza por parte del Ejecutivo. Recordemos que la ordenanza determina la afectaci\u00f3n progresiva de fondos entre 2026 y 2030.<\/p>\n\n\n\n<p><\/p>\n\n\n\n<p>Pero adem\u00e1s, despu\u00e9s del acto de apertura, h<strong>ubo una discrepancia planteada desde el presidente de la Sociedad Rural de Olavarr\u00eda, Daniel Aycaguer, en nombre de \u201ctodos los que producimos\u201d.&nbsp;<\/strong><\/p>\n\n\n\n<p><\/p>\n\n\n\n<p>Wesner dio <a href=\"https:\/\/cdnoticias.com\/index.php\/2025\/11\/19\/olavarria-produce-el-mecanismo-de-defensa-ante-la-coyuntura-macroeconomica-nacional\/\" target=\"_blank\" rel=\"noreferrer noopener\">un discurso breve<\/a>.\u00a0<strong>Dijo que Olavarr\u00eda Produce se desarrolla en \u201cun contexto cr\u00edtico en materia econ\u00f3mica, muy complejo y muy adverso\u201d\u00a0<\/strong>para exponer la &#8220;crisis de ingresos&#8221; que afecta al sector p\u00fablico y al sector privado. Y despu\u00e9s defini\u00f3 la actividad en el CEMO como \u201cel mecanismo de defensa ante la coyuntura macroecon\u00f3mica nacional que nos asfixia todos los d\u00edas\u201d.<\/p>\n\n\n\n<p><\/p>\n\n\n\n<figure class=\"wp-block-image size-full\"><img data-recalc-dims=\"1\" loading=\"lazy\" decoding=\"async\" width=\"800\" height=\"445\" src=\"https:\/\/i0.wp.com\/cdnoticias.com\/wp-content\/uploads\/2025\/11\/olavarria-produce-2025-08.jpg?resize=800%2C445&#038;ssl=1\" alt=\"\" class=\"wp-image-188232\" srcset=\"https:\/\/i0.wp.com\/cdnoticias.com\/wp-content\/uploads\/2025\/11\/olavarria-produce-2025-08.jpg?w=1000&amp;ssl=1 1000w, https:\/\/i0.wp.com\/cdnoticias.com\/wp-content\/uploads\/2025\/11\/olavarria-produce-2025-08.jpg?resize=300%2C167&amp;ssl=1 300w, https:\/\/i0.wp.com\/cdnoticias.com\/wp-content\/uploads\/2025\/11\/olavarria-produce-2025-08.jpg?resize=768%2C427&amp;ssl=1 768w, https:\/\/i0.wp.com\/cdnoticias.com\/wp-content\/uploads\/2025\/11\/olavarria-produce-2025-08.jpg?resize=800%2C445&amp;ssl=1 800w\" sizes=\"auto, (max-width: 800px) 100vw, 800px\" \/><\/figure>\n\n\n\n<p><\/p>\n\n\n\n<p>Se\u00f1alemos que en el mismo sentido -aunque a\u00fan m\u00e1s sint\u00e9ticamente- se expres\u00f3 Cuattromo al considerar \u201ceste momento tan dif\u00edcil para la estructura productiva de nuestra provincia y de nuestro pa\u00eds\u201d.<\/p>\n\n\n\n<p><\/p>\n\n\n\n<p><strong>\u201cRuido\u201d, \u201cme doli\u00f3 un poco\u201d, \u201cse equivoc\u00f3\u201d, \u201cquedamos un poco golpeados\u201d. Fueron algunos de los conceptos que utiliz\u00f3 Aycaguer&nbsp;<\/strong>en una entrevista con la periodista Claudia Bilbao para definir el sentir de los representantes institucionales que estuvieron en el acto de apertura. El planteo del presidente de la Rural coincide con la visi\u00f3n del intendente en advertir que el contexto econ\u00f3mico es \u201cde crisis\u201d, pero&nbsp;<strong>quiso dejar en claro que no comparte la interpretaci\u00f3n de que es la gesti\u00f3n nacional el origen de esta situaci\u00f3n.<\/strong><\/p>\n\n\n\n<p><\/p>\n\n\n\n<p><strong>\u201cSi uno dice en defensa es porque del otro lado hay una amenaza, y no vemos una amenaza. Vemos una situaci\u00f3n que se est\u00e1 acomodando. Muchos tenemos la esperanza de que el camino es por ah\u00ed\u201d<\/strong>&nbsp;se\u00f1al\u00f3 el ruralista. Atribuy\u00f3 los dichos de Wesner a diferencias de pol\u00edtica partidaria, las cuales dej\u00f3 entrever como entendibles en la boca del intendente, pero no oportunas cuando lo acompa\u00f1aban los representantes de sectores industriales y empresariales.<\/p>\n\n\n\n<p><\/p>\n\n\n\n<p>Por otro lado,&nbsp;<strong>Mario Antista se refiri\u00f3 a la baja de la actividad comercial en una entrevista con Central de Noticias.<\/strong>&nbsp;Se\u00f1al\u00f3 por un lado el crecimiento de las ventas electr\u00f3nicas -en detrimento del comercio local-, pero tambi\u00e9n apunt\u00f3 a una decisi\u00f3n de la gesti\u00f3n de Javier Milei. Cont\u00f3 sobre su di\u00e1logo con Cuattromo tras la apertura que, desde la C\u00e1mara &#8220;vemos que la paralizaci\u00f3n de la obra p\u00fablica repercute, porque ac\u00e1 el comercio es el \u00faltimo receptor. Entonces la paralizaci\u00f3n de la obra p\u00fablica es un freno bastante importante&#8221;. Y a modo de ejemplo cont\u00f3 la&nbsp;<strong>afectaci\u00f3n directa en la reducci\u00f3n de las contrataciones de su empresa de vigilancia privada con la ca\u00edda del rubro minero a partir del freno a las obras p\u00fablicas nacionales.<\/strong><\/p>\n\n\n\n<p><\/p>\n\n\n\n<figure class=\"wp-block-image size-full\"><img data-recalc-dims=\"1\" loading=\"lazy\" decoding=\"async\" width=\"800\" height=\"445\" src=\"https:\/\/i0.wp.com\/cdnoticias.com\/wp-content\/uploads\/2025\/11\/camara-emrpesaria-de-olavarria-03-mario-antista-juan-cuattromo.jpg?resize=800%2C445&#038;ssl=1\" alt=\"\" class=\"wp-image-188245\" srcset=\"https:\/\/i0.wp.com\/cdnoticias.com\/wp-content\/uploads\/2025\/11\/camara-emrpesaria-de-olavarria-03-mario-antista-juan-cuattromo.jpg?w=1000&amp;ssl=1 1000w, https:\/\/i0.wp.com\/cdnoticias.com\/wp-content\/uploads\/2025\/11\/camara-emrpesaria-de-olavarria-03-mario-antista-juan-cuattromo.jpg?resize=300%2C167&amp;ssl=1 300w, https:\/\/i0.wp.com\/cdnoticias.com\/wp-content\/uploads\/2025\/11\/camara-emrpesaria-de-olavarria-03-mario-antista-juan-cuattromo.jpg?resize=768%2C427&amp;ssl=1 768w, https:\/\/i0.wp.com\/cdnoticias.com\/wp-content\/uploads\/2025\/11\/camara-emrpesaria-de-olavarria-03-mario-antista-juan-cuattromo.jpg?resize=800%2C445&amp;ssl=1 800w\" sizes=\"auto, (max-width: 800px) 100vw, 800px\" \/><\/figure>\n\n\n\n<p><\/p>\n\n\n\n<p><strong>Son dos posturas distintas, expresadas por autoridades de importantes instituciones empresariales de Olavarr\u00eda.&nbsp;<\/strong>Exponen contradicciones que son parte de las visiones de la misma sociedad que todos integramos y que hacen al abanico ideol\u00f3gico de lecturas de la realidad.<\/p>\n\n\n\n<p><\/p>\n\n\n\n<p>Wesner expresa abiertamente una de las hojas de ese abanico. La historia y pol\u00edtica peronista de apoyo al desenvolvimiento industrial y de choque con el sector rural deber\u00edan ser un mapa de ubicaci\u00f3n r\u00e1pida de los \u201camigos\u201d y \u201cenemigos\u201d (muy entrecomillados los dos conceptos por favor). Pero en esta Olavarr\u00eda y en esta Argentina, no es tan f\u00e1cil.&nbsp;<strong>Casi nada es predecible. El \u201cacomodamiento\u201d que defin\u00eda Aycaguer es mucho m\u00e1s que econ\u00f3mico: los movimientos pol\u00edticos (partidarios y generales) y sociales que vivimos derivan en conflictos que trastocan ese mapa hasta volverlo casi inexplicable. Al menos por ahora.<\/strong><\/p>\n\n\n\n<p><\/p>\n\n\n\n<h2 class=\"wp-block-heading\">El Presupuesto s\u00ed o s\u00ed<\/h2>\n\n\n\n<p><\/p>\n\n\n\n<p>Podr\u00edamos decir que&nbsp;<strong>fue el \u00faltimo gran freno opositor a la gesti\u00f3n Wesner antes del cambio de configuraci\u00f3n del HCD<\/strong>: es que tras un nuevo pedido de pr\u00f3rroga para poder presentar el Presupuesto durante diciembre, el cuerpo deliberativo no lo autoriz\u00f3 y<strong>&nbsp;ahora deber\u00e1n presentar la partida general de gastos antes del 30 de noviembre.<\/strong><\/p>\n\n\n\n<p><\/p>\n\n\n\n<p>Desde la oposici\u00f3n se consider\u00f3 que era un \u201cexceso\u201d y un \u201cdesprop\u00f3sito\u201d extender el plazo aunque desde el oficialismo se\u00f1alaron a este newsletter que<strong>&nbsp;la intenci\u00f3n era presentar el Presupuesto la primera semana de diciembre, con el -se sobreentiende- presupuesto provincial aprobado.<\/strong><\/p>\n\n\n\n<p><\/p>\n\n\n\n<p>Es que tener esos n\u00fameros en concreto es fundamental para hacer los c\u00e1lculos en el Municipio:&nbsp;<strong>no s\u00f3lo por el posible fondo para los Municipios que surge del pedido de endeudamiento del gobernador Kicillof, sino por lo que pueda pasar con el CUD, la pauta inflacionaria y otros temas que condicionan directamente a Olavarr\u00eda<\/strong>. Ni qu\u00e9 hablar el Presupuesto de la Naci\u00f3n, que parece que su aprobaci\u00f3n es una utop\u00eda.<\/p>\n\n\n\n<p><\/p>\n\n\n\n<figure class=\"wp-block-image size-full\"><img data-recalc-dims=\"1\" loading=\"lazy\" decoding=\"async\" width=\"800\" height=\"450\" src=\"https:\/\/i0.wp.com\/cdnoticias.com\/wp-content\/uploads\/2025\/11\/HCD-sesion-20-de-noviembre-2025.jpg?resize=800%2C450&#038;ssl=1\" alt=\"\" class=\"wp-image-188290\" srcset=\"https:\/\/i0.wp.com\/cdnoticias.com\/wp-content\/uploads\/2025\/11\/HCD-sesion-20-de-noviembre-2025.jpg?w=1000&amp;ssl=1 1000w, https:\/\/i0.wp.com\/cdnoticias.com\/wp-content\/uploads\/2025\/11\/HCD-sesion-20-de-noviembre-2025.jpg?resize=300%2C169&amp;ssl=1 300w, https:\/\/i0.wp.com\/cdnoticias.com\/wp-content\/uploads\/2025\/11\/HCD-sesion-20-de-noviembre-2025.jpg?resize=768%2C432&amp;ssl=1 768w\" sizes=\"auto, (max-width: 800px) 100vw, 800px\" \/><\/figure>\n\n\n\n<p><\/p>\n\n\n\n<p>Lo concreto es que la semana pr\u00f3xima la gesti\u00f3n Wesner deber\u00e1 ingresar el Presupuesto, que se llevar\u00e1 todas las miradas de diciembre.<strong>&nbsp;Y al paso que vamos, probablemente tenga tratamiento a fin de a\u00f1o. Como siempre, entre budines y pan dulces.<\/strong><\/p>\n\n\n\n<p><\/p>\n\n\n\n<p>Nuestra pregunta -de la que hicimos un planteo el mes pasado- sigue en pie:&nbsp;<strong>\u00bfincluir\u00e1 modificaciones en la ordenanza impositiva?<\/strong><\/p>\n\n\n\n<p><\/p>\n\n\n\n<h2 class=\"wp-block-heading\">Ser\u00e1 con nueva conformaci\u00f3n<\/h2>\n\n\n\n<p>Si bien era algo esperable, la despedida de los 10 concejales en la \u00faltima sesi\u00f3n dio paso a la llegada de los concejales electos de las \u00faltimas elecciones del 7 de septiembre que ya, con seguridad, votar\u00e1n el Presupuesto 2026.&nbsp;<\/p>\n\n\n\n<p><\/p>\n\n\n\n<p>Tras las salidas de los concejales que asumieron en 2021 (parad\u00f3jicamente Wesner y Land\u00edvar eran dos de ellos pero renunciaron a sus bancas para asumir en sus cargos actuales)<strong>&nbsp;llegar\u00e1n seis ediles de Fuerza Patria y cuatro de La Libertad Avanza, aunque podr\u00edamos decir que son tres libertarios y uno PRO.<\/strong><\/p>\n\n\n\n<p><\/p>\n\n\n\n<p>Si bien todav\u00eda falta determinar c\u00f3mo ser\u00e1n los bloques pasada la jura,&nbsp;<strong>Fuerza Patria tendr\u00eda un bloque de 10 concejales sumando a Leonardo Yunger, Luc\u00eda Palacios, Juani Moreno, Telma Cazot (que reelige), Gast\u00f3n Sarachu (que t\u00e9cnicamente tambi\u00e9n renovar\u00e1 su banca) y Natalia \u00c1lvarez.&nbsp;<\/strong><\/p>\n\n\n\n<p><\/p>\n\n\n\n<figure class=\"wp-block-image size-full\"><img data-recalc-dims=\"1\" loading=\"lazy\" decoding=\"async\" width=\"800\" height=\"445\" src=\"https:\/\/i0.wp.com\/cdnoticias.com\/wp-content\/uploads\/2025\/09\/la-libertad-avanza-concejales-electos.jpg?resize=800%2C445&#038;ssl=1\" alt=\"\" class=\"wp-image-181819\" srcset=\"https:\/\/i0.wp.com\/cdnoticias.com\/wp-content\/uploads\/2025\/09\/la-libertad-avanza-concejales-electos.jpg?w=1000&amp;ssl=1 1000w, https:\/\/i0.wp.com\/cdnoticias.com\/wp-content\/uploads\/2025\/09\/la-libertad-avanza-concejales-electos.jpg?resize=300%2C167&amp;ssl=1 300w, https:\/\/i0.wp.com\/cdnoticias.com\/wp-content\/uploads\/2025\/09\/la-libertad-avanza-concejales-electos.jpg?resize=768%2C427&amp;ssl=1 768w, https:\/\/i0.wp.com\/cdnoticias.com\/wp-content\/uploads\/2025\/09\/la-libertad-avanza-concejales-electos.jpg?resize=800%2C445&amp;ssl=1 800w\" sizes=\"auto, (max-width: 800px) 100vw, 800px\" \/><\/figure>\n\n\n\n<p><\/p>\n\n\n\n<p><strong>En el caso de La Libertad Avanza, Nicol\u00e1s Zampini (\u00bfnuevo presidente del bloque?), Eugenia Dumerauf y Luciana Islas ser\u00e1n las que terminar\u00e1n en el bloque libertario, mientras que la inc\u00f3gnita pasar\u00e1 por el destino de Marcelino Quinteros Videla<\/strong>, que si bien lleg\u00f3 por la lista de LLA, pertenece al PRO y podr\u00eda terminar en el bloque PRO Olavarr\u00eda o Juntos por Olavarr\u00eda, que se sobreentiende que seguir\u00e1n separados: Guillermina Amespil por un lado, Hilario Galli por el otro.&nbsp;<\/p>\n\n\n\n<p><\/p>\n\n\n\n<p><strong>Fuerza Patria gana mucho peso en el HCD aunque, vale decir, no tendr\u00e1 qu\u00f3rum propio<\/strong>: necesitar\u00e1 s\u00ed o s\u00ed una banca opositora sentada para poder debatir cualquier tema.&nbsp;<strong>S\u00ed tiene mayor\u00eda autom\u00e1tica<\/strong>: se descuenta que renovar\u00e1n la Presidencia por la cantidad de ediles y eso les dar\u00e1 el voto doble que le permitir\u00e1 destrabar varios temas.<\/p>\n\n\n\n<p><\/p>\n\n\n\n<p>Luego, la oposici\u00f3n quedar\u00eda fragmentada en al menos cinco bloques:&nbsp;<strong>Por M\u00e1s Libertad, La Libertad Avanza, UCR, PRO y Juntos por Olavarr\u00eda.&nbsp;<\/strong><\/p>\n\n\n\n<p><\/p>\n\n\n\n<p>Y tambi\u00e9n dejamos un signo de pregunta en el aire: si bien la probabilidad es muy baja, la interna de Fuerza Patria podr\u00eda tener dos ediles \u201cd\u00edscolas\u201d que habr\u00e1 que seguir de cerca.&nbsp;<strong>Se trata de Liliana Schwindt y Telma Cazot, cercanas a la fuerza del gobernador Kicillof, que podr\u00edan tomar una determinaci\u00f3n distinta en caso de que Movimiento Derecho al Futuro y La C\u00e1mpora decidan tener caminos separados. Parece improbable, muy improbable de hecho, pero no es imposible.<\/strong>&nbsp;La discusi\u00f3n por el Presupuesto en la Provincia parece ser una primera prueba de fuego para esa alianza.<\/p>\n\n\n\n<p><\/p>\n\n\n\n<p>Solo a modo de menci\u00f3n, en la \u00faltima sesi\u00f3n se despidieron con intervenciones dos de los concejales cuyos mandatos finalizan: Sebasti\u00e1n Matrella y Carlos Coscia.&nbsp;<strong>El presidente Guillermo Santell\u00e1n adelant\u00f3 que todos ser\u00e1n invitados al acto de asunci\u00f3n de los nuevos ediles.<\/strong><\/p>\n\n\n\n<p><\/p>\n\n\n\n<h2 class=\"wp-block-heading\">Un Congreso y las novedades<\/h2>\n\n\n\n<p><\/p>\n\n\n\n<p>Mientras tanto,&nbsp;<strong>se acerca el importante Congreso de La Libertad Avanza bonaerense, convocado por Karina Milei y Sebasti\u00e1n Pareja<\/strong>&nbsp;y que servir\u00e1 para discutir temas pero, tambi\u00e9n, para posicionar al armador provincial como potencial candidato a Gobernador en 2027.<\/p>\n\n\n\n<p><\/p>\n\n\n\n<figure class=\"wp-block-image size-full\"><img data-recalc-dims=\"1\" loading=\"lazy\" decoding=\"async\" width=\"790\" height=\"440\" src=\"https:\/\/i0.wp.com\/cdnoticias.com\/wp-content\/uploads\/2025\/08\/karina-milei-sebastian-pareja-00.jpg?resize=790%2C440&#038;ssl=1\" alt=\"\" class=\"wp-image-180515\" srcset=\"https:\/\/i0.wp.com\/cdnoticias.com\/wp-content\/uploads\/2025\/08\/karina-milei-sebastian-pareja-00.jpg?w=790&amp;ssl=1 790w, https:\/\/i0.wp.com\/cdnoticias.com\/wp-content\/uploads\/2025\/08\/karina-milei-sebastian-pareja-00.jpg?resize=300%2C167&amp;ssl=1 300w, https:\/\/i0.wp.com\/cdnoticias.com\/wp-content\/uploads\/2025\/08\/karina-milei-sebastian-pareja-00.jpg?resize=768%2C428&amp;ssl=1 768w\" sizes=\"auto, (max-width: 790px) 100vw, 790px\" \/><\/figure>\n\n\n\n<p><\/p>\n\n\n\n<p>No nos hagamos los inocentes: nada de esto se dir\u00e1 en el encuentro, pero est\u00e1 claro que la demostraci\u00f3n de poder (con la convocatoria de dirigentes de los 135 distritos)&nbsp;<strong>dejar\u00e1 en el centro de la escena a Sebasti\u00e1n Pareja como armador exitoso de la campa\u00f1a sobre todo de octubre.&nbsp;<\/strong><\/p>\n\n\n\n<p><\/p>\n\n\n\n<p>Analizar los pormenores de la interna provincial nos llevar\u00eda bastantes p\u00e1rrafos, as\u00ed que lo resumiremos en que&nbsp;<strong>este empoderamiento de la Secretaria de Presidencia y el diputado nacional electo y armador bonaerense corre -y bastante- a Las Fuerzas del Cielo de los lugares de privilegio en la discusi\u00f3n por el poder libertario en la Provincia.<\/strong><\/p>\n\n\n\n<p><\/p>\n\n\n\n<p>Dicho esto \u2026 este newsletter logr\u00f3 saber, por un lado,&nbsp;<strong>que el bloque Por M\u00e1s Libertad fue invitado especialmente al evento en la costa: tanto Marcelo Petehs, como Maria Adeela Casamayor y el consejero Pedro Magallanes estar\u00e1n en el Congreso.<\/strong>&nbsp;Se descuenta, adem\u00e1s, la presencia de&nbsp;<strong>Daiana Musa (que integra la agrupaci\u00f3n de profesionales La P\u00farpura, referenciada en Pareja) y tambi\u00e9n estar\u00e1 presente Andrea Coronel<\/strong>, perteneciente al bullrichismo y con una fuerte adhesi\u00f3n al espacio libertario.<\/p>\n\n\n\n<p><\/p>\n\n\n\n<figure class=\"wp-block-image size-full\"><img data-recalc-dims=\"1\" loading=\"lazy\" decoding=\"async\" width=\"800\" height=\"446\" src=\"https:\/\/i0.wp.com\/cdnoticias.com\/wp-content\/uploads\/2025\/11\/ministerio-de-seguridad-por-mas-libertad-HCD-00.jpg?resize=800%2C446&#038;ssl=1\" alt=\"\" class=\"wp-image-187786\" srcset=\"https:\/\/i0.wp.com\/cdnoticias.com\/wp-content\/uploads\/2025\/11\/ministerio-de-seguridad-por-mas-libertad-HCD-00.jpg?w=1000&amp;ssl=1 1000w, https:\/\/i0.wp.com\/cdnoticias.com\/wp-content\/uploads\/2025\/11\/ministerio-de-seguridad-por-mas-libertad-HCD-00.jpg?resize=300%2C167&amp;ssl=1 300w, https:\/\/i0.wp.com\/cdnoticias.com\/wp-content\/uploads\/2025\/11\/ministerio-de-seguridad-por-mas-libertad-HCD-00.jpg?resize=768%2C428&amp;ssl=1 768w, https:\/\/i0.wp.com\/cdnoticias.com\/wp-content\/uploads\/2025\/11\/ministerio-de-seguridad-por-mas-libertad-HCD-00.jpg?resize=800%2C445&amp;ssl=1 800w\" sizes=\"auto, (max-width: 800px) 100vw, 800px\" \/><\/figure>\n\n\n\n<p><\/p>\n\n\n\n<p><strong>Se da por hecho que estar\u00e1n presentes tanto Celeste Arouxet como Guillermo Lascano, m\u00e1s all\u00e1 de pertenecer a Las Fuerzas del Cielo junto con la juventud de LLA de Olavarr\u00eda.<\/strong>&nbsp;En las \u00faltimas semanas hubo un operativo acercamiento a Sebasti\u00e1n Pareja con sutilezas (un video en la cena libertaria, algunos dichos de Luca Spitale en la semana en di\u00e1logo con Cadena 103, entre otras cuestiones) pero la distancia parece lejana despu\u00e9s de ciertas decisiones.&nbsp;<\/p>\n\n\n\n<p><\/p>\n\n\n\n<p>M\u00e1s all\u00e1 de esta interpretaci\u00f3n, la intenci\u00f3n de LLA con el Congreso es mostrar unidad y reflejar que la dur\u00edsima interna \u201cqued\u00f3 atr\u00e1s\u201d. Pero en los hechos, Las Fuerzas del Cielo comienzan a quedar relegada de los lugares importantes en la Provincia \u2026 otra vez.&nbsp;<strong>\u00bfEsto implicar\u00e1 en algunos cambios en las oficinas de organismos nacionales de los distritos? Cambios ya se vieron, pero en lo que concierne a Olavarr\u00eda, por ahora, no hay nada.<\/strong><\/p>\n\n\n\n<p><\/p>\n\n\n\n<p>Volviendo a los armados y la reorganizaci\u00f3n del espacio, est\u00e1 claro que<strong>&nbsp;esta uni\u00f3n entre Por M\u00e1s Libertad, el bullrichismo y La P\u00farpura lleg\u00f3 para quedarse en Olavarr\u00eda y que tiene proyecci\u00f3n seccional, tambi\u00e9n.&nbsp;<\/strong><\/p>\n\n\n\n<p><\/p>\n\n\n\n<p>De hecho, hay mucha expectativa sobre u<strong>n nuevo viaje de los dirigentes que promete ser \u201cm\u00e1s amplia\u201d por Olavarr\u00eda, con mayor participaci\u00f3n seccional y que estima reuniones en la AFE, la Agencia Nacional de Emergencias.<\/strong>&nbsp;Ya vimos una foto con amplia participaci\u00f3n, en esta ocasi\u00f3n promete haber m\u00e1s dirigentes.&nbsp;<strong>\u00bfY alguna sorpresa fuerte?<\/strong><\/p>\n\n\n\n<p><\/p>\n\n\n\n<h2 class=\"wp-block-heading\">El newsletter<\/h2>\n\n\n\n<p>Esta publicaci\u00f3n es parte de la edici\u00f3n de este domingo del newsletter\u00a0Volver\u00a0a las\u00a0Fuentes\u00a0que escriben Alexis Grierson y Josefina Bargas\u00a0al que se puede\u00a0<a href=\"https:\/\/mailchi.mp\/9934db3e8ae5\/para-alquilar-balcones?e=e4ffb04d40\" target=\"_blank\" rel=\"noreferrer noopener\">acceder aqu\u00ed<\/a>. Tiene un sistema de suscripci\u00f3n econ\u00f3mica y aportes \u00fanicos al que se puede\u00a0<a href=\"https:\/\/linktr.ee\/volveralasfuentes\" target=\"_blank\" rel=\"noreferrer noopener\">acceder aqu\u00ed<\/a>.<\/p>\n\n\n\n<p><\/p>\n","protected":false},"excerpt":{"rendered":"<p>La producci\u00f3n y la pol\u00edtica, en el centro de la escena: choques por las lecturas de la situaci\u00f3n de los<\/p>\n","protected":false},"author":4,"featured_media":188223,"comment_status":"closed","ping_status":"closed","sticky":false,"template":"","format":"standard","meta":{"_jetpack_memberships_contains_paid_content":false,"footnotes":""},"categories":[4,1],"tags":[],"class_list":["post-188591","post","type-post","status-publish","format-standard","has-post-thumbnail","hentry","category-politica","category-portada"],"jetpack_featured_media_url":"https:\/\/i0.wp.com\/cdnoticias.com\/wp-content\/uploads\/2025\/11\/olavarria-produce-2025-00.jpg?fit=1000%2C556&ssl=1","jetpack_sharing_enabled":true,"_links":{"self":[{"href":"https:\/\/cdnoticias.com\/index.php\/wp-json\/wp\/v2\/posts\/188591","targetHints":{"allow":["GET"]}}],"collection":[{"href":"https:\/\/cdnoticias.com\/index.php\/wp-json\/wp\/v2\/posts"}],"about":[{"href":"https:\/\/cdnoticias.com\/index.php\/wp-json\/wp\/v2\/types\/post"}],"author":[{"embeddable":true,"href":"https:\/\/cdnoticias.com\/index.php\/wp-json\/wp\/v2\/users\/4"}],"replies":[{"embeddable":true,"href":"https:\/\/cdnoticias.com\/index.php\/wp-json\/wp\/v2\/comments?post=188591"}],"version-history":[{"count":0,"href":"https:\/\/cdnoticias.com\/index.php\/wp-json\/wp\/v2\/posts\/188591\/revisions"}],"wp:featuredmedia":[{"embeddable":true,"href":"https:\/\/cdnoticias.com\/index.php\/wp-json\/wp\/v2\/media\/188223"}],"wp:attachment":[{"href":"https:\/\/cdnoticias.com\/index.php\/wp-json\/wp\/v2\/media?parent=188591"}],"wp:term":[{"taxonomy":"category","embeddable":true,"href":"https:\/\/cdnoticias.com\/index.php\/wp-json\/wp\/v2\/categories?post=188591"},{"taxonomy":"post_tag","embeddable":true,"href":"https:\/\/cdnoticias.com\/index.php\/wp-json\/wp\/v2\/tags?post=188591"}],"curies":[{"name":"wp","href":"https:\/\/api.w.org\/{rel}","templated":true}]}}