{"id":188586,"date":"2025-11-23T18:53:33","date_gmt":"2025-11-23T21:53:33","guid":{"rendered":"https:\/\/cdnoticias.com\/?p=188586"},"modified":"2025-11-23T21:01:56","modified_gmt":"2025-11-24T00:01:56","slug":"provincia-de-buenos-aires-sostenida-caida-de-la-cantidad-de-empleadores-y-trabajadores-registrados","status":"publish","type":"post","link":"https:\/\/cdnoticias.com\/index.php\/2025\/11\/23\/provincia-de-buenos-aires-sostenida-caida-de-la-cantidad-de-empleadores-y-trabajadores-registrados\/","title":{"rendered":"Provincia de Buenos Aires: sostenida ca\u00edda de la cantidad de empleadores y trabajadores registrados"},"content":{"rendered":"<p>Es de acuerdo con un estudio de CEPA, que toma el per\u00edodo entre noviembre de 2023 y agosto de 2025, con datos de la Superintendencia de Riesgos del Trabajo.<!--more--><\/p>\n<hr \/>\n<p>La <strong>cantidad de empleadores y trabajadores registrados en la provincia de Buenos Aires cay\u00f3 de manera sostenida<\/strong> entre noviembre de 2023 y agosto de 2025, seg\u00fan un <strong>informe del Centro de Econom\u00eda Pol\u00edtica Argentina (CEPA)<\/strong> elaborado a partir de datos de la Superintendencia de Riesgos del Trabajo.<\/p>\n<blockquote><p>\u201cDel an\u00e1lisis se desprende un marcado retroceso en los indicadores clave del empleo formal, con ca\u00eddas significativas tanto en la cantidad de empleadores como en el volumen de puestos de trabajo registrados\u201d, seg\u00fan CEPA.<\/p><\/blockquote>\n<p>En el per\u00edodo, marcado por los<strong> primeros 21 meses de la gesti\u00f3n nacional de Javier Milei, la provincia perdi\u00f3 4.660 empleadores<\/strong> (-2,8%), pasando de 167.669 a 163.576, y <strong>m\u00e1s de 90 mil puestos de trabajo formales<\/strong> (90.069 casos, -2,8%), al pasar de 3.233.720 en noviembre de 2023 a 3.143.651 en agosto de 2025, lo que refleja un <strong>deterioro simult\u00e1neo del tejido empresarial y del empleo registrado.<\/strong><\/p>\n<p><img data-recalc-dims=\"1\" loading=\"lazy\" decoding=\"async\" class=\"alignnone size-full wp-image-188588 aligncenter\" src=\"https:\/\/i0.wp.com\/cdnoticias.com\/wp-content\/uploads\/2025\/11\/DIB-trabajadores-despedidos-informe-CEPA.jpg?resize=800%2C445&#038;ssl=1\" alt=\"\" width=\"800\" height=\"445\" srcset=\"https:\/\/i0.wp.com\/cdnoticias.com\/wp-content\/uploads\/2025\/11\/DIB-trabajadores-despedidos-informe-CEPA.jpg?w=1000&amp;ssl=1 1000w, https:\/\/i0.wp.com\/cdnoticias.com\/wp-content\/uploads\/2025\/11\/DIB-trabajadores-despedidos-informe-CEPA.jpg?resize=300%2C167&amp;ssl=1 300w, https:\/\/i0.wp.com\/cdnoticias.com\/wp-content\/uploads\/2025\/11\/DIB-trabajadores-despedidos-informe-CEPA.jpg?resize=768%2C427&amp;ssl=1 768w, https:\/\/i0.wp.com\/cdnoticias.com\/wp-content\/uploads\/2025\/11\/DIB-trabajadores-despedidos-informe-CEPA.jpg?resize=800%2C445&amp;ssl=1 800w\" sizes=\"auto, (max-width: 800px) 100vw, 800px\" \/><\/p>\n<p>La<strong> mayor parte de la contracci\u00f3n<\/strong> se concentr\u00f3 en las<strong> actividades productivas y de servicios<\/strong>. La <strong>Industria manufacturera encabez\u00f3 la ca\u00edda en t\u00e9rminos absolutos<\/strong>, con 788 empleadores menos, seguida por la <strong>Construcci\u00f3n, el Comercio y los servicios de Transporte y Almacenamiento.<\/strong> En t\u00e9rminos relativos, los sectores m\u00e1s afectados fueron los Servicios de organizaciones y \u00f3rganos extraterritoriales, la Construcci\u00f3n y las actividades art\u00edsticas y culturales. Solo un pu\u00f1ado de rubros mostr\u00f3 leves aumentos en la cantidad de firmas registradas.<\/p>\n<p>La <strong>reducci\u00f3n del empleo<\/strong> acompa\u00f1\u00f3 la misma tendencia. <strong>Entre noviembre de 2023 y agosto de 2025 se perdieron 90.069 puestos de trabajo<\/strong>, equivalente al 2,8% del total. Las bajas m\u00e1s pronunciadas se registraron en la Industria manufacturera, la Construcci\u00f3n, el Transporte y Almacenamiento y la Ense\u00f1anza. <strong>La Construcci\u00f3n, adem\u00e1s, fue el sector con la ca\u00edda relativa m\u00e1s marcada<\/strong>, con una merma del <strong>18% de su plantilla formal en menos de dos a\u00f1os<\/strong>.<\/p>\n<blockquote><p>El informe tambi\u00e9n analiza el impacto seg\u00fan el tama\u00f1o de las empresas. Los empleadores con hasta 500 trabajadores concentraron casi la totalidad de la reducci\u00f3n -el 99,8% de los casos-, mientras que las firmas m\u00e1s grandes mostraron un retroceso marginal.<\/p><\/blockquote>\n<p>Sin embargo, cuando se observa la <strong>p\u00e9rdida de puestos de trabajo, el efecto se distribuye de manera equilibrada<\/strong>: las empresas peque\u00f1as y medianas explican el 50,7% de la ca\u00edda y las grandes, el 49,3%.<\/p>\n<p>Fuente:<a href=\"https:\/\/dib.com.ar\/economia\/provincia-buenos-aires-sostenida-caida-la-cantidad-empleadores-y-trabajadores-registrados-n48978\" target=\"_blank\" rel=\"noopener\"><em> Agencia DIB &#8211; Informe completo<\/em><\/a><\/p>\n","protected":false},"excerpt":{"rendered":"<p>Es de acuerdo con un estudio de CEPA, que toma el per\u00edodo entre noviembre de 2023 y agosto de 2025,<\/p>\n","protected":false},"author":4,"featured_media":188587,"comment_status":"closed","ping_status":"closed","sticky":false,"template":"","format":"standard","meta":{"_jetpack_memberships_contains_paid_content":false,"footnotes":""},"categories":[6,1],"tags":[],"class_list":["post-188586","post","type-post","status-publish","format-standard","has-post-thumbnail","hentry","category-nacionales","category-portada"],"jetpack_featured_media_url":"https:\/\/i0.wp.com\/cdnoticias.com\/wp-content\/uploads\/2025\/11\/DIB-trabajadores-despedidos-georgalos.jpg?fit=1000%2C750&ssl=1","jetpack_sharing_enabled":true,"_links":{"self":[{"href":"https:\/\/cdnoticias.com\/index.php\/wp-json\/wp\/v2\/posts\/188586","targetHints":{"allow":["GET"]}}],"collection":[{"href":"https:\/\/cdnoticias.com\/index.php\/wp-json\/wp\/v2\/posts"}],"about":[{"href":"https:\/\/cdnoticias.com\/index.php\/wp-json\/wp\/v2\/types\/post"}],"author":[{"embeddable":true,"href":"https:\/\/cdnoticias.com\/index.php\/wp-json\/wp\/v2\/users\/4"}],"replies":[{"embeddable":true,"href":"https:\/\/cdnoticias.com\/index.php\/wp-json\/wp\/v2\/comments?post=188586"}],"version-history":[{"count":0,"href":"https:\/\/cdnoticias.com\/index.php\/wp-json\/wp\/v2\/posts\/188586\/revisions"}],"wp:featuredmedia":[{"embeddable":true,"href":"https:\/\/cdnoticias.com\/index.php\/wp-json\/wp\/v2\/media\/188587"}],"wp:attachment":[{"href":"https:\/\/cdnoticias.com\/index.php\/wp-json\/wp\/v2\/media?parent=188586"}],"wp:term":[{"taxonomy":"category","embeddable":true,"href":"https:\/\/cdnoticias.com\/index.php\/wp-json\/wp\/v2\/categories?post=188586"},{"taxonomy":"post_tag","embeddable":true,"href":"https:\/\/cdnoticias.com\/index.php\/wp-json\/wp\/v2\/tags?post=188586"}],"curies":[{"name":"wp","href":"https:\/\/api.w.org\/{rel}","templated":true}]}}