{"id":188579,"date":"2025-11-23T11:50:34","date_gmt":"2025-11-23T14:50:34","guid":{"rendered":"https:\/\/cdnoticias.com\/?p=188579"},"modified":"2025-11-23T19:25:16","modified_gmt":"2025-11-23T22:25:16","slug":"avanzan-los-preparativos-para-la-fiesta-de-olavarria-en-el-parque-eseverri","status":"publish","type":"post","link":"https:\/\/cdnoticias.com\/index.php\/2025\/11\/23\/avanzan-los-preparativos-para-la-fiesta-de-olavarria-en-el-parque-eseverri\/","title":{"rendered":"Avanzan los preparativos para la Fiesta de Olavarr\u00eda en el Parque Eseverri"},"content":{"rendered":"\n<p>El gran escenario ya fue montado en la tradicional locaci\u00f3n para la festividad aniversario. Adem\u00e1s, fue colocado el vallado y delimitados los sectores. El cierre ser\u00e1 con Los Totora en la noche del lunes.<\/p>\n\n\n\n<hr class=\"wp-block-separator aligncenter has-alpha-channel-opacity\"\/>\n\n\n\n<p>A horas del inicio de la <strong>gran fiesta aniversario de Olavarr\u00eda en el Parque Eseverri, en el lugar ya se vislumbra el gran escenario propuesto para la ocasi\u00f3n. El evento se desarrollar\u00e1 durante el lunes y tendr\u00e1 el gran cierre de Los Totora.<\/strong><\/p>\n\n\n\n<p>Varios transe\u00fantes y aquellos que utilizan el Parque para realizar actividad f\u00edsica o de dispersi\u00f3n notaron la modificaci\u00f3n del paisaje. <strong>Mientras se desarrolla el cl\u00e1sico partido de f\u00fatbol de los domingos en el centro del parque, el escenario est\u00e1 en su etapa final de colocaci\u00f3n mientras que fueron delimitados todos los sectores.<\/strong><\/p>\n\n\n\n<figure class=\"wp-block-image size-full\"><img data-recalc-dims=\"1\" loading=\"lazy\" decoding=\"async\" width=\"800\" height=\"445\" src=\"https:\/\/i0.wp.com\/cdnoticias.com\/wp-content\/uploads\/2025\/11\/fiesta-escenario2.jpg?resize=800%2C445&#038;ssl=1\" alt=\"\" class=\"wp-image-188582\" srcset=\"https:\/\/i0.wp.com\/cdnoticias.com\/wp-content\/uploads\/2025\/11\/fiesta-escenario2.jpg?w=800&amp;ssl=1 800w, https:\/\/i0.wp.com\/cdnoticias.com\/wp-content\/uploads\/2025\/11\/fiesta-escenario2.jpg?resize=300%2C167&amp;ssl=1 300w, https:\/\/i0.wp.com\/cdnoticias.com\/wp-content\/uploads\/2025\/11\/fiesta-escenario2.jpg?resize=768%2C427&amp;ssl=1 768w\" sizes=\"auto, (max-width: 800px) 100vw, 800px\" \/><\/figure>\n\n\n\n<p>Tal es as\u00ed, que <strong>el vallado ya fue colocado desde avenida Trabajadores mientras que se organizaron las zonas, que tendr\u00e1 adem\u00e1s de un paseo de artesanos, emprendedores, un patio de comidas y foodtruck y un sector para poder colocar reposeras y disfrutar de los shows art\u00edsticos.<\/strong><\/p>\n\n\n\n<p>Tambi\u00e9n fueron colocados<strong> los ba\u00f1os para la fiesta, que comenzar\u00e1 en poco m\u00e1s de 24 horas.<\/strong><\/p>\n\n\n\n<figure class=\"wp-block-image size-full\"><img data-recalc-dims=\"1\" loading=\"lazy\" decoding=\"async\" width=\"800\" height=\"445\" src=\"https:\/\/i0.wp.com\/cdnoticias.com\/wp-content\/uploads\/2025\/11\/fiesta-escenario3.jpg?resize=800%2C445&#038;ssl=1\" alt=\"\" class=\"wp-image-188581\" srcset=\"https:\/\/i0.wp.com\/cdnoticias.com\/wp-content\/uploads\/2025\/11\/fiesta-escenario3.jpg?w=800&amp;ssl=1 800w, https:\/\/i0.wp.com\/cdnoticias.com\/wp-content\/uploads\/2025\/11\/fiesta-escenario3.jpg?resize=300%2C167&amp;ssl=1 300w, https:\/\/i0.wp.com\/cdnoticias.com\/wp-content\/uploads\/2025\/11\/fiesta-escenario3.jpg?resize=768%2C427&amp;ssl=1 768w\" sizes=\"auto, (max-width: 800px) 100vw, 800px\" \/><\/figure>\n\n\n\n<p>Vale decir que la actividad iniciar\u00e1 desde las 15:00 horas, <strong>con propuestas para todos los gustos y edades, que se prolongar\u00e1n hasta la medianoche, con el objetivo de llegar todos juntos a la medianoche y poder celebrar la llegada del 25 de noviembre, fecha fundacional de Olavarr\u00eda.<\/strong><\/p>\n\n\n\n<p>El evento contar\u00e1 con el trabajo articulado de distintas \u00e1reas municipales. En ese marco, desde la Subsecretar\u00eda de Protecci\u00f3n Ciudadana se detall\u00f3 cu\u00e1les ser\u00e1n los cortes en la circulaci\u00f3n para permitir el normal y seguro arribo y desconcentraci\u00f3n del parque Helios Eseverri.<\/p>\n\n\n\n<figure class=\"wp-block-image size-full\"><img data-recalc-dims=\"1\" loading=\"lazy\" decoding=\"async\" width=\"800\" height=\"445\" src=\"https:\/\/i0.wp.com\/cdnoticias.com\/wp-content\/uploads\/2025\/11\/fiesta-escenario4.jpg?resize=800%2C445&#038;ssl=1\" alt=\"\" class=\"wp-image-188580\" srcset=\"https:\/\/i0.wp.com\/cdnoticias.com\/wp-content\/uploads\/2025\/11\/fiesta-escenario4.jpg?w=800&amp;ssl=1 800w, https:\/\/i0.wp.com\/cdnoticias.com\/wp-content\/uploads\/2025\/11\/fiesta-escenario4.jpg?resize=300%2C167&amp;ssl=1 300w, https:\/\/i0.wp.com\/cdnoticias.com\/wp-content\/uploads\/2025\/11\/fiesta-escenario4.jpg?resize=768%2C427&amp;ssl=1 768w\" sizes=\"auto, (max-width: 800px) 100vw, 800px\" \/><\/figure>\n\n\n\n<p>Desde el \u00e1rea se expres\u00f3 que<strong> la interrupci\u00f3n en la circulaci\u00f3n vehicular se iniciar\u00e1 a las 10 horas del lunes y se prolongar\u00e1n, aproximadamente, hasta las primeras horas de la madrugada del martes 25.<\/strong><\/p>\n\n\n\n<p>Los cortes se realizar\u00e1n sobre las siguientes intersecciones:<\/p>\n\n\n\n<p>_ Rivadavia y Juan XXIII<\/p>\n\n\n\n<p>_ Rivadavia y Lebensohn<\/p>\n\n\n\n<p>_ Rivadavia y avenida De los Trabajadores (sentido&nbsp; A. Brown)<\/p>\n\n\n\n<p>_ Avenida De los Trabajadores y Riobamba<\/p>\n\n\n\n<p>_ Fassina y Lavalle<\/p>\n\n\n\n<p>_ Fassina y Vicente L\u00f3pez<\/p>\n\n\n\n<p>Desde las 15:00 horas se presentar\u00e1n <strong>Juan Fleitas Set Vinilos, Organismos en el aire, Red Swing, Las Chinas, Salastkbron, Alta Gamma, Las Piernas del Teniente Dan, DJ Agustin Senger y Los Totora.<\/strong><\/p>\n","protected":false},"excerpt":{"rendered":"<p>El gran escenario ya fue montado en la tradicional locaci\u00f3n para la festividad aniversario. Adem\u00e1s, fue colocado el vallado y<\/p>\n","protected":false},"author":2,"featured_media":188583,"comment_status":"closed","ping_status":"closed","sticky":false,"template":"","format":"standard","meta":{"_jetpack_memberships_contains_paid_content":false,"footnotes":""},"categories":[9,1],"tags":[],"class_list":["post-188579","post","type-post","status-publish","format-standard","has-post-thumbnail","hentry","category-cultura","category-portada"],"jetpack_featured_media_url":"https:\/\/i0.wp.com\/cdnoticias.com\/wp-content\/uploads\/2025\/11\/fiesta-escenario1.jpg?fit=800%2C445&ssl=1","jetpack_sharing_enabled":true,"_links":{"self":[{"href":"https:\/\/cdnoticias.com\/index.php\/wp-json\/wp\/v2\/posts\/188579","targetHints":{"allow":["GET"]}}],"collection":[{"href":"https:\/\/cdnoticias.com\/index.php\/wp-json\/wp\/v2\/posts"}],"about":[{"href":"https:\/\/cdnoticias.com\/index.php\/wp-json\/wp\/v2\/types\/post"}],"author":[{"embeddable":true,"href":"https:\/\/cdnoticias.com\/index.php\/wp-json\/wp\/v2\/users\/2"}],"replies":[{"embeddable":true,"href":"https:\/\/cdnoticias.com\/index.php\/wp-json\/wp\/v2\/comments?post=188579"}],"version-history":[{"count":0,"href":"https:\/\/cdnoticias.com\/index.php\/wp-json\/wp\/v2\/posts\/188579\/revisions"}],"wp:featuredmedia":[{"embeddable":true,"href":"https:\/\/cdnoticias.com\/index.php\/wp-json\/wp\/v2\/media\/188583"}],"wp:attachment":[{"href":"https:\/\/cdnoticias.com\/index.php\/wp-json\/wp\/v2\/media?parent=188579"}],"wp:term":[{"taxonomy":"category","embeddable":true,"href":"https:\/\/cdnoticias.com\/index.php\/wp-json\/wp\/v2\/categories?post=188579"},{"taxonomy":"post_tag","embeddable":true,"href":"https:\/\/cdnoticias.com\/index.php\/wp-json\/wp\/v2\/tags?post=188579"}],"curies":[{"name":"wp","href":"https:\/\/api.w.org\/{rel}","templated":true}]}}