{"id":188577,"date":"2025-11-23T10:37:57","date_gmt":"2025-11-23T13:37:57","guid":{"rendered":"https:\/\/cdnoticias.com\/?p=188577"},"modified":"2025-11-23T10:37:59","modified_gmt":"2025-11-23T13:37:59","slug":"la-uta-ratifico-que-habra-paro-de-colectivos-en-diciembre-si-no-se-pagan-sueldos-y-aguinaldos","status":"publish","type":"post","link":"https:\/\/cdnoticias.com\/index.php\/2025\/11\/23\/la-uta-ratifico-que-habra-paro-de-colectivos-en-diciembre-si-no-se-pagan-sueldos-y-aguinaldos\/","title":{"rendered":"La UTA ratific\u00f3 que habr\u00e1 paro de colectivos en diciembre si no se pagan sueldos y aguinaldos"},"content":{"rendered":"\n<p>El gremio volvi\u00f3 a advertir que se realizar\u00e1 una medida de fuerza si las empresas no abonan en tiempo y forma los salarios y el aguinaldo correspondientes al mes de diciembre.<\/p>\n\n\n\n<hr class=\"wp-block-separator aligncenter has-alpha-channel-opacity\"\/>\n\n\n\n<p>La Uni\u00f3n Tranviarios Automotor (UTA) confirm\u00f3 este jueves que <strong>en diciembre habr\u00e1 paro de colectivos si las empresas de transporte de pasajeros no pagan la totalidad del sueldo y el aguinaldo de los choferes dentro de los plazos habituales.<\/strong><\/p>\n\n\n\n<p>El anuncio llega luego de que <strong>las c\u00e1maras empresarias anticiparan que, debido a las dificultades econ\u00f3micas que atraviesan, podr\u00edan abonar los salarios en dos partes y el sueldo anual complementario en seis cuotas.<\/strong><\/p>\n\n\n\n<p>Ante esa situaci\u00f3n, <strong>el gremio responsabiliz\u00f3 al gobierno de Javier Milei en caso de que los trabajadores deban adoptar una medida de fuerza.<\/strong><\/p>\n\n\n\n<p>Hoy, la UTA ratific\u00f3 su postura y se\u00f1al\u00f3 que se r<strong>ealizar\u00e1 un paro si los choferes no reciben el pago completo para el cuarto d\u00eda h\u00e1bil de diciembre. <\/strong>\u201cEn cada empresa que el cuarto d\u00eda h\u00e1bil no pague los salarios se va a parar\u201d, afirm\u00f3 Mario Caligari, secretario de Prensa de la UTA.<em><strong> \u201cSi fuese por los empresarios, nosotros tendr\u00edamos que pagar para trabajar. El s\u00edndrome del llanto lo tienen desde toda la vida.\u201d<\/strong><\/em><\/p>\n","protected":false},"excerpt":{"rendered":"<p>El gremio volvi\u00f3 a advertir que se realizar\u00e1 una medida de fuerza si las empresas no abonan en tiempo y<\/p>\n","protected":false},"author":2,"featured_media":100669,"comment_status":"closed","ping_status":"closed","sticky":false,"template":"","format":"standard","meta":{"_jetpack_memberships_contains_paid_content":false,"footnotes":""},"categories":[6,1],"tags":[],"class_list":["post-188577","post","type-post","status-publish","format-standard","has-post-thumbnail","hentry","category-nacionales","category-portada"],"jetpack_featured_media_url":"https:\/\/i0.wp.com\/cdnoticias.com\/wp-content\/uploads\/2023\/10\/terminal-colectivos-01.jpg?fit=1000%2C557&ssl=1","jetpack_sharing_enabled":true,"_links":{"self":[{"href":"https:\/\/cdnoticias.com\/index.php\/wp-json\/wp\/v2\/posts\/188577","targetHints":{"allow":["GET"]}}],"collection":[{"href":"https:\/\/cdnoticias.com\/index.php\/wp-json\/wp\/v2\/posts"}],"about":[{"href":"https:\/\/cdnoticias.com\/index.php\/wp-json\/wp\/v2\/types\/post"}],"author":[{"embeddable":true,"href":"https:\/\/cdnoticias.com\/index.php\/wp-json\/wp\/v2\/users\/2"}],"replies":[{"embeddable":true,"href":"https:\/\/cdnoticias.com\/index.php\/wp-json\/wp\/v2\/comments?post=188577"}],"version-history":[{"count":0,"href":"https:\/\/cdnoticias.com\/index.php\/wp-json\/wp\/v2\/posts\/188577\/revisions"}],"wp:featuredmedia":[{"embeddable":true,"href":"https:\/\/cdnoticias.com\/index.php\/wp-json\/wp\/v2\/media\/100669"}],"wp:attachment":[{"href":"https:\/\/cdnoticias.com\/index.php\/wp-json\/wp\/v2\/media?parent=188577"}],"wp:term":[{"taxonomy":"category","embeddable":true,"href":"https:\/\/cdnoticias.com\/index.php\/wp-json\/wp\/v2\/categories?post=188577"},{"taxonomy":"post_tag","embeddable":true,"href":"https:\/\/cdnoticias.com\/index.php\/wp-json\/wp\/v2\/tags?post=188577"}],"curies":[{"name":"wp","href":"https:\/\/api.w.org\/{rel}","templated":true}]}}