{"id":188555,"date":"2025-11-22T19:12:35","date_gmt":"2025-11-22T22:12:35","guid":{"rendered":"https:\/\/cdnoticias.com\/?p=188555"},"modified":"2025-11-22T21:06:36","modified_gmt":"2025-11-23T00:06:36","slug":"regional-amateur-los-olavarrienses-disputaran-la-quinta-fecha","status":"publish","type":"post","link":"https:\/\/cdnoticias.com\/index.php\/2025\/11\/22\/regional-amateur-los-olavarrienses-disputaran-la-quinta-fecha\/","title":{"rendered":"Regional Amateur: los olavarrienses disputar\u00e1n la quinta fecha"},"content":{"rendered":"\n<p>El duelo entre olavarrienses ser\u00e1 entre Embajadores y Ferro en el Tete Di Carlo. Loma Negra recibe a Balonpi\u00e9, Racing har\u00e1 lo propio con Sportivo 25 de Mayo y Estudiantes viaja a 25 de Mayo.&nbsp;<\/p>\n\n\n\n<hr class=\"wp-block-separator aligncenter has-alpha-channel-opacity\"\/>\n\n\n\n<p>En tiempos de definiciones para la zona<strong> Regi\u00f3n Pampeana Sur del Torneo Regional Amateur, se conocen d\u00edas, horarios y ternas para los cinco equipos olavarrienses que disputan el torneo.\u00a0<\/strong><\/p>\n\n\n\n<p>En la Zona 4, <strong>Embajadores y Ferro protagonizar\u00e1n uno de los duelos destacados, en el Tete Di Carlo desde las 20:00 horas de este domingo. <\/strong>Ser\u00e1 arbitrado por Nicol\u00e1s Moreno que tendr\u00e1 como asistentes a Lautaro Bessia y Ariel Benito.<\/p>\n\n\n\n<p>En la misma zona,<strong> el necesitado Loma Negra buscar\u00e1 posicionarse de cara a la \u00faltima fecha ante Balonpi\u00e9 como local desde las 17:00 horas. <\/strong>Emanuel Mazzoni con Joaqu\u00edn Castillo y Mar\u00eda Rolando, todos de Tandil, conformar\u00e1n la terna arbitral.<\/p>\n\n\n\n<p>Ya en la Zona 5, <strong>Racing recibir\u00e1 a Sportivo 25 de Mayo tambi\u00e9n a las 17:00 horas<\/strong>. Braian Tiseira de Bol\u00edvar con Braian Aguilar y Mar\u00eda N\u00fa\u00f1ez conformar\u00e1n la terna arbitral.<\/p>\n\n\n\n<p>Finalmente,<strong> Estudiantes buscar\u00e1 seguir en la buena senda como visitante ante Argentino de 25 de Mayo desde las 18:30 horas tambi\u00e9n del domingo. <\/strong>Gonzalo L\u00f3pez con Juan Giardini y Rodrigo V\u00e1ldez, todos de Ayacucho, dirigir\u00e1n el cotejo.<\/p>\n","protected":false},"excerpt":{"rendered":"<p>El duelo entre olavarrienses ser\u00e1 entre Embajadores y Ferro en el Tete Di Carlo. Loma Negra recibe a Balonpi\u00e9, Racing<\/p>\n","protected":false},"author":2,"featured_media":188556,"comment_status":"closed","ping_status":"closed","sticky":false,"template":"","format":"standard","meta":{"_jetpack_memberships_contains_paid_content":false,"footnotes":""},"categories":[29,35,1],"tags":[],"class_list":["post-188555","post","type-post","status-publish","format-standard","has-post-thumbnail","hentry","category-deportes","category-futbol","category-portada"],"jetpack_featured_media_url":"https:\/\/i0.wp.com\/cdnoticias.com\/wp-content\/uploads\/2025\/11\/racing-regional-amateur.jpeg?fit=1280%2C854&ssl=1","jetpack_sharing_enabled":true,"_links":{"self":[{"href":"https:\/\/cdnoticias.com\/index.php\/wp-json\/wp\/v2\/posts\/188555","targetHints":{"allow":["GET"]}}],"collection":[{"href":"https:\/\/cdnoticias.com\/index.php\/wp-json\/wp\/v2\/posts"}],"about":[{"href":"https:\/\/cdnoticias.com\/index.php\/wp-json\/wp\/v2\/types\/post"}],"author":[{"embeddable":true,"href":"https:\/\/cdnoticias.com\/index.php\/wp-json\/wp\/v2\/users\/2"}],"replies":[{"embeddable":true,"href":"https:\/\/cdnoticias.com\/index.php\/wp-json\/wp\/v2\/comments?post=188555"}],"version-history":[{"count":0,"href":"https:\/\/cdnoticias.com\/index.php\/wp-json\/wp\/v2\/posts\/188555\/revisions"}],"wp:featuredmedia":[{"embeddable":true,"href":"https:\/\/cdnoticias.com\/index.php\/wp-json\/wp\/v2\/media\/188556"}],"wp:attachment":[{"href":"https:\/\/cdnoticias.com\/index.php\/wp-json\/wp\/v2\/media?parent=188555"}],"wp:term":[{"taxonomy":"category","embeddable":true,"href":"https:\/\/cdnoticias.com\/index.php\/wp-json\/wp\/v2\/categories?post=188555"},{"taxonomy":"post_tag","embeddable":true,"href":"https:\/\/cdnoticias.com\/index.php\/wp-json\/wp\/v2\/tags?post=188555"}],"curies":[{"name":"wp","href":"https:\/\/api.w.org\/{rel}","templated":true}]}}