{"id":18848,"date":"2021-04-14T16:23:12","date_gmt":"2021-04-14T19:23:12","guid":{"rendered":"http:\/\/www.centraldenoticias.com.ar\/?p=18848"},"modified":"2021-04-14T16:23:12","modified_gmt":"2021-04-14T19:23:12","slug":"alicia-asuncion-ferreiro-viuda-de-veneziano-q-e-p-d","status":"publish","type":"post","link":"https:\/\/cdnoticias.com\/index.php\/2021\/04\/14\/alicia-asuncion-ferreiro-viuda-de-veneziano-q-e-p-d\/","title":{"rendered":"Alicia Asunci\u00f3n Ferreiro viuda De Veneziano (Q.E.P.D.)"},"content":{"rendered":"<p>Falleci\u00f3 en Olavarr\u00eda el d\u00eda 14 de Abril de 2021 a los 90 a\u00f1os de edad. Sus hijos Carlos y Vicente Edmundo Veneziano, sus hijas pol\u00edticas Irma Valicenti y Margarita Moya, sus nietos Federico y Ezequiel Veneziano, su hermana N\u00e9lida Beatriz Ferreiro, sus sobrinos y dem\u00e1s deudos participan su fallecimiento.<\/p>\n<p>&nbsp;<\/p>\n<p>Sus restos ser\u00e1n velados este jueves desde las 8 y hasta las 10 en la sala velatoria de Espa\u00f1a 2942, departamento B, y ser\u00e1n cremados el viernes desde las 8.30 en el Crematorio de Pinos de Paz. Servicio adherido a Coopelectric.<\/p>\n<p>&nbsp;<\/p>\n<p>Nacida en L\u00edbano. Vecina del barrio Jard\u00edn, jubilada.<\/p>\n<p>&nbsp;<\/p>\n<p>&nbsp;<\/p>\n","protected":false},"excerpt":{"rendered":"<p>Falleci\u00f3 en Olavarr\u00eda el d\u00eda 14 de Abril de 2021 a los 90 a\u00f1os de edad. Sus hijos Carlos y<\/p>\n","protected":false},"author":3,"featured_media":0,"comment_status":"closed","ping_status":"closed","sticky":false,"template":"","format":"standard","meta":{"_jetpack_memberships_contains_paid_content":false,"footnotes":""},"categories":[10],"tags":[],"class_list":["post-18848","post","type-post","status-publish","format-standard","hentry","category-necrologicas"],"jetpack_featured_media_url":"","jetpack_sharing_enabled":true,"_links":{"self":[{"href":"https:\/\/cdnoticias.com\/index.php\/wp-json\/wp\/v2\/posts\/18848","targetHints":{"allow":["GET"]}}],"collection":[{"href":"https:\/\/cdnoticias.com\/index.php\/wp-json\/wp\/v2\/posts"}],"about":[{"href":"https:\/\/cdnoticias.com\/index.php\/wp-json\/wp\/v2\/types\/post"}],"author":[{"embeddable":true,"href":"https:\/\/cdnoticias.com\/index.php\/wp-json\/wp\/v2\/users\/3"}],"replies":[{"embeddable":true,"href":"https:\/\/cdnoticias.com\/index.php\/wp-json\/wp\/v2\/comments?post=18848"}],"version-history":[{"count":0,"href":"https:\/\/cdnoticias.com\/index.php\/wp-json\/wp\/v2\/posts\/18848\/revisions"}],"wp:attachment":[{"href":"https:\/\/cdnoticias.com\/index.php\/wp-json\/wp\/v2\/media?parent=18848"}],"wp:term":[{"taxonomy":"category","embeddable":true,"href":"https:\/\/cdnoticias.com\/index.php\/wp-json\/wp\/v2\/categories?post=18848"},{"taxonomy":"post_tag","embeddable":true,"href":"https:\/\/cdnoticias.com\/index.php\/wp-json\/wp\/v2\/tags?post=18848"}],"curies":[{"name":"wp","href":"https:\/\/api.w.org\/{rel}","templated":true}]}}