{"id":188474,"date":"2025-11-25T10:20:21","date_gmt":"2025-11-25T13:20:21","guid":{"rendered":"https:\/\/cdnoticias.com\/?p=188474"},"modified":"2025-11-25T12:08:12","modified_gmt":"2025-11-25T15:08:12","slug":"barrio-por-barrio-la-proxima-edicion-sera-en-coronel-dorrego","status":"publish","type":"post","link":"https:\/\/cdnoticias.com\/index.php\/2025\/11\/25\/barrio-por-barrio-la-proxima-edicion-sera-en-coronel-dorrego\/","title":{"rendered":"Barrio por Barrio: la pr\u00f3xima edici\u00f3n ser\u00e1 en Coronel Dorrego"},"content":{"rendered":"<p>El mi\u00e9rcoles el punto de encuentro, desde las 9:30 horas, ser\u00e1 calle 17 y Necochea.<!--more--><\/p>\n<hr \/>\n<p>El <strong>Municipio de Olavarr\u00eda<\/strong>, como lo hace <strong>cada mi\u00e9rcoles<\/strong>, despliega en distintos puntos de todo el Partido el Programa <strong>\u201cBarrio por Barrio\u201d<\/strong>, el dispositivo de <strong>abordaje territorial e integral<\/strong>, que acerca a la comunidad la gesti\u00f3n de tr\u00e1mites y servicios que son brindados desde la comuna.<\/p>\n<blockquote><p>En ese marco, este 26 de noviembre ser\u00e1 el turno del barrio Coronel Dorrego. El punto de encuentro ser\u00e1, desde las 9:30 horas, calle 17 y Necochea.<\/p><\/blockquote>\n<p>En ese sitio de la ciudad se dispondr\u00e1n <strong>puestos de atenci\u00f3n de distintas \u00e1reas del Municipio<\/strong>, donde quienes se acerquen podr\u00e1n llevar adelante los siguientes<strong> tr\u00e1mites<\/strong>:<\/p>\n<ul>\n<li>SUBE<\/li>\n<li>Validaci\u00f3n identidad Mi Argentina.<\/li>\n<li>Asesoramiento e inscripci\u00f3n a los programas M\u00e1s Vida y PAAC (personas con celiaqu\u00eda).<\/li>\n<li>Vacunaci\u00f3n antirr\u00e1bica de caninos y felinos<\/li>\n<li>Inscripci\u00f3n a Maternales, Centros de D\u00eda, Envi\u00f3n y Callejeadas.<\/li>\n<li>Atenci\u00f3n de las oficinas de Defensa del Consumidor, Relaciones Vecinales, Casa de Tierras y Regularizaci\u00f3n Dominial, Desarrollo Social, mujeres, G\u00e9neros y Diversidades y Empleo.<\/li>\n<\/ul>\n<p>En paralelo, se desplegar\u00e1 el habitual <strong>dispositivo puerta a puerta<\/strong> en el que se <strong>dialogar\u00e1 con vecinos y vecinas<\/strong> para conocer sus inquietudes y necesidades, las cuales ser\u00e1n remitidas a las \u00e1reas municipales correspondientes. Asimismo se brindar\u00e1 informaci\u00f3n de inter\u00e9s, v\u00edas de comunicaci\u00f3n, entre otros.<\/p>\n<p>Por su parte, distintos equipos de trabajo llevar\u00e1n adelante <strong>tareas de materia de limpieza<\/strong>, como as\u00ed tambi\u00e9n <strong>mantenimiento de calles y espacios p\u00fablicos<\/strong>. Se trabaja de manera simult\u00e1nea y complementaria con personal de empresas que brindan servicios para el Municipio, como <strong>Coopelectric y Transportes Malvinas<\/strong>, para una respuesta integral.<\/p>\n<p>Este tipo de jornadas territoriales <strong>plantean un abordaje integral<\/strong>, para lo cual se dispone de <strong>la participaci\u00f3n del Intendente y los funcionarios<\/strong> del gabinete, junto con personal de las distintas \u00e1reas de gesti\u00f3n municipal: Salud, Educaci\u00f3n, Protecci\u00f3n Ciudadana, Obras P\u00fablicas, Desarrollo de la Comunidad, Defensa al Consumidor, Asuntos Legales, entre otras \u00e1reas. Por ello, se renueva la invitaci\u00f3n a acercarse a vecinos y vecinas del mencionado barrio, como as\u00ed tambi\u00e9n de sectores aleda\u00f1os.<\/p>\n","protected":false},"excerpt":{"rendered":"<p>El mi\u00e9rcoles el punto de encuentro, desde las 9:30 horas, ser\u00e1 calle 17 y Necochea.<\/p>\n","protected":false},"author":4,"featured_media":170938,"comment_status":"closed","ping_status":"closed","sticky":false,"template":"","format":"standard","meta":{"_jetpack_memberships_contains_paid_content":false,"footnotes":""},"categories":[5,1],"tags":[],"class_list":["post-188474","post","type-post","status-publish","format-standard","has-post-thumbnail","hentry","category-informacion-general","category-portada"],"jetpack_featured_media_url":"https:\/\/i0.wp.com\/cdnoticias.com\/wp-content\/uploads\/2025\/05\/barrio-por-barrio-villa-floresta-A.jpg?fit=1000%2C556&ssl=1","jetpack_sharing_enabled":true,"_links":{"self":[{"href":"https:\/\/cdnoticias.com\/index.php\/wp-json\/wp\/v2\/posts\/188474","targetHints":{"allow":["GET"]}}],"collection":[{"href":"https:\/\/cdnoticias.com\/index.php\/wp-json\/wp\/v2\/posts"}],"about":[{"href":"https:\/\/cdnoticias.com\/index.php\/wp-json\/wp\/v2\/types\/post"}],"author":[{"embeddable":true,"href":"https:\/\/cdnoticias.com\/index.php\/wp-json\/wp\/v2\/users\/4"}],"replies":[{"embeddable":true,"href":"https:\/\/cdnoticias.com\/index.php\/wp-json\/wp\/v2\/comments?post=188474"}],"version-history":[{"count":0,"href":"https:\/\/cdnoticias.com\/index.php\/wp-json\/wp\/v2\/posts\/188474\/revisions"}],"wp:featuredmedia":[{"embeddable":true,"href":"https:\/\/cdnoticias.com\/index.php\/wp-json\/wp\/v2\/media\/170938"}],"wp:attachment":[{"href":"https:\/\/cdnoticias.com\/index.php\/wp-json\/wp\/v2\/media?parent=188474"}],"wp:term":[{"taxonomy":"category","embeddable":true,"href":"https:\/\/cdnoticias.com\/index.php\/wp-json\/wp\/v2\/categories?post=188474"},{"taxonomy":"post_tag","embeddable":true,"href":"https:\/\/cdnoticias.com\/index.php\/wp-json\/wp\/v2\/tags?post=188474"}],"curies":[{"name":"wp","href":"https:\/\/api.w.org\/{rel}","templated":true}]}}