{"id":188472,"date":"2025-11-22T16:06:52","date_gmt":"2025-11-22T19:06:52","guid":{"rendered":"https:\/\/cdnoticias.com\/?p=188472"},"modified":"2025-11-22T16:06:54","modified_gmt":"2025-11-22T19:06:54","slug":"programa-giro-este-lunes-no-habra-recoleccion-diferenciada","status":"publish","type":"post","link":"https:\/\/cdnoticias.com\/index.php\/2025\/11\/22\/programa-giro-este-lunes-no-habra-recoleccion-diferenciada\/","title":{"rendered":"Programa GIRO: Este lunes no habr\u00e1 recolecci\u00f3n diferenciada"},"content":{"rendered":"<p>Con motivo del Feriado Nacional. Afectar\u00e1 el servicio de recolecci\u00f3n diferenciada en las rutas Azul, Violeta y Rosa.<!--more--><\/p>\n<hr \/>\n<p>El Municipio de Olavarr\u00eda, en el marco del <strong>Programa de Gesti\u00f3n Integral de Residuos de Olavarr\u00eda (GIRO)<\/strong>, informa que con motivo del Feriado Nacional <strong>este lunes 24 de noviembre no se realizar\u00e1 recolecci\u00f3n diferenciada de residuos<\/strong>, como as\u00ed <strong>tampoco tareas en la Planta de Clasificaci\u00f3n.<\/strong><\/p>\n<p>La situaci\u00f3n<strong> afectar\u00e1 el servicio en tres recorridos<\/strong>. Se trata, por un lado, de la <strong>Ruta Violeta<\/strong> que se encuentra integrada por los barrios El Hornero, Belgrano, Pellegrini, Evita, Provincias Unidas y Educadores.<\/p>\n<p>Tampoco se realizar\u00e1 la recolecci\u00f3n de la<strong> Ruta Azul<\/strong>, que la conforman los barrios Roca Merlo, Mariano Moreno, San Carlos y UTA.<\/p>\n<p>Por \u00faltimo, el recorrido de la <strong>Ruta Rosa<\/strong> que incluye los barrios Villa Floresta, Luj\u00e1n, Hip\u00f3lito Yrigoyen y Jard\u00edn.<\/p>\n<blockquote><p>Se solicit\u00f3 a las personas que viven en los mencionados barrios que no saquen este tipo de residuos. A la par, se record\u00f3 que en distintos puntos de la ciudad se cuenta con Eco Puntos donde se pueden acercar envases y materiales reciclables. El pr\u00f3ximo lunes se retomar\u00e1 la recolecci\u00f3n en cada uno de esas rutas.<\/p><\/blockquote>\n<p>Por \u00faltimo, vale aclarar que <strong>la medida no incluye el servicio de recolecci\u00f3n de residuos tradicional<\/strong>, realizado por la firma Transporte Malvinas, que funcionar\u00e1 con normalidad.<\/p>\n","protected":false},"excerpt":{"rendered":"<p>Con motivo del Feriado Nacional. Afectar\u00e1 el servicio de recolecci\u00f3n diferenciada en las rutas Azul, Violeta y Rosa.<\/p>\n","protected":false},"author":4,"featured_media":187737,"comment_status":"closed","ping_status":"closed","sticky":false,"template":"","format":"standard","meta":{"_jetpack_memberships_contains_paid_content":false,"footnotes":""},"categories":[5,1],"tags":[],"class_list":["post-188472","post","type-post","status-publish","format-standard","has-post-thumbnail","hentry","category-informacion-general","category-portada"],"jetpack_featured_media_url":"https:\/\/i0.wp.com\/cdnoticias.com\/wp-content\/uploads\/2025\/11\/tubarriorecicla1.jpg?fit=900%2C403&ssl=1","jetpack_sharing_enabled":true,"_links":{"self":[{"href":"https:\/\/cdnoticias.com\/index.php\/wp-json\/wp\/v2\/posts\/188472","targetHints":{"allow":["GET"]}}],"collection":[{"href":"https:\/\/cdnoticias.com\/index.php\/wp-json\/wp\/v2\/posts"}],"about":[{"href":"https:\/\/cdnoticias.com\/index.php\/wp-json\/wp\/v2\/types\/post"}],"author":[{"embeddable":true,"href":"https:\/\/cdnoticias.com\/index.php\/wp-json\/wp\/v2\/users\/4"}],"replies":[{"embeddable":true,"href":"https:\/\/cdnoticias.com\/index.php\/wp-json\/wp\/v2\/comments?post=188472"}],"version-history":[{"count":0,"href":"https:\/\/cdnoticias.com\/index.php\/wp-json\/wp\/v2\/posts\/188472\/revisions"}],"wp:featuredmedia":[{"embeddable":true,"href":"https:\/\/cdnoticias.com\/index.php\/wp-json\/wp\/v2\/media\/187737"}],"wp:attachment":[{"href":"https:\/\/cdnoticias.com\/index.php\/wp-json\/wp\/v2\/media?parent=188472"}],"wp:term":[{"taxonomy":"category","embeddable":true,"href":"https:\/\/cdnoticias.com\/index.php\/wp-json\/wp\/v2\/categories?post=188472"},{"taxonomy":"post_tag","embeddable":true,"href":"https:\/\/cdnoticias.com\/index.php\/wp-json\/wp\/v2\/tags?post=188472"}],"curies":[{"name":"wp","href":"https:\/\/api.w.org\/{rel}","templated":true}]}}