{"id":188458,"date":"2025-11-22T10:44:41","date_gmt":"2025-11-22T13:44:41","guid":{"rendered":"https:\/\/cdnoticias.com\/?p=188458"},"modified":"2025-11-22T13:09:19","modified_gmt":"2025-11-22T16:09:19","slug":"el-gobierno-busca-convocar-a-sesiones-extraordinarias-antes-del-10-de-diciembre","status":"publish","type":"post","link":"https:\/\/cdnoticias.com\/index.php\/2025\/11\/22\/el-gobierno-busca-convocar-a-sesiones-extraordinarias-antes-del-10-de-diciembre\/","title":{"rendered":"El Gobierno busca convocar a sesiones extraordinarias antes del 10 de diciembre"},"content":{"rendered":"<p>El oficialismo quiere tratar en tandas las principales reformas y proyectos de ley que impulsa. Se fijaron fechas para los actos de jura de los diputados y senadores electos.<!--more--><\/p>\n<hr \/>\n<p>El Gobierno eval\u00faa oficializar el <strong>llamado a sesiones extraordinarias antes del 10 de diciembre<\/strong>. As\u00ed, el secretario parlamentario de la C\u00e1mara de Diputados, Adri\u00e1n Pag\u00e1n, <strong>cit\u00f3 de manera formal a los legisladores electos para el 3 de diciembre<\/strong> para celebrar la <strong>sesi\u00f3n preparatoria del juramento<\/strong> en el Congreso.<\/p>\n\n\n<p><\/p>\n\n\n\n<p>Seg\u00fan el documento, esta sesi\u00f3n se llevar\u00e1 a cabo <strong>el pr\u00f3ximo mi\u00e9rcoles a las 13 en la C\u00e1mara baja.<\/strong><\/p>\n\n\n\n<p><\/p>\n\n\n\n<p>D\u00edas antes<strong> los 24 senadores que resultaron electos en los comicios de octubre jurar\u00e1n en sus cargos<\/strong> en una sesi\u00f3n preparatoria que se realizar\u00e1 <strong>en la C\u00e1mara alta el 28 de noviembre a las 11<\/strong>, aunque asumir\u00e1n sus bancas el 10 de diciembre junto a los diputados.<\/p>\n\n\n\n<p><\/p>\n\n\n\n<h2 class=\"wp-block-heading\">Cuanto antes<\/h2>\n\n\n\n<p><\/p>\n\n\n\n<blockquote class=\"wp-block-quote is-layout-flow wp-block-quote-is-layout-flow\">\n<p>Esta movida del Gobierno nacional tiene como objetivo tratar cuanto antes la serie de proyectos clave que impulsa. De hecho, tambi\u00e9n se eval\u00faa un potencial desdoblamiento de las fechas de sesiones extraordinarias para tratar en tandas las principales reformas -laboral, penal y tributaria- y proyectos de ley.<\/p>\n<\/blockquote>\n\n\n\n<p><\/p>\n\n\n\n<p>Si bien <strong>el titular de la C\u00e1mara de Diputados, Mart\u00edn Menem, tiene intenciones de extender las sesiones en enero<\/strong>, lo m\u00e1s probable es que durante ese mes haya un receso y la actividad se retome del 1\u00ba al 28 de febrero.<\/p>\n","protected":false},"excerpt":{"rendered":"<p>El oficialismo quiere tratar en tandas las principales reformas y proyectos de ley que impulsa. Se fijaron fechas para los<\/p>\n","protected":false},"author":4,"featured_media":185449,"comment_status":"closed","ping_status":"closed","sticky":false,"template":"","format":"standard","meta":{"_jetpack_memberships_contains_paid_content":false,"footnotes":""},"categories":[6,1],"tags":[],"class_list":["post-188458","post","type-post","status-publish","format-standard","has-post-thumbnail","hentry","category-nacionales","category-portada"],"jetpack_featured_media_url":"https:\/\/i0.wp.com\/cdnoticias.com\/wp-content\/uploads\/2025\/10\/congreso.png?fit=983%2C553&ssl=1","jetpack_sharing_enabled":true,"_links":{"self":[{"href":"https:\/\/cdnoticias.com\/index.php\/wp-json\/wp\/v2\/posts\/188458","targetHints":{"allow":["GET"]}}],"collection":[{"href":"https:\/\/cdnoticias.com\/index.php\/wp-json\/wp\/v2\/posts"}],"about":[{"href":"https:\/\/cdnoticias.com\/index.php\/wp-json\/wp\/v2\/types\/post"}],"author":[{"embeddable":true,"href":"https:\/\/cdnoticias.com\/index.php\/wp-json\/wp\/v2\/users\/4"}],"replies":[{"embeddable":true,"href":"https:\/\/cdnoticias.com\/index.php\/wp-json\/wp\/v2\/comments?post=188458"}],"version-history":[{"count":0,"href":"https:\/\/cdnoticias.com\/index.php\/wp-json\/wp\/v2\/posts\/188458\/revisions"}],"wp:featuredmedia":[{"embeddable":true,"href":"https:\/\/cdnoticias.com\/index.php\/wp-json\/wp\/v2\/media\/185449"}],"wp:attachment":[{"href":"https:\/\/cdnoticias.com\/index.php\/wp-json\/wp\/v2\/media?parent=188458"}],"wp:term":[{"taxonomy":"category","embeddable":true,"href":"https:\/\/cdnoticias.com\/index.php\/wp-json\/wp\/v2\/categories?post=188458"},{"taxonomy":"post_tag","embeddable":true,"href":"https:\/\/cdnoticias.com\/index.php\/wp-json\/wp\/v2\/tags?post=188458"}],"curies":[{"name":"wp","href":"https:\/\/api.w.org\/{rel}","templated":true}]}}