{"id":188419,"date":"2025-11-21T20:05:22","date_gmt":"2025-11-21T23:05:22","guid":{"rendered":"https:\/\/cdnoticias.com\/?p=188419"},"modified":"2025-11-21T20:05:24","modified_gmt":"2025-11-21T23:05:24","slug":"se-inauguro-el-mural-ellas-no-estaban-pintadas-en-azul","status":"publish","type":"post","link":"https:\/\/cdnoticias.com\/index.php\/2025\/11\/21\/se-inauguro-el-mural-ellas-no-estaban-pintadas-en-azul\/","title":{"rendered":"Se inaugur\u00f3 el mural \u201cEllas no estaban pintadas\u201d en Azul\u00a0"},"content":{"rendered":"\n<p>El proyecto fue coordinado por la Direcci\u00f3n de la Regi\u00f3n S\u00e9ptima del Ministerio de Mujeres y Diversidad, en articulaci\u00f3n con el \u00c1rea de G\u00e9neros de la Facultad de Derecho (UNICEN), la Direcci\u00f3n de Pol\u00edticas de G\u00e9nero y Diversidad del municipio y el Consejo Escolar.<\/p>\n\n\n\n<hr class=\"wp-block-separator aligncenter has-alpha-channel-opacity\"\/>\n\n\n\n<p>En la <strong>Escuela Secundaria N\u00b08 de Azul<\/strong> se realiz\u00f3 la <strong>inauguraci\u00f3n del mural que rinde homenaje a mujeres que dejaron una huella en la historia local<\/strong> y que contin\u00faan marcando el presente desde diversos espacios de compromiso social.<\/p>\n\n\n\n<p><\/p>\n\n\n\n<p>Entre las figuras retratadas se destacan dos referentes hist\u00f3ricas: <strong>Justa Gallardo, docente y periodista<\/strong> reconocida por su lucha en defensa del nombre de la ciudad cuando se intent\u00f3 rebautizar como General Rivas; y <strong>Delia Bermay, manzanera y fundadora de comisiones de fomento,<\/strong> quien dedic\u00f3 su vida a la defensa de los derechos en los barrios populares.<\/p>\n\n\n\n<p><\/p>\n\n\n\n<figure class=\"wp-block-image aligncenter size-full\"><img data-recalc-dims=\"1\" loading=\"lazy\" decoding=\"async\" width=\"800\" height=\"512\" src=\"https:\/\/i0.wp.com\/cdnoticias.com\/wp-content\/uploads\/2025\/11\/mural-azul3.jpg?resize=800%2C512&#038;ssl=1\" alt=\"\" class=\"wp-image-188422\" srcset=\"https:\/\/i0.wp.com\/cdnoticias.com\/wp-content\/uploads\/2025\/11\/mural-azul3.jpg?w=900&amp;ssl=1 900w, https:\/\/i0.wp.com\/cdnoticias.com\/wp-content\/uploads\/2025\/11\/mural-azul3.jpg?resize=300%2C192&amp;ssl=1 300w, https:\/\/i0.wp.com\/cdnoticias.com\/wp-content\/uploads\/2025\/11\/mural-azul3.jpg?resize=768%2C492&amp;ssl=1 768w\" sizes=\"auto, (max-width: 800px) 100vw, 800px\" \/><\/figure>\n\n\n\n<p><\/p>\n\n\n\n<blockquote class=\"wp-block-quote is-layout-flow wp-block-quote-is-layout-flow\">\n<p>A ellas se suman otras siete mujeres que han sido protagonistas en \u00e1mbitos como la educaci\u00f3n, la salud y el trabajo comunitario: Araceli Aguirre, Mirta Ca\u00f1as, Mirta Laguna, Ver\u00f3nica Crisafulli, Victoria Lozardo, Ver\u00f3nica Seoane y Yesica Tondi. Todas comparten una misma trama: el compromiso sostenido con la igualdad y la justicia social en Azul.<\/p>\n<\/blockquote>\n\n\n\n<p><\/p>\n\n\n\n<p>Durante la jornada, <strong>un centenar de personas <\/strong>\u2014entre ni\u00f1eces, juventudes, docentes, vecinas y vecinos del barrio, familiares y protagonistas del mural\u2014 <strong>participaron de distintas actividades l\u00fadicas y pedag\u00f3gicas, del taller de serigraf\u00eda, de la radio abierta y de una presentaci\u00f3n de folclore con baile y canto.<\/strong><\/p>\n\n\n\n<p><\/p>\n\n\n\n<figure class=\"wp-block-image aligncenter size-full\"><img data-recalc-dims=\"1\" loading=\"lazy\" decoding=\"async\" width=\"800\" height=\"532\" src=\"https:\/\/i0.wp.com\/cdnoticias.com\/wp-content\/uploads\/2025\/11\/mural-azul1.jpg?resize=800%2C532&#038;ssl=1\" alt=\"\" class=\"wp-image-188424\" srcset=\"https:\/\/i0.wp.com\/cdnoticias.com\/wp-content\/uploads\/2025\/11\/mural-azul1.jpg?w=900&amp;ssl=1 900w, https:\/\/i0.wp.com\/cdnoticias.com\/wp-content\/uploads\/2025\/11\/mural-azul1.jpg?resize=300%2C199&amp;ssl=1 300w, https:\/\/i0.wp.com\/cdnoticias.com\/wp-content\/uploads\/2025\/11\/mural-azul1.jpg?resize=768%2C510&amp;ssl=1 768w, https:\/\/i0.wp.com\/cdnoticias.com\/wp-content\/uploads\/2025\/11\/mural-azul1.jpg?resize=272%2C182&amp;ssl=1 272w\" sizes=\"auto, (max-width: 800px) 100vw, 800px\" \/><\/figure>\n\n\n\n<p><\/p>\n\n\n\n<p>El mural fue dise\u00f1ado por las <strong>artistas azule\u00f1as Bel\u00e9n Cuevas, Ana Corina Mart\u00ednez y \u00c1ngela Gallardo<\/strong>. Las instituciones locales que forman parte de esta construcci\u00f3n colectiva art\u00edstica en el espacio p\u00fablico son: el Jard\u00edn N\u00b0912, la EP N\u00b064, los CAPS N\u00b05 y N\u00b013, la ONG Puertas Abiertas, el Espacio Verde Santa Luc\u00eda y la Facultad de Derecho de la UNICEN.<\/p>\n\n\n\n<p><\/p>\n\n\n\n<blockquote class=\"wp-block-quote is-layout-flow wp-block-quote-is-layout-flow\">\n<p>El proyecto fue coordinado por la Direcci\u00f3n de la Regi\u00f3n S\u00e9ptima del Ministerio de Mujeres y Diversidad, en articulaci\u00f3n con el \u00c1rea de G\u00e9neros de la Facultad de Derecho (UNICEN), la Direcci\u00f3n de Pol\u00edticas de G\u00e9nero y Diversidad del municipio y el Consejo Escolar.<\/p>\n<\/blockquote>\n\n\n\n<p><\/p>\n\n\n\n<p>Acompa\u00f1aron la jornada Hosanna Cazola, directora de la Regi\u00f3n S\u00e9ptima del Ministerio de las Mujeres y Diversidad; Victoria Gorgojo, coordinadora del programa; Virginia Balderrama, responsable distrital de ESI; Roc\u00edo Zarlenga, inspectora de Psicolog\u00eda Comunitaria y Pedagog\u00eda Social; representantes de los CAPS V y XIII; Soledad Agostini, del Espacio Cultural y Educativo Puertas Abiertas; integrantes de SUTEBA y el equipo de la Direcci\u00f3n.<\/p>\n\n\n\n<p><\/p>\n\n\n\n<figure class=\"wp-block-image aligncenter size-full\"><img data-recalc-dims=\"1\" loading=\"lazy\" decoding=\"async\" width=\"800\" height=\"528\" src=\"https:\/\/i0.wp.com\/cdnoticias.com\/wp-content\/uploads\/2025\/11\/mural-azul4.jpg?resize=800%2C528&#038;ssl=1\" alt=\"\" class=\"wp-image-188421\" srcset=\"https:\/\/i0.wp.com\/cdnoticias.com\/wp-content\/uploads\/2025\/11\/mural-azul4.jpg?w=900&amp;ssl=1 900w, https:\/\/i0.wp.com\/cdnoticias.com\/wp-content\/uploads\/2025\/11\/mural-azul4.jpg?resize=300%2C198&amp;ssl=1 300w, https:\/\/i0.wp.com\/cdnoticias.com\/wp-content\/uploads\/2025\/11\/mural-azul4.jpg?resize=768%2C507&amp;ssl=1 768w\" sizes=\"auto, (max-width: 800px) 100vw, 800px\" \/><\/figure>\n","protected":false},"excerpt":{"rendered":"<p>El proyecto fue coordinado por la Direcci\u00f3n de la Regi\u00f3n S\u00e9ptima del Ministerio de Mujeres y Diversidad, en articulaci\u00f3n con<\/p>\n","protected":false},"author":6,"featured_media":188423,"comment_status":"closed","ping_status":"closed","sticky":false,"template":"","format":"standard","meta":{"_jetpack_memberships_contains_paid_content":false,"footnotes":""},"categories":[3,1],"tags":[],"class_list":["post-188419","post","type-post","status-publish","format-standard","has-post-thumbnail","hentry","category-genero","category-portada"],"jetpack_featured_media_url":"https:\/\/i0.wp.com\/cdnoticias.com\/wp-content\/uploads\/2025\/11\/mural-azul2.jpg?fit=900%2C601&ssl=1","jetpack_sharing_enabled":true,"_links":{"self":[{"href":"https:\/\/cdnoticias.com\/index.php\/wp-json\/wp\/v2\/posts\/188419","targetHints":{"allow":["GET"]}}],"collection":[{"href":"https:\/\/cdnoticias.com\/index.php\/wp-json\/wp\/v2\/posts"}],"about":[{"href":"https:\/\/cdnoticias.com\/index.php\/wp-json\/wp\/v2\/types\/post"}],"author":[{"embeddable":true,"href":"https:\/\/cdnoticias.com\/index.php\/wp-json\/wp\/v2\/users\/6"}],"replies":[{"embeddable":true,"href":"https:\/\/cdnoticias.com\/index.php\/wp-json\/wp\/v2\/comments?post=188419"}],"version-history":[{"count":0,"href":"https:\/\/cdnoticias.com\/index.php\/wp-json\/wp\/v2\/posts\/188419\/revisions"}],"wp:featuredmedia":[{"embeddable":true,"href":"https:\/\/cdnoticias.com\/index.php\/wp-json\/wp\/v2\/media\/188423"}],"wp:attachment":[{"href":"https:\/\/cdnoticias.com\/index.php\/wp-json\/wp\/v2\/media?parent=188419"}],"wp:term":[{"taxonomy":"category","embeddable":true,"href":"https:\/\/cdnoticias.com\/index.php\/wp-json\/wp\/v2\/categories?post=188419"},{"taxonomy":"post_tag","embeddable":true,"href":"https:\/\/cdnoticias.com\/index.php\/wp-json\/wp\/v2\/tags?post=188419"}],"curies":[{"name":"wp","href":"https:\/\/api.w.org\/{rel}","templated":true}]}}