{"id":188392,"date":"2025-11-21T19:00:35","date_gmt":"2025-11-21T22:00:35","guid":{"rendered":"https:\/\/cdnoticias.com\/?p=188392"},"modified":"2025-11-21T19:00:37","modified_gmt":"2025-11-21T22:00:37","slug":"investigar-en-clave-social-miradas-y-experiencias-jovenes-de-facso","status":"publish","type":"post","link":"https:\/\/cdnoticias.com\/index.php\/2025\/11\/21\/investigar-en-clave-social-miradas-y-experiencias-jovenes-de-facso\/","title":{"rendered":"Investigar en clave social: miradas y experiencias j\u00f3venes de FACSO"},"content":{"rendered":"\n<p>En las Jornadas de Becarios\/as y J\u00f3venes Investigadores\/as de la Facultad de Ciencias Sociales se presentaron alrededor de 40 investigaciones vinculadas a distintas tem\u00e1ticas de las Ciencias Sociales. La conferencia central estuvo a cargo del Dr. Roberto Salvarezza.<\/p>\n\n\n\n<hr class=\"wp-block-separator has-alpha-channel-opacity\"\/>\n\n\n\n<p>La Facultad de Ciencias Sociales de la Universidad Nacional del Centro de la Provincia de Buenos Aires llev\u00f3 adelante el pasado jueves las<strong> Jornadas de Becarios\/as y J\u00f3venes Investigadores\/as de la Facultad de Ciencias Sociales: \u201cLa investigaci\u00f3n social en la FACSO: experiencias, desaf\u00edos, fortalezas y proyecciones\u201d,<\/strong> una propuesta organizada en el marco de la Semana Nacional de las Ciencias, las Artes y la Producci\u00f3n de Conocimiento.<\/p>\n\n\n\n<p><\/p>\n\n\n\n<p>Las Jornadas reunieron a<strong> investigadores\/as, becarios\/as y tesistas de distintas tem\u00e1ticas, n\u00facleos y l\u00edneas de investigaci\u00f3n de la unidad acad\u00e9mica, <\/strong>en una instancia que les permiti\u00f3 compartir y socializar sus trabajos de investigaci\u00f3n y sus experiencias en el desarrollo de los mismos.<\/p>\n\n\n\n<p><\/p>\n\n\n\n<p>La apertura estuvo a cargo del <strong>decano de FACSO, Dr. Gustavo Flensborg; la secretaria de Ciencia, Arte y Tecnolog\u00eda de la UNICEN, Dra. Mar\u00eda Guti\u00e9rrez, y la secretaria de Investigaci\u00f3n y Postgrado de FACSO, Dra. Constanza Caffarelli. <\/strong>Participaron asimismo en las Jornadas otras autoridades de FACSO, como el <strong>vicedecano Esp. Nicol\u00e1s Casado; la secretaria Acad\u00e9mica Mag. Suyai Compagnon y la secretaria de Extensi\u00f3n Prof. Natalia Mengochea, directores\/as de NACTs y l\u00edneas de investigaci\u00f3n, estudiantes, docentes, graduados\/as e investigadores\/as de la unidad acad\u00e9mica.<\/strong><\/p>\n\n\n\n<p><\/p>\n\n\n\n<p>En la bienvenida, el <strong>Dr. Flensborg<\/strong> celebr\u00f3 que se haya gestado este encuentro que permite \u201c<strong>visibilizar e intercambiar las investigaciones que se vienen desarrollando desde hace muchos a\u00f1os<\/strong>. Esperemos que este sea un espacio interesante para que los y las estudiantes, que ser\u00e1n becarios el d\u00eda de ma\u00f1ana, lo vean como una fuente de insumo para pensar problem\u00e1ticas sociales y pol\u00edticas p\u00fablicas en clave de derechos humanos\u201d.<\/p>\n\n\n\n<p><\/p>\n\n\n\n<p>Por su parte, la<strong> Dra. Guti\u00e9rrez<\/strong> expuso que estas Jornadas permiten<strong> \u201cdemostrar que desde las Ciencias Sociales podemos generar conocimiento sumamente valioso para distintos aspectos que impactan directamente a nuestra sociedad y a nuestro territorio\u201d<\/strong>. Destac\u00f3 la necesidad de \u201capuntalar y fortalecer a nuestros j\u00f3venes docentes investigadores de la Universidad P\u00fablica, porque ah\u00ed est\u00e1 el futuro\u201d.<\/p>\n\n\n\n<p><\/p>\n\n\n\n<p>Mientras tanto, la <strong>Dra. Caffarelli <\/strong>puso en valor la importancia del desarrollo de las Jornadas que reunieron a investigadores\/as y actores de distintas \u00e1reas y espacios de investigaci\u00f3n de FACSO. \u201cEste encuentro permite <strong>poner en valor cu\u00e1l es nuestro trabajo,<\/strong> cu\u00e1les son nuestros logros y por qu\u00e9 es importante seguir desarrollando ciencia y educaci\u00f3n p\u00fablica en Argentina\u201d.<\/p>\n\n\n\n<p><\/p>\n\n\n\n<figure class=\"wp-block-image size-large\"><img data-recalc-dims=\"1\" loading=\"lazy\" decoding=\"async\" width=\"800\" height=\"509\" src=\"https:\/\/i0.wp.com\/cdnoticias.com\/wp-content\/uploads\/2025\/11\/Jornadas-de-Becarios2.png?resize=800%2C509&#038;ssl=1\" alt=\"\" class=\"wp-image-188393\" srcset=\"https:\/\/i0.wp.com\/cdnoticias.com\/wp-content\/uploads\/2025\/11\/Jornadas-de-Becarios2.png?resize=1024%2C652&amp;ssl=1 1024w, https:\/\/i0.wp.com\/cdnoticias.com\/wp-content\/uploads\/2025\/11\/Jornadas-de-Becarios2.png?resize=300%2C191&amp;ssl=1 300w, https:\/\/i0.wp.com\/cdnoticias.com\/wp-content\/uploads\/2025\/11\/Jornadas-de-Becarios2.png?resize=768%2C489&amp;ssl=1 768w, https:\/\/i0.wp.com\/cdnoticias.com\/wp-content\/uploads\/2025\/11\/Jornadas-de-Becarios2.png?w=1200&amp;ssl=1 1200w\" sizes=\"auto, (max-width: 800px) 100vw, 800px\" \/><\/figure>\n\n\n\n<p><\/p>\n\n\n\n<p><strong>\u201cLa ciencia al servicio del pa\u00eds\u201d<\/strong><\/p>\n\n\n\n<p><\/p>\n\n\n\n<p>La conferencia central de las Jornadas estuvo a cargo del <strong>Dr. Roberto Salvarezza, Presidente de la Comisi\u00f3n de Investigaciones Cient\u00edficas de la Provincia de Buenos Aires (CICPBA),<\/strong> quien analiz\u00f3 el rol y la importancia de la ciencia en la actualidad, as\u00ed como las pol\u00edticas nacionales e internacionales vinculadas con el desarrollo cient\u00edfico. Estuvo acompa\u00f1ado en la presentaci\u00f3n por la Dra. Caffarelli.<\/p>\n\n\n\n<p><\/p>\n\n\n\n<blockquote class=\"wp-block-quote is-layout-flow wp-block-quote-is-layout-flow\">\n<p>Ante un importante p\u00fablico, el ex Ministro de Ciencia de la Naci\u00f3n, de manera inicial plante\u00f3 que <strong>\u201cla ciencia debe ser un proyecto colectivo al servicio del pa\u00eds\u201d<\/strong>, en un proceso en el que \u201cla gente joven que est\u00e1 en la Universidad es la que tiene la capacidad de innovar y atender a los desaf\u00edos actuales\u201d.<\/p>\n<\/blockquote>\n\n\n\n<p><\/p>\n\n\n\n<p>Asimismo, refiri\u00f3 que \u201cse necesitan estructuras pol\u00edticas cient\u00edfico-tecnol\u00f3gicas para convocar a la comunidad cient\u00edfica a desarrollar proyectos para que toda la comunidad est\u00e9 funcionando. Se tienen que proponer<strong> instancias para convocar a la comunidad a resolver problem\u00e1ticas centrales<\/strong> y esto se logra con pol\u00edticas p\u00fablicas\u201d.<\/p>\n\n\n\n<p><\/p>\n\n\n\n<p>Previamente, el Dr. Salvarezza mantuvo una reuni\u00f3n con las autoridades de <strong>FACSO, de SECAT y del Instituto INCUAPA.<\/strong><\/p>\n\n\n\n<p><\/p>\n\n\n\n<figure class=\"wp-block-image size-large\"><img data-recalc-dims=\"1\" loading=\"lazy\" decoding=\"async\" width=\"800\" height=\"466\" src=\"https:\/\/i0.wp.com\/cdnoticias.com\/wp-content\/uploads\/2025\/11\/Jornadas-de-Becarios1.png?resize=800%2C466&#038;ssl=1\" alt=\"\" class=\"wp-image-188394\" srcset=\"https:\/\/i0.wp.com\/cdnoticias.com\/wp-content\/uploads\/2025\/11\/Jornadas-de-Becarios1.png?resize=1024%2C596&amp;ssl=1 1024w, https:\/\/i0.wp.com\/cdnoticias.com\/wp-content\/uploads\/2025\/11\/Jornadas-de-Becarios1.png?resize=300%2C175&amp;ssl=1 300w, https:\/\/i0.wp.com\/cdnoticias.com\/wp-content\/uploads\/2025\/11\/Jornadas-de-Becarios1.png?resize=768%2C447&amp;ssl=1 768w, https:\/\/i0.wp.com\/cdnoticias.com\/wp-content\/uploads\/2025\/11\/Jornadas-de-Becarios1.png?w=1200&amp;ssl=1 1200w\" sizes=\"auto, (max-width: 800px) 100vw, 800px\" \/><\/figure>\n\n\n\n<p><\/p>\n\n\n\n<p><strong>Primeros pasos en la investigaci\u00f3n<\/strong><\/p>\n\n\n\n<p><\/p>\n\n\n\n<p>La primera propuesta se trat\u00f3 del<strong> taller \u201cPrimeros pasos en la investigaci\u00f3n: orientaciones para postular a convocatorias de becas\u201d<\/strong>, en el que se abordaron los distintos sistemas de becas a los que se puede acceder desde las Ciencias Sociales y las instancias de postulaci\u00f3n, as\u00ed como las experiencias de los y las expositores\/as.<\/p>\n\n\n\n<p><\/p>\n\n\n\n<p>La propuesta fue coordinada por la Dra. Natalia Larrea (NEAJ\/CONICET), quien estuvo acompa\u00f1ada por el Lic. Leandro Banchio (NEAJ\/CONICET), el Lic. Eliseo D\u00edaz (ECCO-FACSO\/CONICET), la Prof. Gimena Fern\u00e1ndez (IFIPRAC_Ed) y la Lic. Milagros R\u00edos Malan (INCUAPA\/CONICET).<\/p>\n\n\n\n<p><\/p>\n\n\n\n<p><strong>Presentaci\u00f3n de investigaciones<\/strong><\/p>\n\n\n\n<p><\/p>\n\n\n\n<p>En dos instancias, por la ma\u00f1ana y por la tarde, se desarrollaron las mesas de expositores\/as que presentaron los p\u00f3sters enviados para las Jornadas.<\/p>\n\n\n\n<p><\/p>\n\n\n\n<p><strong>Mesa G\u00e9nero, trabajo y pol\u00edticas de igualdad:<\/strong> Lic. Roc\u00edo Bassi (CONICET\/NURES), estudiante Diego Diomedi (NURES), estudiante Mila Recabarren (PROINCOMSCI), estudiante Camila Newbery (NEAJ) y Dra. Natalia Larrea (CONICET\/NEAJ).<\/p>\n\n\n\n<p><\/p>\n\n\n\n<p><strong>Mesa Educaci\u00f3n, cultura y ciudadan\u00edas emergentes: <\/strong>Prof. Gimena Fern\u00e1ndez (IFIPRAC_ED), Lic. Prof. Jesica Su\u00e1rez (IFIPRAC_ED), Prof. Milagros Telechea (IFIPRAC_ED), estudiante Isabel Dondero (CIN\/PROINCOMSCI), Lic. Sof\u00eda Due\u00f1as D\u00edaz (CONICET\/NURES) y Dra.Roc\u00edo Lencina Raggi (NURES).<\/p>\n\n\n\n<p><\/p>\n\n\n\n<p><strong>Mesa Territorios, ambientes y memorias materiales: <\/strong>Lic. Mar\u00eda Jos\u00e9 Colantonio (INCUAPA), estudiante Malena Cena Di Matteo (CICPBA\/INCUAPA), Lic. Milagros R\u00edos Malan (INCUAPA), Lic. Jonatan Bellinzoni (INCUAPA), Lic. Marcos Recofsky (INCUAPA) y Lic. Agust\u00edn Venzi Zanazzi (INCUAPA\/PN).<\/p>\n\n\n\n<p><\/p>\n\n\n\n<p><strong>Mesa Memorias, identidades y patrimonio:<\/strong> estudiante Anal\u00eda Fleitas (PROINCOMSCI), estudiante D\u00e9bora Malanchuk Samek (CIN\/NURES), Lic. Roc\u00edo Lastape (CONICET\/NURES), Mag. Ana P\u00eda Recavarren (CONICET\/NURES) y Mag. Rodrigo Pallicer (NURES).<\/p>\n\n\n\n<p><\/p>\n\n\n\n<p><strong>Mesa Estado, ciudadan\u00eda y acci\u00f3n p\u00fablica:<\/strong> Lic. Leandro Banchio (CONICET\/NEAJ), estudiante Brisa Tejeda (CIN\/NEAJ), Lic. Silvina Mentasti (CICPBA\/NEAJ) y Lic. Magdalena Alicata (CONICET\/NURES).<\/p>\n\n\n\n<p><\/p>\n\n\n\n<p><strong>Mesa Comunicaci\u00f3n, medios e inteligencia artificial:<\/strong> Dr. Exequiel Alonso (CONICET\/ECCO), estudiante Lucas Woldryk (ECCO), estudiante Alexis Grierson (ECCO), Lic. Roc\u00edo Pereyra (ECCO), estudiante Martiniano Arroyo (ECCO) y estudiante Florencia Schantl (FACSO).<\/p>\n\n\n\n<p><\/p>\n\n\n\n<p><strong>Mesa Medios, plataformas y luchas por el sentido: <\/strong>Lic. Eliseo D\u00edaz (CONICET\/ECCO), estudiante Agust\u00edn Dal Poggeto (PROINCOMSCI), Lic. Lisi Batres (CICPBA\/ECCO), estudiante Jennifer Felice (PROINCOMSCI), estudiante Carolina Doumecq (PROINCOMSCI), estudiante Ana Bel\u00e9n Lamela (PROINCOMSCI) y Lic. Juan Pablo Palmieri (CICPBA\/ESADyC).<\/p>\n","protected":false},"excerpt":{"rendered":"<p>En las Jornadas de Becarios\/as y J\u00f3venes Investigadores\/as de la Facultad de Ciencias Sociales se presentaron alrededor de 40 investigaciones<\/p>\n","protected":false},"author":5,"featured_media":188395,"comment_status":"closed","ping_status":"closed","sticky":false,"template":"","format":"standard","meta":{"_jetpack_memberships_contains_paid_content":false,"footnotes":""},"categories":[5,1],"tags":[],"class_list":["post-188392","post","type-post","status-publish","format-standard","has-post-thumbnail","hentry","category-informacion-general","category-portada"],"jetpack_featured_media_url":"https:\/\/i0.wp.com\/cdnoticias.com\/wp-content\/uploads\/2025\/11\/Jornadas-de-Becarios.png?fit=1200%2C653&ssl=1","jetpack_sharing_enabled":true,"_links":{"self":[{"href":"https:\/\/cdnoticias.com\/index.php\/wp-json\/wp\/v2\/posts\/188392","targetHints":{"allow":["GET"]}}],"collection":[{"href":"https:\/\/cdnoticias.com\/index.php\/wp-json\/wp\/v2\/posts"}],"about":[{"href":"https:\/\/cdnoticias.com\/index.php\/wp-json\/wp\/v2\/types\/post"}],"author":[{"embeddable":true,"href":"https:\/\/cdnoticias.com\/index.php\/wp-json\/wp\/v2\/users\/5"}],"replies":[{"embeddable":true,"href":"https:\/\/cdnoticias.com\/index.php\/wp-json\/wp\/v2\/comments?post=188392"}],"version-history":[{"count":0,"href":"https:\/\/cdnoticias.com\/index.php\/wp-json\/wp\/v2\/posts\/188392\/revisions"}],"wp:featuredmedia":[{"embeddable":true,"href":"https:\/\/cdnoticias.com\/index.php\/wp-json\/wp\/v2\/media\/188395"}],"wp:attachment":[{"href":"https:\/\/cdnoticias.com\/index.php\/wp-json\/wp\/v2\/media?parent=188392"}],"wp:term":[{"taxonomy":"category","embeddable":true,"href":"https:\/\/cdnoticias.com\/index.php\/wp-json\/wp\/v2\/categories?post=188392"},{"taxonomy":"post_tag","embeddable":true,"href":"https:\/\/cdnoticias.com\/index.php\/wp-json\/wp\/v2\/tags?post=188392"}],"curies":[{"name":"wp","href":"https:\/\/api.w.org\/{rel}","templated":true}]}}