{"id":188382,"date":"2025-11-21T09:07:48","date_gmt":"2025-11-21T12:07:48","guid":{"rendered":"https:\/\/cdnoticias.com\/?p=188382"},"modified":"2025-11-21T09:07:50","modified_gmt":"2025-11-21T12:07:50","slug":"ofelia-yolanda-enrique-viuda-de-dume-yoli-q-e-p-d","status":"publish","type":"post","link":"https:\/\/cdnoticias.com\/index.php\/2025\/11\/21\/ofelia-yolanda-enrique-viuda-de-dume-yoli-q-e-p-d\/","title":{"rendered":"Ofelia Yolanda Enrique viuda de Dume \u201cYoli\u201d (Q.E.P.D.)"},"content":{"rendered":"\n<hr class=\"wp-block-separator has-alpha-channel-opacity\"\/>\n\n\n\n<p>Falleci\u00f3 en Olavarr\u00eda el 21 de noviembre de 2025 a los 74 a\u00f1os. Sus hijos Nazareno y Jes\u00fas. Su hija pol\u00edtica Giovana. Sus nietos Denisse, Gianna, Tom\u00e1s, Alejo y Bautista. Sus hermanos Alfredo y Norma. Sus hermanos pol\u00edticos. Sus sobrinos. Sus amigos y dem\u00e1s deudos participan su fallecimiento.<\/p>\n\n\n\n<p><\/p>\n\n\n\n<p>Sus restos ser\u00e1n velados en la Sala de Espa\u00f1a 2942 departamento \u201cB\u201d. Sin responso. Ser\u00e1n inhumados en el Cementerio Loma de Paz este s\u00e1bado 22 de noviembre a las 08:30 horas. Servicio adherido a Coopelectric.<\/p>\n\n\n\n<p><\/p>\n\n\n\n<p>Nacida en Olavarr\u00eda, vecina de barrio Villa Floresta, jubilada.<\/p>\n","protected":false},"excerpt":{"rendered":"<p>Falleci\u00f3 en Olavarr\u00eda el 21 de noviembre de 2025 a los 74 a\u00f1os. Sus hijos Nazareno y Jes\u00fas. Su hija<\/p>\n","protected":false},"author":5,"featured_media":100390,"comment_status":"closed","ping_status":"closed","sticky":false,"template":"","format":"standard","meta":{"_jetpack_memberships_contains_paid_content":false,"footnotes":""},"categories":[10],"tags":[],"class_list":["post-188382","post","type-post","status-publish","format-standard","has-post-thumbnail","hentry","category-necrologicas"],"jetpack_featured_media_url":"https:\/\/i0.wp.com\/cdnoticias.com\/wp-content\/uploads\/2023\/10\/necrologicas-390-x-240.jpg?fit=390%2C240&ssl=1","jetpack_sharing_enabled":true,"_links":{"self":[{"href":"https:\/\/cdnoticias.com\/index.php\/wp-json\/wp\/v2\/posts\/188382","targetHints":{"allow":["GET"]}}],"collection":[{"href":"https:\/\/cdnoticias.com\/index.php\/wp-json\/wp\/v2\/posts"}],"about":[{"href":"https:\/\/cdnoticias.com\/index.php\/wp-json\/wp\/v2\/types\/post"}],"author":[{"embeddable":true,"href":"https:\/\/cdnoticias.com\/index.php\/wp-json\/wp\/v2\/users\/5"}],"replies":[{"embeddable":true,"href":"https:\/\/cdnoticias.com\/index.php\/wp-json\/wp\/v2\/comments?post=188382"}],"version-history":[{"count":0,"href":"https:\/\/cdnoticias.com\/index.php\/wp-json\/wp\/v2\/posts\/188382\/revisions"}],"wp:featuredmedia":[{"embeddable":true,"href":"https:\/\/cdnoticias.com\/index.php\/wp-json\/wp\/v2\/media\/100390"}],"wp:attachment":[{"href":"https:\/\/cdnoticias.com\/index.php\/wp-json\/wp\/v2\/media?parent=188382"}],"wp:term":[{"taxonomy":"category","embeddable":true,"href":"https:\/\/cdnoticias.com\/index.php\/wp-json\/wp\/v2\/categories?post=188382"},{"taxonomy":"post_tag","embeddable":true,"href":"https:\/\/cdnoticias.com\/index.php\/wp-json\/wp\/v2\/tags?post=188382"}],"curies":[{"name":"wp","href":"https:\/\/api.w.org\/{rel}","templated":true}]}}