{"id":188346,"date":"2025-11-20T18:31:21","date_gmt":"2025-11-20T21:31:21","guid":{"rendered":"https:\/\/cdnoticias.com\/?p=188346"},"modified":"2025-11-20T18:31:23","modified_gmt":"2025-11-20T21:31:23","slug":"este-viernes-se-llevara-a-cabo-la-noche-de-los-museos","status":"publish","type":"post","link":"https:\/\/cdnoticias.com\/index.php\/2025\/11\/20\/este-viernes-se-llevara-a-cabo-la-noche-de-los-museos\/","title":{"rendered":"Este viernes se llevar\u00e1 a cabo \u201cLa noche de los museos&#8221;"},"content":{"rendered":"\n<p>La propuesta se realizar\u00e1 con entrada libre y gratuita, con los espacios que abrir\u00e1n sus puertas desde las 19 horas, por lo que se invita al p\u00fablico a recorrerlos a la luz de la noche, con nuevas miradas, sonidos y experiencias.<\/p>\n\n\n\n<hr class=\"wp-block-separator aligncenter has-alpha-channel-opacity\"\/>\n\n\n\n<p>Este viernes se llevar\u00e1 a cabo la <strong>primera edici\u00f3n de la \u201cLa noche de los Museos en Olavarr\u00eda<\/strong>\u201d, una <strong>jornada donde el arte, la historia y la memoria<\/strong> se re\u00fanen bajo las estrellas.<\/p>\n\n\n\n<p><\/p>\n\n\n\n<blockquote class=\"wp-block-quote is-layout-flow wp-block-quote-is-layout-flow\">\n<p>La propuesta se realizar\u00e1 con entrada libre y gratuita, con los espacios que abrir\u00e1n sus puertas desde las 19 horas, por lo que se invita al p\u00fablico a recorrerlos a la luz de la noche, con nuevas miradas, sonidos y experiencias.<\/p>\n<\/blockquote>\n\n\n\n<p><\/p>\n\n\n\n<p>Cada uno de los museos ofrecer\u00e1<strong> visitas especiales, intervenciones musicales, realidad virtual, talleres<\/strong> y la participaci\u00f3n de vecinos e instituciones.<\/p>\n\n\n\n<p><\/p>\n\n\n\n<p>El evento contar\u00e1 con el acompa\u00f1amiento de la \u201cAsociaci\u00f3n descendientes de los Alemanes del Volga Colonia Hinojo\u201d, Patrimonio Sierra Chica, \u201cUni\u00f3n de colonias Alemanas del Volga del Pdo de Olavarr\u00eda\u201d, \u201cAsociaci\u00f3n Civil Patrimonio Cultural Minero de Sierras Bayas\u201d y Casa de Cultura y Turismo Loma Negra (V.A.F.)<\/p>\n\n\n\n<p><\/p>\n\n\n\n<p>Museos que participan del evento:<\/p>\n\n\n\n<ul class=\"wp-block-list\">\n<li>Museo Damaso Arce, San Mart\u00edn 2862<\/li>\n<\/ul>\n\n\n\n<ul class=\"wp-block-list\">\n<li>Museo Municipal Hnos Emiliozzi, Necochea 3229<\/li>\n<\/ul>\n\n\n\n<ul class=\"wp-block-list\">\n<li>Museo Municipal de las Ciencias \u201cIng. Rita Toniutti\u201d Pellegrini 4200<\/li>\n<\/ul>\n\n\n\n<ul class=\"wp-block-list\">\n<li>Museo Municipal de Espigas calle 6 y 9, Espigas<\/li>\n<\/ul>\n\n\n\n<ul class=\"wp-block-list\">\n<li>Museo Municipal de los Alemanes del Volga \u201cAriel Chierico\u201d Av de los Fundadores 610, Colonia Hinojo<\/li>\n<\/ul>\n\n\n\n<ul class=\"wp-block-list\">\n<li>Museo Hogar Municipal Loma Negra, Sarmiento 830<\/li>\n<\/ul>\n\n\n\n<ul class=\"wp-block-list\">\n<li>Museo municipal \u201cMiguel Stoessel M\u00fcller, Av San Miguel Arc\u00e1ngel 1209, Colonia San Miguel<\/li>\n<\/ul>\n\n\n\n<ul class=\"wp-block-list\">\n<li>Museo Municipal de la piedra Emma Occhi de Sierra Chica, Calle Sbardolini 1001<\/li>\n<\/ul>\n\n\n\n<ul class=\"wp-block-list\">\n<li>Museo Municipal de la estaci\u00f3n de Sierras Bayas, Avenida San Mart\u00edn al 2000<\/li>\n<\/ul>\n\n\n\n<p><\/p>\n\n\n\n<p><strong>Cronograma<\/strong><\/p>\n\n\n\n<p><strong>Museo D\u00e1maso Arce.<\/strong><\/p>\n\n\n\n<p><strong>Salas abiertas de 19hs a 23hs<\/strong><\/p>\n\n\n\n<ul class=\"wp-block-list\">\n<li>19 horas: Exploradores del arte oculto (actividad apta para todo p\u00fablico, sin inscripci\u00f3n, con cupo por orden de llegada)<\/li>\n<\/ul>\n\n\n\n<ul class=\"wp-block-list\">\n<li>20 horas: \u201cVelada Gr\u00e1fica\u201d: Actividad que ofrece estampas de grabado para que el p\u00fablico se las lleve, se exhiben m\u00faltiples impresiones de diferentes matrices. Esta din\u00e1mica permite al p\u00fablico adquirir una estampa creando una conexi\u00f3n directa con el artista y la t\u00e9cnica. Las mismas est\u00e1n dispuestas de manera accesible, para que el p\u00fablico pueda mirarlas de cerca. Los artistas, Cecilia Bax, Natalia Krivochen, Fernando Garcia y Lorena Rivas, estar\u00e1n presentes para hablar sobre el proceso de creaci\u00f3n, las t\u00e9cnicas de grabado utilizadas, el significado de la obra y responder preguntas del p\u00fablico. El objetivo es democratizar el arte, permitiendo que m\u00e1s personas puedan adquirir una obra original y fomentando el conocimiento del grabado como t\u00e9cnica art\u00edstica y de comunicaci\u00f3n. No requiere inscripci\u00f3n. Cupo ilimitado. P\u00fablico en general.<\/li>\n\n\n\n<li><\/li>\n\n\n\n<li> 21 horas: La obra del fin del mundo, presentaci\u00f3n de la Escuela de Teatro Olavarr\u00eda. Muestra del taller de Teatro inicial. En un aparente escenario apocal\u00edptico, cinco actrices y actores encuentran refugio en la ficci\u00f3n, el teatro y los v\u00ednculos que en este entramado se conforman. Act\u00faan: Dara Sasia, Flo Seijo, Rebeca Rodriguez , Zo\u00e9 Vejling, Nicol\u00e1s Abrigo. Profesora y direcci\u00f3n: Victoria Reyes Benz<\/li>\n<\/ul>\n\n\n\n<p><strong>Museo Municipal Hermanos Emiliozzi.<\/strong><\/p>\n\n\n\n<p>Apertura de salas de 19hs a 22hs<\/p>\n\n\n\n<ul class=\"wp-block-list\">\n<li>19.30 horas: Experiencia inmersiva a cargo de Nexura VR. \u201cEl taller de los Emiliozzi\u201d. A Trav\u00e9s de la utilizaci\u00f3n de la realidad virtual volveremos en el tiempo para ver a los gringos en su taller. Actividad con cupo. Inscripci\u00f3n en el museo, para mayores de 12 a\u00f1os.<\/li>\n<\/ul>\n\n\n\n<ul class=\"wp-block-list\">\n<li>20.30 horas Pueblo Armon\u00eda, una puesta en escena interactiva donde el p\u00fablico tambi\u00e9n ser\u00e1 parte. Presentaci\u00f3n del taller de Risoterapia Olavarr\u00eda, perteneciente a la Escuela de Teatro Municipal. A cargo de Betty Peralta Angeletti.<\/li>\n<\/ul>\n\n\n\n<p><\/p>\n\n\n\n<p><strong>Museo Municipal de las Ciencias \u201cIng. Rita Toniutti\u201d.<\/strong><\/p>\n\n\n\n<p>Polo Educativo y Recreativo \u201cLa M\u00e1xima\u201d. Apertura de salas de 18 a 21hs<\/p>\n\n\n\n<ul class=\"wp-block-list\">\n<li>20 horas: \u201cMegafauna fl\u00faor\u201d Imaginen una sala de mega fauna fl\u00faor que los transportar\u00e1 a un mundo prehist\u00f3rico, emocionante y lleno de vida. Podr\u00e1n observar f\u00f3siles, esqueletos y figuras de la mega fauna que habit\u00f3 esta regi\u00f3n hace millones de a\u00f1os. La actividad es apta para todo p\u00fablico, sin inscripci\u00f3n y con cupo, por orden de llegada.<\/li>\n<\/ul>\n\n\n\n<p><strong>Museo Municipal de Espigas.<\/strong><\/p>\n\n\n\n<p>Apertura de Salas de 19hs a 22hs<\/p>\n\n\n\n<ul class=\"wp-block-list\">\n<li>19.30 horas: Exploradores del arte oculto (actividad apta para todo p\u00fablico, sin inscripci\u00f3n, con cupo por orden de llegada)<\/li>\n<\/ul>\n\n\n\n<p><strong>Museo Municipal de los Alemanes del Volga \u201cAriel Chierico\u201d.<\/strong><\/p>\n\n\n\n<p><strong>Apertura de Salas de 19hs a 22hs<\/strong><\/p>\n\n\n\n<p><strong>Venta de comida a cargo de Alemanes del Volga, se recomienda llevar reposeras.<\/strong><\/p>\n\n\n\n<ul class=\"wp-block-list\">\n<li>19 horas: Exploradores del arte oculto (actividad apta para todo p\u00fablico, sin inscripci\u00f3n, con cupo por orden de llegada)<\/li>\n<\/ul>\n\n\n\n<ul class=\"wp-block-list\">\n<li>20 horas: Se invita a la comunidad a participar de la ronda de historias. Actividad abierta a todo p\u00fablico.<\/li>\n<\/ul>\n\n\n\n<ul class=\"wp-block-list\">\n<li>21 horas: Luis Gallastegui y Sergio Gorosito m\u00fasica folcl\u00f3rica, baile a cargo del taller municipal de Folclore de Ana Paladini.<\/li>\n<\/ul>\n\n\n\n<p><strong>Museo Hogar Municipal Loma Negra.<\/strong><\/p>\n\n\n\n<p>Apertura de Salas de 19hs a 22hs<\/p>\n\n\n\n<ul class=\"wp-block-list\">\n<li>19 horas: Exploradores del arte oculto (actividad apta para todo p\u00fablico, sin inscripci\u00f3n, con cupo por orden de llegada)<\/li>\n<\/ul>\n\n\n\n<ul class=\"wp-block-list\">\n<li>20 horas: Presentaci\u00f3n del Taller municipal de danza cl\u00e1sica india<\/li>\n<\/ul>\n\n\n\n<ul class=\"wp-block-list\">\n<li>21 horas: Coro de la Villa<\/li>\n<\/ul>\n\n\n\n<p><strong>Museo municipal \u201cMiguel Stoessel M\u00fcller.<\/strong><\/p>\n\n\n\n<p>Apertura de Salas de 19hs a 22hs<\/p>\n\n\n\n<ul class=\"wp-block-list\">\n<li>19 horas: Exploradores del arte oculto (actividad apta para todo p\u00fablico, sin inscripci\u00f3n, con cupo por orden de llegada)<\/li>\n<\/ul>\n\n\n\n<ul class=\"wp-block-list\">\n<li>19.30 horas: Presentaci\u00f3n de Fanzines del taller literario \u201cAlfonsina\u201d<\/li>\n<\/ul>\n\n\n\n<ul class=\"wp-block-list\">\n<li>20 horas: Taller municipal de Folclore<\/li>\n<\/ul>\n\n\n\n<ul class=\"wp-block-list\">\n<li>20.30 horas Presentaci\u00f3n de Taekwondo<\/li>\n<\/ul>\n\n\n\n<p><\/p>\n\n\n\n<p><strong>Museo Municipal de la piedra Emma Occhi de Sierra Chica.<\/strong><\/p>\n\n\n\n<p>Apertura de Salas de 19hs a 22hs<\/p>\n\n\n\n<p>Presentaci\u00f3n del cierre del taller municipal de Marroquiner\u00eda \u2013 Feria<\/p>\n\n\n\n<ul class=\"wp-block-list\">\n<li>19 horas: Exploradores del arte oculto (actividad apta para todo p\u00fablico, sin inscripci\u00f3n, con cupo por orden de llegada)<\/li>\n<\/ul>\n\n\n\n<ul class=\"wp-block-list\">\n<li>20 horas: Conversatorio \u201cArtesanos de la piedra\u201d a cargo del grupo Patrimonio Sierra Chica. Disertar\u00e1n: Alejandro Gregorini, descendiente de los primeros inmigrantes italianos que vinieron a extraer el granito para la industria minera y propietario de la Capilla Santa Luc\u00eda y la Casona de Gregorini. Jorge Pacheco, heredero del oficio de picapedrero. El arquitecto Mario Arabito, integrante del grupo Patrimonio Arquitect\u00f3nico de Olavarr\u00eda. Rodrigo Pallicer, Licenciado en Antropolog\u00eda Social, Profesor de Antropolog\u00eda y Magister en Patrimonio Industrial. Presentaci\u00f3n de muestra est\u00e1tica con documentos, fotograf\u00edas y audiovisuales del patrimonio de la localidad a cargo de Patrimonio Sierra Chica Museo Municipal de la estaci\u00f3n de Sierras Bayas (19 a 22hs).<\/li>\n<\/ul>\n\n\n\n<p>Apertura de Salas de 19hs a 22hs<\/p>\n\n\n\n<ul class=\"wp-block-list\">\n<li>19 horas: Exploradores del arte oculto (actividad apta para todo p\u00fablico, sin inscripci\u00f3n, con cupo por orden de llegada)<\/li>\n<\/ul>\n\n\n\n<ul class=\"wp-block-list\">\n<li>19.30 hora Clase abierta de zumba. Zumba con Emi<\/li>\n<\/ul>\n\n\n\n<ul class=\"wp-block-list\">\n<li>20 horas: Patrimonio Sierras Bayas presentaci\u00f3n Sierrabayenses Hijos de la Piedra<\/li>\n<\/ul>\n\n\n\n<ul class=\"wp-block-list\">\n<li>20:30 horas: Intervenci\u00f3n musical de Francine Muller y Thiago Laure.<\/li>\n<\/ul>\n\n\n\n<p><\/p>\n","protected":false},"excerpt":{"rendered":"<p>La propuesta se realizar\u00e1 con entrada libre y gratuita, con los espacios que abrir\u00e1n sus puertas desde las 19 horas,<\/p>\n","protected":false},"author":6,"featured_media":50370,"comment_status":"closed","ping_status":"closed","sticky":false,"template":"","format":"standard","meta":{"_jetpack_memberships_contains_paid_content":false,"footnotes":""},"categories":[9,1],"tags":[],"class_list":["post-188346","post","type-post","status-publish","format-standard","has-post-thumbnail","hentry","category-cultura","category-portada"],"jetpack_featured_media_url":"https:\/\/i0.wp.com\/cdnoticias.com\/wp-content\/uploads\/2022\/03\/Museo-Damaso-Arce-Drone.jpg?fit=800%2C445&ssl=1","jetpack_sharing_enabled":true,"_links":{"self":[{"href":"https:\/\/cdnoticias.com\/index.php\/wp-json\/wp\/v2\/posts\/188346","targetHints":{"allow":["GET"]}}],"collection":[{"href":"https:\/\/cdnoticias.com\/index.php\/wp-json\/wp\/v2\/posts"}],"about":[{"href":"https:\/\/cdnoticias.com\/index.php\/wp-json\/wp\/v2\/types\/post"}],"author":[{"embeddable":true,"href":"https:\/\/cdnoticias.com\/index.php\/wp-json\/wp\/v2\/users\/6"}],"replies":[{"embeddable":true,"href":"https:\/\/cdnoticias.com\/index.php\/wp-json\/wp\/v2\/comments?post=188346"}],"version-history":[{"count":0,"href":"https:\/\/cdnoticias.com\/index.php\/wp-json\/wp\/v2\/posts\/188346\/revisions"}],"wp:featuredmedia":[{"embeddable":true,"href":"https:\/\/cdnoticias.com\/index.php\/wp-json\/wp\/v2\/media\/50370"}],"wp:attachment":[{"href":"https:\/\/cdnoticias.com\/index.php\/wp-json\/wp\/v2\/media?parent=188346"}],"wp:term":[{"taxonomy":"category","embeddable":true,"href":"https:\/\/cdnoticias.com\/index.php\/wp-json\/wp\/v2\/categories?post=188346"},{"taxonomy":"post_tag","embeddable":true,"href":"https:\/\/cdnoticias.com\/index.php\/wp-json\/wp\/v2\/tags?post=188346"}],"curies":[{"name":"wp","href":"https:\/\/api.w.org\/{rel}","templated":true}]}}