{"id":188337,"date":"2025-11-20T14:31:34","date_gmt":"2025-11-20T17:31:34","guid":{"rendered":"https:\/\/cdnoticias.com\/?p=188337"},"modified":"2025-11-21T16:38:30","modified_gmt":"2025-11-21T19:38:30","slug":"comenzo-el-curso-de-capacitacion-en-servicio-para-cuidadores-de-personas-mayores","status":"publish","type":"post","link":"https:\/\/cdnoticias.com\/index.php\/2025\/11\/20\/comenzo-el-curso-de-capacitacion-en-servicio-para-cuidadores-de-personas-mayores\/","title":{"rendered":"Comenz\u00f3 el curso de Capacitaci\u00f3n en Servicio para Cuidadores de Personas Mayores"},"content":{"rendered":"\n<p>\u201cSent\u00edamos que era muy necesario poner en valor, o revalorizar tal vez, esta cuesti\u00f3n tan importante como lo es la dignidad de nuestros vecinos adultos mayores\u201d, expres\u00f3 el jefe comunal, Maximiliano Wesner.&nbsp;<\/p>\n\n\n\n<hr class=\"wp-block-separator aligncenter has-alpha-channel-opacity\"\/>\n\n\n\n<p>Este jueves por la tarde <strong>comenz\u00f3 el curso de Capacitaci\u00f3n en Servicio para Cuidadores de Personas Mayores,<\/strong> una propuesta formativa que se enmarca en el Programa Municipal de Acompa\u00f1amiento a Instituciones de Larga Estad\u00eda.\u00a0<\/p>\n\n\n\n<p><\/p>\n\n\n\n<p>La jornada inaugural cont\u00f3 con la<strong> participaci\u00f3n del intendente Maximiliano Wesner, <\/strong>quien brind\u00f3 las palabras de bienvenida: <em><strong>\u201cSinceramente ve\u00edamos y sent\u00edamos que era muy necesario poner en valor, o revalorizar tal vez, esta cuesti\u00f3n tan importante como lo es la dignidad de nuestros vecinos adultos mayores\u201d, <\/strong><\/em>expres\u00f3 el jefe comunal, quien estuvo acompa\u00f1ado por la secretaria de Desarrollo de la Comunidad Laura Gamberini, la subsecretaria de Desarrollo Social Mar\u00eda Jos\u00e9 Maidana y la directora de Enfermer\u00eda Gabriela Piccart.<\/p>\n\n\n\n<p><\/p>\n\n\n\n<p>\u201cDecidimos a partir de una mesa de trabajo realizar un relevamiento y enmarcarlo en un programa de acompa\u00f1amiento a residencias de larga estad\u00eda\u201d, a\u00f1adi\u00f3 Wesner, quien ponder\u00f3 que el abordaje tambi\u00e9n ponga el foco en la parte educativa, en la formaci\u00f3n, la cual se despliega a partir de la articulaci\u00f3n con la Escuela de Gobierno en Salud Floreal Ferrara y Regi\u00f3n Sanitaria IX-, el Consejo Administrativo de Salud y la Coordinaci\u00f3n de Personas Mayores, dependiente de la Subsecretar\u00eda de Desarrollo Social del Municipio.<\/p>\n\n\n\n<p><\/p>\n\n\n\n<figure class=\"wp-block-image aligncenter size-full\"><img data-recalc-dims=\"1\" loading=\"lazy\" decoding=\"async\" width=\"800\" height=\"499\" src=\"https:\/\/i0.wp.com\/cdnoticias.com\/wp-content\/uploads\/2025\/11\/curso-cuidados-adultos-mayores2.png?resize=800%2C499&#038;ssl=1\" alt=\"\" class=\"wp-image-188339\" srcset=\"https:\/\/i0.wp.com\/cdnoticias.com\/wp-content\/uploads\/2025\/11\/curso-cuidados-adultos-mayores2.png?w=883&amp;ssl=1 883w, https:\/\/i0.wp.com\/cdnoticias.com\/wp-content\/uploads\/2025\/11\/curso-cuidados-adultos-mayores2.png?resize=300%2C187&amp;ssl=1 300w, https:\/\/i0.wp.com\/cdnoticias.com\/wp-content\/uploads\/2025\/11\/curso-cuidados-adultos-mayores2.png?resize=768%2C479&amp;ssl=1 768w\" sizes=\"auto, (max-width: 800px) 100vw, 800px\" \/><\/figure>\n\n\n\n<p><\/p>\n\n\n\n<blockquote class=\"wp-block-quote is-layout-flow wp-block-quote-is-layout-flow\">\n<p>\u201cEs fortalecer el conocimiento, la vinculaci\u00f3n, poder capacitarse y formarse para tener mayores herramientas. Por eso el conocimiento que se van a llevar de este curso, no va a terminar ac\u00e1, porque seguiremos acompa\u00f1ando la formaci\u00f3n. Es importante la certificaci\u00f3n que se van a llevar, es importante la pr\u00e1ctica y ejercitar lo que uno aprende en la diaria, poder corroborar lo que se aprende en el territorio, en la ejecuci\u00f3n de la tarea\u201d, concluy\u00f3.<\/p>\n<\/blockquote>\n\n\n\n<p><\/p>\n\n\n\n<p>La capacitaci\u00f3n consistir\u00e1 en <strong>9 encuentros presenciales<\/strong>, a cargo de las licenciadas Mar\u00eda Luz Riva de Neira y Carla Bonaldo, adem\u00e1s del licenciado Luis Caggiano, quien estar\u00e1 al frente de los contenidos pr\u00e1cticos.<\/p>\n\n\n\n<p><\/p>\n\n\n\n<p>El curso entregar\u00e1 certificaci\u00f3n emitida por el Equipo Regional de Capacitaci\u00f3n y la Regi\u00f3n Sanitaria IX, pero para lograr dicha acreditaci\u00f3n se deber\u00e1 contar con, al menos, el 75% de asistencia y la aprobaci\u00f3n de la evaluaci\u00f3n final.<\/p>\n","protected":false},"excerpt":{"rendered":"<p>\u201cSent\u00edamos que era muy necesario poner en valor, o revalorizar tal vez, esta cuesti\u00f3n tan importante como lo es la<\/p>\n","protected":false},"author":6,"featured_media":188340,"comment_status":"closed","ping_status":"closed","sticky":false,"template":"","format":"standard","meta":{"_jetpack_memberships_contains_paid_content":false,"footnotes":""},"categories":[5,1],"tags":[],"class_list":["post-188337","post","type-post","status-publish","format-standard","has-post-thumbnail","hentry","category-informacion-general","category-portada"],"jetpack_featured_media_url":"https:\/\/i0.wp.com\/cdnoticias.com\/wp-content\/uploads\/2025\/11\/curso-cuidados-adultos-mayores1.jpg?fit=892%2C549&ssl=1","jetpack_sharing_enabled":true,"_links":{"self":[{"href":"https:\/\/cdnoticias.com\/index.php\/wp-json\/wp\/v2\/posts\/188337","targetHints":{"allow":["GET"]}}],"collection":[{"href":"https:\/\/cdnoticias.com\/index.php\/wp-json\/wp\/v2\/posts"}],"about":[{"href":"https:\/\/cdnoticias.com\/index.php\/wp-json\/wp\/v2\/types\/post"}],"author":[{"embeddable":true,"href":"https:\/\/cdnoticias.com\/index.php\/wp-json\/wp\/v2\/users\/6"}],"replies":[{"embeddable":true,"href":"https:\/\/cdnoticias.com\/index.php\/wp-json\/wp\/v2\/comments?post=188337"}],"version-history":[{"count":0,"href":"https:\/\/cdnoticias.com\/index.php\/wp-json\/wp\/v2\/posts\/188337\/revisions"}],"wp:featuredmedia":[{"embeddable":true,"href":"https:\/\/cdnoticias.com\/index.php\/wp-json\/wp\/v2\/media\/188340"}],"wp:attachment":[{"href":"https:\/\/cdnoticias.com\/index.php\/wp-json\/wp\/v2\/media?parent=188337"}],"wp:term":[{"taxonomy":"category","embeddable":true,"href":"https:\/\/cdnoticias.com\/index.php\/wp-json\/wp\/v2\/categories?post=188337"},{"taxonomy":"post_tag","embeddable":true,"href":"https:\/\/cdnoticias.com\/index.php\/wp-json\/wp\/v2\/tags?post=188337"}],"curies":[{"name":"wp","href":"https:\/\/api.w.org\/{rel}","templated":true}]}}