{"id":188333,"date":"2025-11-20T19:15:55","date_gmt":"2025-11-20T22:15:55","guid":{"rendered":"https:\/\/cdnoticias.com\/?p=188333"},"modified":"2025-11-20T19:15:57","modified_gmt":"2025-11-20T22:15:57","slug":"laprida-volco-un-vehiculo-con-cuatro-ocupantes","status":"publish","type":"post","link":"https:\/\/cdnoticias.com\/index.php\/2025\/11\/20\/laprida-volco-un-vehiculo-con-cuatro-ocupantes\/","title":{"rendered":"Laprida: volc\u00f3 un veh\u00edculo con cuatro ocupantes\u00a0"},"content":{"rendered":"\n<p>Trabajaron en el lugar del accidente las unidades 9 y 10 de Bomberos Voluntarios a cargo del segundo jefe Juan Harismendi.<\/p>\n\n\n\n<hr class=\"wp-block-separator aligncenter has-alpha-channel-opacity\"\/>\n\n\n\n<p>En la ma\u00f1ana de este jueves<strong> un veh\u00edculo volc\u00f3 con cuatro ocupantes oriundos del sur,<\/strong> entre ellos <strong>dos mayores y dos menores.<\/strong><\/p>\n\n\n\n<p><\/p>\n\n\n\n<blockquote class=\"wp-block-quote is-layout-flow wp-block-quote-is-layout-flow\">\n<p>En el lugar del accidente trabajaron las unidades 9 y 10 de Bomberos Voluntarios a cargo del segundo jefe Juan Harismendi.<\/p>\n<\/blockquote>\n\n\n\n<p><\/p>\n\n\n\n<p>Afortunadamente, <strong>los cuatro integrantes del veh\u00edculo se encuentran bien y solamente hubo da\u00f1os materiales. <\/strong>Se indic\u00f3 que viajaban un padre con sus hijos de 3 y 8 a\u00f1os y su abuela materna, la cual tuvo solamente heridas leves.<\/p>\n\n\n\n<p><\/p>\n\n\n\n<p>Por \u00faltimo, al mediod\u00eda <strong>fueron trasladados para Buenos Aires<\/strong> en un veh\u00edculo municipal.<\/p>\n","protected":false},"excerpt":{"rendered":"<p>Trabajaron en el lugar del accidente las unidades 9 y 10 de Bomberos Voluntarios a cargo del segundo jefe Juan<\/p>\n","protected":false},"author":6,"featured_media":188335,"comment_status":"closed","ping_status":"closed","sticky":false,"template":"","format":"standard","meta":{"_jetpack_memberships_contains_paid_content":false,"footnotes":""},"categories":[14,1],"tags":[],"class_list":["post-188333","post","type-post","status-publish","format-standard","has-post-thumbnail","hentry","category-policiales","category-portada"],"jetpack_featured_media_url":"https:\/\/i0.wp.com\/cdnoticias.com\/wp-content\/uploads\/2025\/11\/accidente-laprida-ruta-51.png?fit=900%2C509&ssl=1","jetpack_sharing_enabled":true,"_links":{"self":[{"href":"https:\/\/cdnoticias.com\/index.php\/wp-json\/wp\/v2\/posts\/188333","targetHints":{"allow":["GET"]}}],"collection":[{"href":"https:\/\/cdnoticias.com\/index.php\/wp-json\/wp\/v2\/posts"}],"about":[{"href":"https:\/\/cdnoticias.com\/index.php\/wp-json\/wp\/v2\/types\/post"}],"author":[{"embeddable":true,"href":"https:\/\/cdnoticias.com\/index.php\/wp-json\/wp\/v2\/users\/6"}],"replies":[{"embeddable":true,"href":"https:\/\/cdnoticias.com\/index.php\/wp-json\/wp\/v2\/comments?post=188333"}],"version-history":[{"count":0,"href":"https:\/\/cdnoticias.com\/index.php\/wp-json\/wp\/v2\/posts\/188333\/revisions"}],"wp:featuredmedia":[{"embeddable":true,"href":"https:\/\/cdnoticias.com\/index.php\/wp-json\/wp\/v2\/media\/188335"}],"wp:attachment":[{"href":"https:\/\/cdnoticias.com\/index.php\/wp-json\/wp\/v2\/media?parent=188333"}],"wp:term":[{"taxonomy":"category","embeddable":true,"href":"https:\/\/cdnoticias.com\/index.php\/wp-json\/wp\/v2\/categories?post=188333"},{"taxonomy":"post_tag","embeddable":true,"href":"https:\/\/cdnoticias.com\/index.php\/wp-json\/wp\/v2\/tags?post=188333"}],"curies":[{"name":"wp","href":"https:\/\/api.w.org\/{rel}","templated":true}]}}