{"id":188320,"date":"2025-11-20T15:14:54","date_gmt":"2025-11-20T18:14:54","guid":{"rendered":"https:\/\/cdnoticias.com\/?p=188320"},"modified":"2025-11-20T17:50:46","modified_gmt":"2025-11-20T20:50:46","slug":"ultima-ordinaria-del-hcd-reves-para-el-ejecutivo-en-una-nueva-prorroga-del-presupuesto-2026","status":"publish","type":"post","link":"https:\/\/cdnoticias.com\/index.php\/2025\/11\/20\/ultima-ordinaria-del-hcd-reves-para-el-ejecutivo-en-una-nueva-prorroga-del-presupuesto-2026\/","title":{"rendered":"\u00daltima ordinaria del HCD: rev\u00e9s para el Ejecutivo en una nueva pr\u00f3rroga del Presupuesto 2026"},"content":{"rendered":"<p>Wesner intent\u00f3 postergar hasta el 31 de diciembre la presentaci\u00f3n, pero la oposici\u00f3n unida lo rechaz\u00f3. Debate por la reincorporaci\u00f3n de la Dra. Andrea Chiodi a la Junta Evaluadora de Discapacidad. La despedida para la mitad de los miembros del HCD.<!--more--><\/p>\n<hr \/>\n<p>El <strong>Honorable Concejo Deliberante<\/strong> de Olavarr\u00eda llev\u00f3 adelante este jueves la <strong>17\u00aa sesi\u00f3n ordinaria del per\u00edodo 2025<\/strong>, desarrollada en el recinto ubicado en el CEMO. Fue la<strong> \u00faltima sesi\u00f3n ordinaria del a\u00f1o<\/strong> y signific\u00f3 la <strong>despedida para la mitad de los miembros del HCD<\/strong>.<\/p>\n<blockquote><p>El cierre de la sesi\u00f3n fue con un rev\u00e9s para el Ejecutivo: el intendente Maximiliano Wesner hab\u00eda elevado un pedido para prorrogar nuevamente la presentaci\u00f3n del Presupuesto 2026. La intenci\u00f3n era postergar hasta el 31 de diciembre la llegada del proyecto al Legislativo. Pero toda la oposici\u00f3n unida vot\u00f3 en contra y la solicitud qued\u00f3 rechazada.<\/p><\/blockquote>\n<p>De esta manera, qued\u00f3 en pie el plazo <a href=\"https:\/\/cdnoticias.com\/index.php\/2025\/10\/24\/maximiliano-wesner-pidio-prorroga-para-presentar-el-presupuesto-2026-de-olavarria\/\" target=\"_blank\" rel=\"noopener\">aprobado en octubre<\/a>:<strong> Wesner deber\u00e1 presentar el Presupuesto 2026 la semana que viene<\/strong>.<\/p>\n<p><img data-recalc-dims=\"1\" loading=\"lazy\" decoding=\"async\" class=\"alignnone size-full wp-image-188323 aligncenter\" src=\"https:\/\/i0.wp.com\/cdnoticias.com\/wp-content\/uploads\/2025\/11\/HCD-sesion-20-de-noviembre-4-guillermo-santellan.jpeg?resize=800%2C445&#038;ssl=1\" alt=\"\" width=\"800\" height=\"445\" srcset=\"https:\/\/i0.wp.com\/cdnoticias.com\/wp-content\/uploads\/2025\/11\/HCD-sesion-20-de-noviembre-4-guillermo-santellan.jpeg?w=1000&amp;ssl=1 1000w, https:\/\/i0.wp.com\/cdnoticias.com\/wp-content\/uploads\/2025\/11\/HCD-sesion-20-de-noviembre-4-guillermo-santellan.jpeg?resize=300%2C167&amp;ssl=1 300w, https:\/\/i0.wp.com\/cdnoticias.com\/wp-content\/uploads\/2025\/11\/HCD-sesion-20-de-noviembre-4-guillermo-santellan.jpeg?resize=768%2C427&amp;ssl=1 768w, https:\/\/i0.wp.com\/cdnoticias.com\/wp-content\/uploads\/2025\/11\/HCD-sesion-20-de-noviembre-4-guillermo-santellan.jpeg?resize=800%2C445&amp;ssl=1 800w\" sizes=\"auto, (max-width: 800px) 100vw, 800px\" \/><\/p>\n<p>La jornada inici\u00f3 con la <strong>Asamblea de Concejales y Mayores Contribuyentes<\/strong> convocada por Decreto N\u00b0 104\/25, en la que se aprob\u00f3 la ordenanza que <strong>habilita la obra de red de gas para el barrio Ara San Juan<\/strong>, en el sector delimitado por Avenida Avellaneda, calle 89 bis, Jos\u00e9 Rossi y Celestino Mu\u00f1oz.<\/p>\n<p>Al inicio de la sesi\u00f3n, se aprob\u00f3 por mayor\u00eda una resoluci\u00f3n solicitando al Departamento Ejecutivo la<strong> reincorporaci\u00f3n de la Dra. Andrea Chiodi como integrante de la Junta Evaluadora de Discapacidad<\/strong>.<\/p>\n<p>La iniciativa hab\u00eda sido <strong>impulsada por vecinos<\/strong> que acompa\u00f1\u00f3 el pedido con las firmas de m\u00e1s de mil adherentes. Fue presentada por la<strong> concejal Cecilia Krivochen (Juntos por Olavarr\u00eda)<\/strong> quien hizo hincapi\u00e9 en que <strong>se desarrolla un proceso administrativo<\/strong> por la salida de la m\u00e9dica en el que<strong> el Concejo Deliberante no tiene intervenci\u00f3n<\/strong>. Durante su discurso expuso<strong> irregularidades en la atenci\u00f3n<\/strong> de la Junta Evaluadora. Por el oficialismo respondi\u00f3 <strong>Hern\u00e1n Quiroga<\/strong> quien dio a conocer que <strong>otros profesionales del \u00e1rea solicitaron el corrimiento de Chiodi<\/strong> y por ello se inici\u00f3 la actuaci\u00f3n del Ejecutivo. Al momento de la votaci\u00f3n, <strong>la bancada de Uni\u00f3n por la Patria vot\u00f3 en contra.<\/strong><\/p>\n<p><img data-recalc-dims=\"1\" loading=\"lazy\" decoding=\"async\" class=\"alignnone size-full wp-image-188321 aligncenter\" src=\"https:\/\/i0.wp.com\/cdnoticias.com\/wp-content\/uploads\/2025\/11\/HCD-sesion-20-de-noviembre-1-hernan-quiroga.jpeg?resize=800%2C445&#038;ssl=1\" alt=\"\" width=\"800\" height=\"445\" srcset=\"https:\/\/i0.wp.com\/cdnoticias.com\/wp-content\/uploads\/2025\/11\/HCD-sesion-20-de-noviembre-1-hernan-quiroga.jpeg?w=1000&amp;ssl=1 1000w, https:\/\/i0.wp.com\/cdnoticias.com\/wp-content\/uploads\/2025\/11\/HCD-sesion-20-de-noviembre-1-hernan-quiroga.jpeg?resize=300%2C167&amp;ssl=1 300w, https:\/\/i0.wp.com\/cdnoticias.com\/wp-content\/uploads\/2025\/11\/HCD-sesion-20-de-noviembre-1-hernan-quiroga.jpeg?resize=768%2C427&amp;ssl=1 768w, https:\/\/i0.wp.com\/cdnoticias.com\/wp-content\/uploads\/2025\/11\/HCD-sesion-20-de-noviembre-1-hernan-quiroga.jpeg?resize=800%2C445&amp;ssl=1 800w\" sizes=\"auto, (max-width: 800px) 100vw, 800px\" \/><\/p>\n<p>Posteriormente, la concejal pidi\u00f3<strong> la intervenci\u00f3n de una vecina<\/strong> que particip\u00f3 de la presentaci\u00f3n del proyecto.<strong> Su discurso no fue emitido en la transmisi\u00f3n oficial.<\/strong><\/p>\n<p>De vuelta en la sesi\u00f3n, por iniciativa del bloque UCR, se derog\u00f3 la ordenanza 4919\/22 para la <strong>prevenci\u00f3n de situaciones de violencia y discriminaci\u00f3n en locales nocturnos<\/strong> y su reemplazo por la ordenanza 5730\/25.<\/p>\n<p>La nueva normativa establece la <strong>creaci\u00f3n por parte de la Mesa Local Contra la Violencia de G\u00e9nero de una \u201cGu\u00eda de actuaci\u00f3n frente a situaciones de violencia o acoso en locales nocturnos\u201d<\/strong> y de un protocolo de asistencia mediante un c\u00f3digo o contrase\u00f1a para solicitar ayuda de forma discreta. Tambi\u00e9n dispone que el personal ofrezca tapas para vasos para prevenir la contaminaci\u00f3n de bebidas.<\/p>\n<p><img data-recalc-dims=\"1\" loading=\"lazy\" decoding=\"async\" class=\"alignnone size-full wp-image-188325 aligncenter\" src=\"https:\/\/i0.wp.com\/cdnoticias.com\/wp-content\/uploads\/2025\/11\/HCD-sesion-20-de-noviembre-2-la-libertad-avanza.jpeg?resize=800%2C445&#038;ssl=1\" alt=\"\" width=\"800\" height=\"445\" srcset=\"https:\/\/i0.wp.com\/cdnoticias.com\/wp-content\/uploads\/2025\/11\/HCD-sesion-20-de-noviembre-2-la-libertad-avanza.jpeg?w=1000&amp;ssl=1 1000w, https:\/\/i0.wp.com\/cdnoticias.com\/wp-content\/uploads\/2025\/11\/HCD-sesion-20-de-noviembre-2-la-libertad-avanza.jpeg?resize=300%2C167&amp;ssl=1 300w, https:\/\/i0.wp.com\/cdnoticias.com\/wp-content\/uploads\/2025\/11\/HCD-sesion-20-de-noviembre-2-la-libertad-avanza.jpeg?resize=768%2C427&amp;ssl=1 768w, https:\/\/i0.wp.com\/cdnoticias.com\/wp-content\/uploads\/2025\/11\/HCD-sesion-20-de-noviembre-2-la-libertad-avanza.jpeg?resize=800%2C445&amp;ssl=1 800w\" sizes=\"auto, (max-width: 800px) 100vw, 800px\" \/><\/p>\n<p>Luego se sancion\u00f3 la ordenanza 5731\/25 que <strong>crea el Corredor Tur\u00edstico Rural, integrado por las localidades de Espigas, Blanca Grande, Recalde y Mapis<\/strong> con el fin de promover el crecimiento productivo, cultural y tur\u00edstico del sector rural del partido. La propuesta fue <a href=\"https:\/\/cdnoticias.com\/index.php\/2025\/09\/04\/concejales-pro-erf-buscan-fomentar-el-desarrollo-turistico-en-las-localidades-rurales\/\" target=\"_blank\" rel=\"noopener\">impulsada por el bloque Juntos Olavarr\u00eda<\/a>.<\/p>\n<p>El Concejo aprob\u00f3 asimismo la <strong>imposici\u00f3n del nombre \u201cLuis Oria\u201d a la calle<\/strong> cedida mediante ordenanza en la localidad de Sierras Bayas. Adem\u00e1s, se declar\u00f3 de inter\u00e9s legislativo municipal la conmemoraci\u00f3n del <strong>A\u00f1o Internacional de las Cooperativas 2025<\/strong> y el <strong>Encuentro de Escritores \u201cPuentes Literarios en la ciudad de los puentes \u2013 Fusi\u00f3n de Artes\u201d<\/strong>, que tendr\u00e1 lugar del 26 al 29 de noviembre.<\/p>\n<p><img data-recalc-dims=\"1\" loading=\"lazy\" decoding=\"async\" class=\"alignnone size-full wp-image-188322 aligncenter\" src=\"https:\/\/i0.wp.com\/cdnoticias.com\/wp-content\/uploads\/2025\/11\/HCD-sesion-20-de-noviembre-5-carlos-coscia.jpeg?resize=800%2C445&#038;ssl=1\" alt=\"\" width=\"800\" height=\"445\" srcset=\"https:\/\/i0.wp.com\/cdnoticias.com\/wp-content\/uploads\/2025\/11\/HCD-sesion-20-de-noviembre-5-carlos-coscia.jpeg?w=1000&amp;ssl=1 1000w, https:\/\/i0.wp.com\/cdnoticias.com\/wp-content\/uploads\/2025\/11\/HCD-sesion-20-de-noviembre-5-carlos-coscia.jpeg?resize=300%2C167&amp;ssl=1 300w, https:\/\/i0.wp.com\/cdnoticias.com\/wp-content\/uploads\/2025\/11\/HCD-sesion-20-de-noviembre-5-carlos-coscia.jpeg?resize=768%2C427&amp;ssl=1 768w, https:\/\/i0.wp.com\/cdnoticias.com\/wp-content\/uploads\/2025\/11\/HCD-sesion-20-de-noviembre-5-carlos-coscia.jpeg?resize=800%2C445&amp;ssl=1 800w\" sizes=\"auto, (max-width: 800px) 100vw, 800px\" \/><\/p>\n<p>Durante la jornada se aprobaron distintos pedidos de informes al Ejecutivo Municipal: uno referido al <strong>convenio de cooperaci\u00f3n entre el Municipio de Olavarr\u00eda y la Cl\u00ednica CEMEDA<\/strong> para el servicio de neonatolog\u00eda; otro sobre el <strong>tratamiento de hormonizaci\u00f3n en el CAPS N\u00b0 22<\/strong>; y un tercer pedido presentado por la UCR vinculado a la <strong>detecci\u00f3n de ars\u00e9nico en el agua<\/strong> en diferentes sectores del partido.<\/p>\n<blockquote><p>Tras el tratamiento de todos los expedientes incluidos en el orden del d\u00eda los concejales Carlos Coscia (Juntos por Olavarr\u00eda) y Sebasti\u00e1n Matrella (UCR) se despidieron de sus bancas. Ambos finalizan sus mandatos. El presidente Guillermo Santell\u00e1n inform\u00f3 que todos los concejales salientes ser\u00e1n invitados a la ceremonia de asunci\u00f3n de los concejales electos en las Elecciones Legislativas de septiembre.<\/p><\/blockquote>\n","protected":false},"excerpt":{"rendered":"<p>Wesner intent\u00f3 postergar hasta el 31 de diciembre la presentaci\u00f3n, pero la oposici\u00f3n unida lo rechaz\u00f3. Debate por la reincorporaci\u00f3n<\/p>\n","protected":false},"author":4,"featured_media":188324,"comment_status":"closed","ping_status":"closed","sticky":false,"template":"","format":"standard","meta":{"_jetpack_memberships_contains_paid_content":false,"footnotes":""},"categories":[4,1],"tags":[],"class_list":["post-188320","post","type-post","status-publish","format-standard","has-post-thumbnail","hentry","category-politica","category-portada"],"jetpack_featured_media_url":"https:\/\/i0.wp.com\/cdnoticias.com\/wp-content\/uploads\/2025\/11\/HCD-sesion-20-de-noviembre-3.jpeg?fit=1000%2C556&ssl=1","jetpack_sharing_enabled":true,"_links":{"self":[{"href":"https:\/\/cdnoticias.com\/index.php\/wp-json\/wp\/v2\/posts\/188320","targetHints":{"allow":["GET"]}}],"collection":[{"href":"https:\/\/cdnoticias.com\/index.php\/wp-json\/wp\/v2\/posts"}],"about":[{"href":"https:\/\/cdnoticias.com\/index.php\/wp-json\/wp\/v2\/types\/post"}],"author":[{"embeddable":true,"href":"https:\/\/cdnoticias.com\/index.php\/wp-json\/wp\/v2\/users\/4"}],"replies":[{"embeddable":true,"href":"https:\/\/cdnoticias.com\/index.php\/wp-json\/wp\/v2\/comments?post=188320"}],"version-history":[{"count":0,"href":"https:\/\/cdnoticias.com\/index.php\/wp-json\/wp\/v2\/posts\/188320\/revisions"}],"wp:featuredmedia":[{"embeddable":true,"href":"https:\/\/cdnoticias.com\/index.php\/wp-json\/wp\/v2\/media\/188324"}],"wp:attachment":[{"href":"https:\/\/cdnoticias.com\/index.php\/wp-json\/wp\/v2\/media?parent=188320"}],"wp:term":[{"taxonomy":"category","embeddable":true,"href":"https:\/\/cdnoticias.com\/index.php\/wp-json\/wp\/v2\/categories?post=188320"},{"taxonomy":"post_tag","embeddable":true,"href":"https:\/\/cdnoticias.com\/index.php\/wp-json\/wp\/v2\/tags?post=188320"}],"curies":[{"name":"wp","href":"https:\/\/api.w.org\/{rel}","templated":true}]}}