{"id":188310,"date":"2025-11-23T12:29:21","date_gmt":"2025-11-23T15:29:21","guid":{"rendered":"https:\/\/cdnoticias.com\/?p=188310"},"modified":"2025-11-23T12:29:23","modified_gmt":"2025-11-23T15:29:23","slug":"campamento-rock-film-tres-dias-para-crear-cine-musica-y-comunidad-en-el-corazon-de-tandil","status":"publish","type":"post","link":"https:\/\/cdnoticias.com\/index.php\/2025\/11\/23\/campamento-rock-film-tres-dias-para-crear-cine-musica-y-comunidad-en-el-corazon-de-tandil\/","title":{"rendered":"Campamento rock &#038; Film: tres d\u00edas para crear cine, m\u00fasica y comunidad en el coraz\u00f3n de Tandil"},"content":{"rendered":"<p>Inscripci\u00f3n abierta para el encuentro que se realizar\u00e1 del 19 al 21 de diciembre. La propuesta se sostiene en una noci\u00f3n de producci\u00f3n cultural accesible.<!--more--><\/p>\n<hr \/>\n<p>En un<strong> contexto donde la producci\u00f3n cultural independiente<\/strong> enfrenta <strong>desaf\u00edos econ\u00f3micos, falta de tiempo y una creciente precarizaci\u00f3n<\/strong> de los espacios de formaci\u00f3n, surge en <strong>Tandil<\/strong> una propuesta que apuesta justamente, por lo contrario: crear, experimentar y aprender sin apuros. Se trata del <strong>Campamento Rock &amp; Film<\/strong>, un encuentro intensivo que se realizar\u00e1 <strong>del 19 al 21 de diciembre en Savia Alegr\u00eda, un espacio rural<\/strong> ubicado a pocos minutos de la ciudad serrana.<\/p>\n<p>Durante tres d\u00edas, participantes de <strong>distintas edades y perfiles<\/strong> se reunir\u00e1n para <strong>explorar cruces entre audiovisual, m\u00fasica, dise\u00f1o, narrativa y producci\u00f3n<\/strong>, bajo la premisa de que las ideas necesitan tiempo y ambiente para desarrollarse. La propuesta est\u00e1 dirigida tanto a <strong>personas con experiencia en \u00e1reas creativas como a quienes buscan iniciarse<\/strong>, retomar un proyecto o simplemente acercarse a lenguajes que siempre les interesaron.<\/p>\n<h4>\nUna experiencia formativa fuera de la l\u00f3gica tradicional<\/h4>\n<p>A diferencia de un curso convencional, <strong>el Campamento Rock &amp; Film est\u00e1 planteado como un laboratorio en convivencia<\/strong>, donde la inmersi\u00f3n es parte central del aprendizaje. Las actividades se organizan en m\u00f3dulos que combinan teor\u00eda y pr\u00e1ctica: <em>producci\u00f3n audiovisual, lenguaje cinematogr\u00e1fico, exploraci\u00f3n sonora, historia del rock argentino, dise\u00f1o, escritura creativa y ejercicios interdisciplinarios<\/em>.<\/p>\n<blockquote><p>\u201cQueremos que cada persona pueda activar algo propio: una idea dormida, un proyecto pendiente, un deseo de experimentar que nunca encontr\u00f3 espacio. La convivencia en el campo permite concentrarse, escuchar y producir sin interrupciones, algo que en la vida urbana cotidiana suele ser dif\u00edcil\u201d, explica el equipo organizador, integrado por realizadores audiovisuales, m\u00fasicas\/os y dise\u00f1adoras\/es con trayectoria en procesos de formaci\u00f3n cultural.<\/p><\/blockquote>\n<p>Uno de los ejes m\u00e1s valorados es el abordaje de la <strong>historia del rock argentino y su relaci\u00f3n con la producci\u00f3n audiovisual<\/strong>. Desde las primeras filmaciones y registros documentales hasta las est\u00e9ticas contempor\u00e1neas, el campamento propone revisitar materiales, analizarlos y plantear c\u00f3mo dialogan con las inquietudes actuales de quienes producen desde la periferia y por fuera de la industria.<\/p>\n<h4>\nEl contexto: producir desde los bordes<\/h4>\n<p>Tandil y sus alrededores viven desde hace a\u00f1os un crecimiento sostenido de proyectos independientes, ciclos de formaci\u00f3n, festivales autogestionados y espacios culturales h\u00edbridos. En ese ecosistema, el Campamento Rock &amp; Film aparece como una iniciativa que <strong>articula pr\u00e1cticas, saberes y generaciones.<\/strong><\/p>\n<p>\u201cUna parte importante del desaf\u00edo cultural hoy es <strong>generar lugares donde la gente pueda hacer, equivocarse, probar<\/strong>. El campamento apuesta a eso: a la pr\u00e1ctica situada y al encuentro\u201d, se\u00f1alan desde la organizaci\u00f3n.<\/p>\n<p>La elecci\u00f3n del espacio Savia Alegr\u00eda no es casual. El predio, rodeado de naturaleza, cuenta con \u00e1reas para trabajo grupal, zonas abiertas para rodaje y sectores destinados a escritura, escucha y visionado de materiales. La log\u00edstica acompa\u00f1a: convivencia, comidas compartidas, fog\u00f3n y tiempos destinados a conversaci\u00f3n y descanso. La experiencia apunta a desmontar la idea de que aprender o producir implica necesariamente un aula r\u00edgida o una estructura acad\u00e9mica formal. Aqu\u00ed, la pedagog\u00eda emerge del intercambio, del hacer y del \u201cestar ah\u00ed\u201d, en un marco contenido pero flexible.<\/p>\n<h4>\nTres d\u00edas para hacer y pensar<\/h4>\n<p>Durante el campamento, cada participante podr\u00e1 desarrollar <strong>un microproyecto audiovisual o multimedia propio<\/strong>. No se requieren c\u00e1maras profesionales ni equipos avanzados: la consigna es <strong>crear desde los recursos disponibles<\/strong>. La propuesta se sostiene en una noci\u00f3n actual de producci\u00f3n cultural accesible, donde la creatividad predomina sobre la t\u00e9cnica sofisticada.<\/p>\n<p>Los talleres abarcan <strong>un laboratorio de filmaci\u00f3n<\/strong> \u2014centrado en encuadre, ritmo, narraci\u00f3n y modos contempor\u00e1neos de registro\u2014 junto a un m\u00f3dulo de historia del rock argentino, donde se trabajan materiales visuales, an\u00e1lisis cr\u00edtico, est\u00e9ticas y genealog\u00edas. Tambi\u00e9n incluye una<strong> instancia de exploraci\u00f3n sonora<\/strong>, orientada a la m\u00fasica como narrativa, la escucha activa y los paisajes sonoros; un <strong>espacio de dise\u00f1o e identidad visual<\/strong>, dedicado a las primeras decisiones gr\u00e1ficas de cada proyecto; un <strong>taller de escritura y gui\u00f3n breve<\/strong>, con foco en ideas, estructura, microcuentos y narrativas h\u00edbridas; y finalmente, din\u00e1micas de convivencia creativa basadas en el di\u00e1logo, el visionado colectivo y la devoluci\u00f3n grupal.<\/p>\n<h4>\nUn puente entre generaciones creativas<\/h4>\n<p>El campamento convoca a <em>j\u00f3venes artistas, estudiantes, realizadores emergentes, docentes, comunicadores, personas autodidactas y curiosas<\/em>. Ese encuentro intergeneracional no es un efecto colateral, sino una parte deliberada del dise\u00f1o del proyecto.<\/p>\n<blockquote><p>\n\u201cEn la cultura argentina \u2014y particularmente en la m\u00fasica y el cine\u2014 la transmisi\u00f3n entre generaciones siempre fue clave. No se trata de copiar modelos, sino de compartir miradas y experiencias. En un pa\u00eds como el nuestro, producir cultura es tambi\u00e9n un acto comunitario\u201d, destacan las y los docentes.<\/p><\/blockquote>\n<p>Campamento Rock &amp; Film apuesta por un<strong> modelo de formaci\u00f3n federal<\/strong> y busca fortalecer redes de producci\u00f3n cultural por fuera de los grandes centros urbanos. El objetivo es que cada persona pueda volver a su vida cotidiana con una pieza iniciada, un camino abierto o una claridad m\u00e1s grande sobre el lugar desde donde crear.<\/p>\n<h4>\nInscripci\u00f3n y cupos<\/h4>\n<p>La actividad no requiere conocimientos previos: la horizontalidad pedag\u00f3gica permite que personas de distintos niveles compartan procesos sin jerarqu\u00edas r\u00edgidas.<\/p>\n<p>El campamento tendr\u00e1 cupos limitados para garantizar el acompa\u00f1amiento y la convivencia. Toda la informaci\u00f3n para realizar las inscripciones est\u00e1 disponible: <a href=\"https:\/\/linktr.ee\/CampamentoRockFilm\" target=\"_blank\" rel=\"noopener\">https:\/\/linktr.ee\/CampamentoRockFilm<\/a> donde tambi\u00e9n pueden consultarse costos, programa detallado y l\u00edneas de contacto.<\/p>\n","protected":false},"excerpt":{"rendered":"<p>Inscripci\u00f3n abierta para el encuentro que se realizar\u00e1 del 19 al 21 de diciembre. La propuesta se sostiene en una<\/p>\n","protected":false},"author":4,"featured_media":188311,"comment_status":"closed","ping_status":"closed","sticky":false,"template":"","format":"standard","meta":{"_jetpack_memberships_contains_paid_content":false,"footnotes":""},"categories":[9,1],"tags":[],"class_list":["post-188310","post","type-post","status-publish","format-standard","has-post-thumbnail","hentry","category-cultura","category-portada"],"jetpack_featured_media_url":"https:\/\/i0.wp.com\/cdnoticias.com\/wp-content\/uploads\/2025\/11\/campamento-cine-tandil.jpg?fit=800%2C445&ssl=1","jetpack_sharing_enabled":true,"_links":{"self":[{"href":"https:\/\/cdnoticias.com\/index.php\/wp-json\/wp\/v2\/posts\/188310","targetHints":{"allow":["GET"]}}],"collection":[{"href":"https:\/\/cdnoticias.com\/index.php\/wp-json\/wp\/v2\/posts"}],"about":[{"href":"https:\/\/cdnoticias.com\/index.php\/wp-json\/wp\/v2\/types\/post"}],"author":[{"embeddable":true,"href":"https:\/\/cdnoticias.com\/index.php\/wp-json\/wp\/v2\/users\/4"}],"replies":[{"embeddable":true,"href":"https:\/\/cdnoticias.com\/index.php\/wp-json\/wp\/v2\/comments?post=188310"}],"version-history":[{"count":0,"href":"https:\/\/cdnoticias.com\/index.php\/wp-json\/wp\/v2\/posts\/188310\/revisions"}],"wp:featuredmedia":[{"embeddable":true,"href":"https:\/\/cdnoticias.com\/index.php\/wp-json\/wp\/v2\/media\/188311"}],"wp:attachment":[{"href":"https:\/\/cdnoticias.com\/index.php\/wp-json\/wp\/v2\/media?parent=188310"}],"wp:term":[{"taxonomy":"category","embeddable":true,"href":"https:\/\/cdnoticias.com\/index.php\/wp-json\/wp\/v2\/categories?post=188310"},{"taxonomy":"post_tag","embeddable":true,"href":"https:\/\/cdnoticias.com\/index.php\/wp-json\/wp\/v2\/tags?post=188310"}],"curies":[{"name":"wp","href":"https:\/\/api.w.org\/{rel}","templated":true}]}}