{"id":188254,"date":"2025-11-20T16:30:03","date_gmt":"2025-11-20T19:30:03","guid":{"rendered":"https:\/\/cdnoticias.com\/?p=188254"},"modified":"2025-11-20T16:30:05","modified_gmt":"2025-11-20T19:30:05","slug":"facso-conversatorio-inclusion-y-accesibilidad-en-la-formacion-docente","status":"publish","type":"post","link":"https:\/\/cdnoticias.com\/index.php\/2025\/11\/20\/facso-conversatorio-inclusion-y-accesibilidad-en-la-formacion-docente\/","title":{"rendered":"Facso: Conversatorio \u201cInclusi\u00f3n y accesibilidad en la formaci\u00f3n docente\u201d"},"content":{"rendered":"\n<p>El mi\u00e9rcoles 26 de noviembre se llevar\u00e1 adelante un encuentro destinado a reflexionar sobre los desaf\u00edos en torno a la inclusi\u00f3n y la accesibilidad en la formaci\u00f3n docente.<\/p>\n\n\n\n<hr class=\"wp-block-separator aligncenter has-alpha-channel-opacity\"\/>\n\n\n\n<p>La <strong>Facultad de Ciencias Sociales<\/strong> a trav\u00e9s del Departamento de Educaci\u00f3n invita a participar del conversatorio \u201c<strong>Inclusi\u00f3n y accesibilidad en la formaci\u00f3n docente\u201d<\/strong> el pr\u00f3ximo <strong>mi\u00e9rcoles 26 de noviembre<\/strong>. <\/p>\n\n\n\n<p><\/p>\n\n\n\n<blockquote class=\"wp-block-quote is-layout-flow wp-block-quote-is-layout-flow\">\n<p>Se trata de un espacio de intercambio y reflexi\u00f3n sobre los desaf\u00edos actuales en torno a la inclusi\u00f3n y la accesibilidad en la formaci\u00f3n docente y est\u00e1 destinado a docentes de c\u00e1tedras de formaci\u00f3n docente de FACSO, estudiantes de profesorados y otras personas interesadas en la tem\u00e1tica.<\/p>\n<\/blockquote>\n\n\n\n<p><\/p>\n\n\n\n<p>En el encuentro se abordar\u00e1 la \u201c<strong>Gu\u00eda de Inclusi\u00f3n de estudiantes con discapacidades\u201d <\/strong>de la UNICEN, con el acompa\u00f1amiento de la <strong>Licenciada Agustina Brisa,<\/strong> y posteriormente se abrir\u00e1 el di\u00e1logo sobre temas vinculados con la accesibilidad acad\u00e9mica y comunicacional, as\u00ed como el abordaje de la diversidad en el aula, entre otros aspectos.<\/p>\n\n\n\n<p><\/p>\n\n\n\n<p>El conversatorio se desarrollar\u00e1 entre las <strong>10:30 y las 12:00 horas en el Aula Com\u00fan 2 del Edificio de Aulas Comunes<\/strong>, Complejo Universitario Olavarr\u00eda, avenida Del Valle 5737.<\/p>\n\n\n\n<p><\/p>\n\n\n\n<p>Quienes tengan inter\u00e9s en participar deben inscribirse a trav\u00e9s del formulario disponible <a href=\"https:\/\/forms.gle\/UixPpjYKS6HPyhef8\" target=\"_blank\" rel=\"noreferrer noopener\">aqu\u00ed<\/a>.Por consultas es posible comunicarse a departamentodeprofesorados@gmail.com<\/p>\n\n\n\n<p><\/p>\n","protected":false},"excerpt":{"rendered":"<p>El mi\u00e9rcoles 26 de noviembre se llevar\u00e1 adelante un encuentro destinado a reflexionar sobre los desaf\u00edos en torno a la<\/p>\n","protected":false},"author":6,"featured_media":83263,"comment_status":"closed","ping_status":"closed","sticky":false,"template":"","format":"standard","meta":{"_jetpack_memberships_contains_paid_content":false,"footnotes":""},"categories":[5,1],"tags":[],"class_list":["post-188254","post","type-post","status-publish","format-standard","has-post-thumbnail","hentry","category-informacion-general","category-portada"],"jetpack_featured_media_url":"https:\/\/i0.wp.com\/cdnoticias.com\/wp-content\/uploads\/2023\/04\/Facultad-de-Ciencias-Sociales-1.jpg?fit=2000%2C1159&ssl=1","jetpack_sharing_enabled":true,"_links":{"self":[{"href":"https:\/\/cdnoticias.com\/index.php\/wp-json\/wp\/v2\/posts\/188254","targetHints":{"allow":["GET"]}}],"collection":[{"href":"https:\/\/cdnoticias.com\/index.php\/wp-json\/wp\/v2\/posts"}],"about":[{"href":"https:\/\/cdnoticias.com\/index.php\/wp-json\/wp\/v2\/types\/post"}],"author":[{"embeddable":true,"href":"https:\/\/cdnoticias.com\/index.php\/wp-json\/wp\/v2\/users\/6"}],"replies":[{"embeddable":true,"href":"https:\/\/cdnoticias.com\/index.php\/wp-json\/wp\/v2\/comments?post=188254"}],"version-history":[{"count":0,"href":"https:\/\/cdnoticias.com\/index.php\/wp-json\/wp\/v2\/posts\/188254\/revisions"}],"wp:featuredmedia":[{"embeddable":true,"href":"https:\/\/cdnoticias.com\/index.php\/wp-json\/wp\/v2\/media\/83263"}],"wp:attachment":[{"href":"https:\/\/cdnoticias.com\/index.php\/wp-json\/wp\/v2\/media?parent=188254"}],"wp:term":[{"taxonomy":"category","embeddable":true,"href":"https:\/\/cdnoticias.com\/index.php\/wp-json\/wp\/v2\/categories?post=188254"},{"taxonomy":"post_tag","embeddable":true,"href":"https:\/\/cdnoticias.com\/index.php\/wp-json\/wp\/v2\/tags?post=188254"}],"curies":[{"name":"wp","href":"https:\/\/api.w.org\/{rel}","templated":true}]}}