{"id":188213,"date":"2025-11-19T15:30:07","date_gmt":"2025-11-19T18:30:07","guid":{"rendered":"https:\/\/cdnoticias.com\/?p=188213"},"modified":"2025-11-19T17:07:14","modified_gmt":"2025-11-19T20:07:14","slug":"la-cabina-sanitaria-modificara-su-atencion-durante-el-feriado-largo","status":"publish","type":"post","link":"https:\/\/cdnoticias.com\/index.php\/2025\/11\/19\/la-cabina-sanitaria-modificara-su-atencion-durante-el-feriado-largo\/","title":{"rendered":"La Cabina Sanitaria modificar\u00e1 su atenci\u00f3n durante el feriado largo"},"content":{"rendered":"\n<p>Bromatolog\u00eda inform\u00f3 horarios especiales entre el 21 y el 25 de noviembre. El control ser\u00e1 obligatorio para transportes de alimentos que ingresen al Partido.<\/p>\n\n\n\n<hr class=\"wp-block-separator has-alpha-channel-opacity\"\/>\n\n\n\n<p>El Municipio de Olavarr\u00eda, a trav\u00e9s de la Direcci\u00f3n de Bromatolog\u00eda, inform\u00f3 el esquema de<strong> funcionamiento de la Cabina de Inspecci\u00f3n T\u00e9cnico Sanitaria para el pr\u00f3ximo feriado largo.<\/strong><\/p>\n\n\n\n<p><\/p>\n\n\n\n<blockquote class=\"wp-block-quote is-layout-flow wp-block-quote-is-layout-flow\">\n<p>El viernes 21 de noviembre la cabina funcionar\u00e1 de 5 a 13 horas, mientras que el s\u00e1bado 22 atender\u00e1 en su horario habitual, de 7 a 12. El lunes 24 permanecer\u00e1 cerrada y el martes 25 retomar\u00e1 la atenci\u00f3n de 5 a 13 horas, el mismo horario que el viernes.<\/p>\n<\/blockquote>\n\n\n\n<p><\/p>\n\n\n\n<p>Desde el \u00e1rea municipal recordaron a distribuidoras, comercios mayoristas y minoristas de productos alimenticios que sigue vigente la Ordenanza N\u00b0 4192\/17, que establece la <strong>obligatoriedad de someter a Inspecci\u00f3n T\u00e9cnico Sanitaria todos los transportes de sustancias alimenticias que ingresen al Partido de Olavarr\u00eda.<\/strong><\/p>\n\n\n\n<p><\/p>\n\n\n\n<p>Este control se realiza en la Cabina de Control T\u00e9cnico Sanitario ubicada en el predio de la <strong>Direcci\u00f3n de Bromatolog\u00eda, en Av. Urquiza 5493.<\/strong><\/p>\n\n\n\n<p><\/p>\n\n\n\n<p>Adem\u00e1s, se indic\u00f3 que<strong> el comerciante que reciba la mercader\u00eda debe solicitar al transportista la documentaci\u00f3n otorgada por el personal de Cabina Sanitaria. <\/strong>Esa documentaci\u00f3n ser\u00e1 objeto de verificaci\u00f3n por parte de los inspectores y, <strong>en caso de no poseerla, el comerciante podr\u00e1 ser pasible de sanciones.<\/strong><\/p>\n\n\n\n<p><\/p>\n\n\n\n<p>Las acciones se encuadran dentro de las normas municipales vigentes en materia sanitaria y t\u00e9cnica, as\u00ed como en lo dispuesto por la Ley Nacional 18.284 (C\u00f3digo Alimentario Argentino).<\/p>\n","protected":false},"excerpt":{"rendered":"<p>Bromatolog\u00eda inform\u00f3 horarios especiales entre el 21 y el 25 de noviembre. El control ser\u00e1 obligatorio para transportes de alimentos<\/p>\n","protected":false},"author":5,"featured_media":46567,"comment_status":"closed","ping_status":"closed","sticky":false,"template":"","format":"standard","meta":{"_jetpack_memberships_contains_paid_content":false,"footnotes":""},"categories":[5,1],"tags":[],"class_list":["post-188213","post","type-post","status-publish","format-standard","has-post-thumbnail","hentry","category-informacion-general","category-portada"],"jetpack_featured_media_url":"https:\/\/i0.wp.com\/cdnoticias.com\/wp-content\/uploads\/2022\/02\/cabina-sanitaria-00.jpg?fit=800%2C445&ssl=1","jetpack_sharing_enabled":true,"_links":{"self":[{"href":"https:\/\/cdnoticias.com\/index.php\/wp-json\/wp\/v2\/posts\/188213","targetHints":{"allow":["GET"]}}],"collection":[{"href":"https:\/\/cdnoticias.com\/index.php\/wp-json\/wp\/v2\/posts"}],"about":[{"href":"https:\/\/cdnoticias.com\/index.php\/wp-json\/wp\/v2\/types\/post"}],"author":[{"embeddable":true,"href":"https:\/\/cdnoticias.com\/index.php\/wp-json\/wp\/v2\/users\/5"}],"replies":[{"embeddable":true,"href":"https:\/\/cdnoticias.com\/index.php\/wp-json\/wp\/v2\/comments?post=188213"}],"version-history":[{"count":0,"href":"https:\/\/cdnoticias.com\/index.php\/wp-json\/wp\/v2\/posts\/188213\/revisions"}],"wp:featuredmedia":[{"embeddable":true,"href":"https:\/\/cdnoticias.com\/index.php\/wp-json\/wp\/v2\/media\/46567"}],"wp:attachment":[{"href":"https:\/\/cdnoticias.com\/index.php\/wp-json\/wp\/v2\/media?parent=188213"}],"wp:term":[{"taxonomy":"category","embeddable":true,"href":"https:\/\/cdnoticias.com\/index.php\/wp-json\/wp\/v2\/categories?post=188213"},{"taxonomy":"post_tag","embeddable":true,"href":"https:\/\/cdnoticias.com\/index.php\/wp-json\/wp\/v2\/tags?post=188213"}],"curies":[{"name":"wp","href":"https:\/\/api.w.org\/{rel}","templated":true}]}}