{"id":188211,"date":"2025-11-19T12:12:57","date_gmt":"2025-11-19T15:12:57","guid":{"rendered":"https:\/\/cdnoticias.com\/?p=188211"},"modified":"2025-11-19T15:30:22","modified_gmt":"2025-11-19T18:30:22","slug":"coopelectric-no-atendera-al-publico-del-21-al-25-de-noviembre","status":"publish","type":"post","link":"https:\/\/cdnoticias.com\/index.php\/2025\/11\/19\/coopelectric-no-atendera-al-publico-del-21-al-25-de-noviembre\/","title":{"rendered":"Coopelectric no atender\u00e1 al p\u00fablico del 21 al 25 de noviembre"},"content":{"rendered":"\n<p>La cooperativa adhiri\u00f3 a los feriados nacionales y al decreto municipal por el aniversario de Olavarr\u00eda. Solo funcionar\u00e1n las guardias operativas para reclamos t\u00e9cnicos.<\/p>\n\n\n\n<hr class=\"wp-block-separator has-alpha-channel-opacity\"\/>\n\n\n\n<p>Coopelectric inform\u00f3 que <strong>sus oficinas permanecer\u00e1n cerradas los d\u00edas viernes 21 y lunes 24 de noviembre. <\/strong>El primer d\u00eda fue establecido como no laborable seg\u00fan el art\u00edculo 7 de la Ley N\u00b0 27.399 y el Decreto 1027\/2024; mientras que el<strong> lunes<\/strong> corresponde al feriado trasladable por el D\u00eda de la Soberan\u00eda Nacional, conforme al art\u00edculo 6 de la misma ley.<\/p>\n\n\n\n<p><\/p>\n\n\n\n<p>Asimismo, el <strong>martes 25 de noviembre<\/strong> tampoco habr\u00e1 atenci\u00f3n al p\u00fablico debido a que el Consejo de Administraci\u00f3n de la cooperativa resolvi\u00f3 adherir al Decreto Municipal N\u00b0 6400\/25, dictado en el marco del<strong> 158\u00b0 aniversario de la ciudad de Olavarr\u00eda.<\/strong><\/p>\n\n\n\n<p><\/p>\n\n\n\n<blockquote class=\"wp-block-quote is-layout-flow wp-block-quote-is-layout-flow\">\n<p>Durante estas tres jornadas, permanecer\u00e1n cerradas la sede administrativa de Belgrano 2850; la Oficina T\u00e9cnica de Obras Sanitarias ubicada en Av. Del Valle y Av. Pellegrini; la Oficina T\u00e9cnica de Energ\u00eda El\u00e9ctrica de Pelegrino y Maip\u00fa; y las distintas delegaciones.<\/p>\n<\/blockquote>\n\n\n\n<p><\/p>\n\n\n\n<p>Sin embargo, <strong>las guardias de los sectores operativos funcionar\u00e1n de manera habitual.<\/strong> <\/p>\n\n\n\n<p><\/p>\n\n\n\n<p class=\"has-text-align-center\">Para reclamos t\u00e9cnicos de Energ\u00eda El\u00e9ctrica, los usuarios podr\u00e1n comunicarse las 24 horas al 412305; y para reclamos de Obras Sanitarias al 411222. Tambi\u00e9n se podr\u00e1 enviar un mensaje de texto al 15-680000 o realizar el reclamo v\u00eda WhatsApp al 2284-230707.<\/p>\n\n\n\n<p><\/p>\n","protected":false},"excerpt":{"rendered":"<p>La cooperativa adhiri\u00f3 a los feriados nacionales y al decreto municipal por el aniversario de Olavarr\u00eda. Solo funcionar\u00e1n las guardias<\/p>\n","protected":false},"author":5,"featured_media":134598,"comment_status":"closed","ping_status":"closed","sticky":false,"template":"","format":"standard","meta":{"_jetpack_memberships_contains_paid_content":false,"footnotes":""},"categories":[5,1],"tags":[],"class_list":["post-188211","post","type-post","status-publish","format-standard","has-post-thumbnail","hentry","category-informacion-general","category-portada"],"jetpack_featured_media_url":"https:\/\/i0.wp.com\/cdnoticias.com\/wp-content\/uploads\/2025\/01\/coopelectric-fachada-00.jpg?fit=1000%2C556&ssl=1","jetpack_sharing_enabled":true,"_links":{"self":[{"href":"https:\/\/cdnoticias.com\/index.php\/wp-json\/wp\/v2\/posts\/188211","targetHints":{"allow":["GET"]}}],"collection":[{"href":"https:\/\/cdnoticias.com\/index.php\/wp-json\/wp\/v2\/posts"}],"about":[{"href":"https:\/\/cdnoticias.com\/index.php\/wp-json\/wp\/v2\/types\/post"}],"author":[{"embeddable":true,"href":"https:\/\/cdnoticias.com\/index.php\/wp-json\/wp\/v2\/users\/5"}],"replies":[{"embeddable":true,"href":"https:\/\/cdnoticias.com\/index.php\/wp-json\/wp\/v2\/comments?post=188211"}],"version-history":[{"count":0,"href":"https:\/\/cdnoticias.com\/index.php\/wp-json\/wp\/v2\/posts\/188211\/revisions"}],"wp:featuredmedia":[{"embeddable":true,"href":"https:\/\/cdnoticias.com\/index.php\/wp-json\/wp\/v2\/media\/134598"}],"wp:attachment":[{"href":"https:\/\/cdnoticias.com\/index.php\/wp-json\/wp\/v2\/media?parent=188211"}],"wp:term":[{"taxonomy":"category","embeddable":true,"href":"https:\/\/cdnoticias.com\/index.php\/wp-json\/wp\/v2\/categories?post=188211"},{"taxonomy":"post_tag","embeddable":true,"href":"https:\/\/cdnoticias.com\/index.php\/wp-json\/wp\/v2\/tags?post=188211"}],"curies":[{"name":"wp","href":"https:\/\/api.w.org\/{rel}","templated":true}]}}