{"id":188189,"date":"2025-11-18T19:18:45","date_gmt":"2025-11-18T22:18:45","guid":{"rendered":"https:\/\/cdnoticias.com\/?p=188189"},"modified":"2025-11-21T20:37:33","modified_gmt":"2025-11-21T23:37:33","slug":"el-consejo-escolar-realizara-un-acto-publico-para-designar-una-portera-en-el-isft-no-130","status":"publish","type":"post","link":"https:\/\/cdnoticias.com\/index.php\/2025\/11\/18\/el-consejo-escolar-realizara-un-acto-publico-para-designar-una-portera-en-el-isft-no-130\/","title":{"rendered":"El Consejo Escolar realizar\u00e1 un acto p\u00fablico para designar una portera en el ISFT N\u00ba 130"},"content":{"rendered":"\n<p>La instancia se llevar\u00e1 a cabo el mi\u00e9rcoles 19 de noviembre a las 8.30 en la sede del Consejo Escolar. Solo podr\u00e1n postular reemplazantes del listado 2025 sin cargos activos.<\/p>\n\n\n\n<hr class=\"wp-block-separator aligncenter has-alpha-channel-opacity\"\/>\n\n\n\n<p>El Consejo Escolar anunci\u00f3 que el<strong> mi\u00e9rcoles 19 de noviembre de 2025, a las 8.30, se realizar\u00e1 un acto p\u00fablico presencial en sus instalaciones para la designaci\u00f3n de personal auxiliar reemplazante.<\/strong><\/p>\n\n\n\n<p>La convocatoria est\u00e1 dirigida exclusivamente a quienes <strong>integran el listado 2025 y no cuenten con un reemplazo activo al momento de tomar el nuevo cargo.<\/strong><\/p>\n\n\n\n<p>En esta instancia se designar\u00e1 un<strong> cargo de portera para el Instituto Superior de Formaci\u00f3n T\u00e9cnica (ISFT) N\u00ba 130, ubicado en San Mart\u00edn 3050. La cobertura corresponde a un turno de 17.30 a 23.30, con vigencia hasta el 26 de noviembre de 2025.<\/strong><\/p>\n","protected":false},"excerpt":{"rendered":"<p>La instancia se llevar\u00e1 a cabo el mi\u00e9rcoles 19 de noviembre a las 8.30 en la sede del Consejo Escolar.<\/p>\n","protected":false},"author":2,"featured_media":113129,"comment_status":"closed","ping_status":"closed","sticky":false,"template":"","format":"standard","meta":{"_jetpack_memberships_contains_paid_content":false,"footnotes":""},"categories":[5,1],"tags":[],"class_list":["post-188189","post","type-post","status-publish","format-standard","has-post-thumbnail","hentry","category-informacion-general","category-portada"],"jetpack_featured_media_url":"https:\/\/i0.wp.com\/cdnoticias.com\/wp-content\/uploads\/2024\/04\/consejo-escolar.jpg?fit=1029%2C656&ssl=1","jetpack_sharing_enabled":true,"_links":{"self":[{"href":"https:\/\/cdnoticias.com\/index.php\/wp-json\/wp\/v2\/posts\/188189","targetHints":{"allow":["GET"]}}],"collection":[{"href":"https:\/\/cdnoticias.com\/index.php\/wp-json\/wp\/v2\/posts"}],"about":[{"href":"https:\/\/cdnoticias.com\/index.php\/wp-json\/wp\/v2\/types\/post"}],"author":[{"embeddable":true,"href":"https:\/\/cdnoticias.com\/index.php\/wp-json\/wp\/v2\/users\/2"}],"replies":[{"embeddable":true,"href":"https:\/\/cdnoticias.com\/index.php\/wp-json\/wp\/v2\/comments?post=188189"}],"version-history":[{"count":0,"href":"https:\/\/cdnoticias.com\/index.php\/wp-json\/wp\/v2\/posts\/188189\/revisions"}],"wp:featuredmedia":[{"embeddable":true,"href":"https:\/\/cdnoticias.com\/index.php\/wp-json\/wp\/v2\/media\/113129"}],"wp:attachment":[{"href":"https:\/\/cdnoticias.com\/index.php\/wp-json\/wp\/v2\/media?parent=188189"}],"wp:term":[{"taxonomy":"category","embeddable":true,"href":"https:\/\/cdnoticias.com\/index.php\/wp-json\/wp\/v2\/categories?post=188189"},{"taxonomy":"post_tag","embeddable":true,"href":"https:\/\/cdnoticias.com\/index.php\/wp-json\/wp\/v2\/tags?post=188189"}],"curies":[{"name":"wp","href":"https:\/\/api.w.org\/{rel}","templated":true}]}}