{"id":188164,"date":"2025-11-18T16:32:21","date_gmt":"2025-11-18T19:32:21","guid":{"rendered":"https:\/\/cdnoticias.com\/?p=188164"},"modified":"2025-11-18T16:32:22","modified_gmt":"2025-11-18T19:32:22","slug":"abierta-la-inscripcion-para-la-feria-de-navidad-de-la-minga","status":"publish","type":"post","link":"https:\/\/cdnoticias.com\/index.php\/2025\/11\/18\/abierta-la-inscripcion-para-la-feria-de-navidad-de-la-minga\/","title":{"rendered":"Abierta la inscripci\u00f3n para la Feria de Navidad de La Minga"},"content":{"rendered":"\n<p>\u201cAl comprar un producto hecho por manos olavarrienses hacemos algo m\u00e1s que consumir o regalar, estamos ayudando a consolidar una econom\u00eda que nos incluye a todos\u201d se\u00f1al\u00f3 Patricia Bahl, referente de La Minga.&nbsp;<\/p>\n\n\n\n<hr class=\"wp-block-separator aligncenter has-alpha-channel-opacity\"\/>\n\n\n\n<p>Desde <strong>La Minga<\/strong> se dio a conocer que <strong>se encuentra abierta la inscripci\u00f3n para participar de la Feria de Navidad<\/strong> en la plaza del centro sobre <strong>calle Vicente L\u00f3pez y General Paz.\u00a0<\/strong><\/p>\n\n\n\n<p><\/p>\n\n\n\n<p>La Entidad de Bien P\u00fablico que nuclea a emprendedoras, emprendedores, artesanas, artesanos y manualistas de nuestra localidad<strong> abri\u00f3 la inscripci\u00f3n hasta el 9 de diciembre para seleccionar por rubros<\/strong> a <strong>nuevos feriantes interesados.\u00a0<\/strong><\/p>\n\n\n\n<p><\/p>\n\n\n\n<p>La Feria se va a desarrollar <strong>desde el d\u00eda 18 hasta el d\u00eda 24 de diciembre:<\/strong> \u201c<em>Dicha fecha es <strong>altamente significativa para toda la organizaci\u00f3n social.<\/strong> Se valora la oportunidad de exponer y comercializar sus productos o servicios, d\u00f3nde los rubros son variados ya que se expone desde artesan\u00edas en macram\u00e9, hierro, cuero, hilos, velas, fanales, art\u00edculos decorativos navide\u00f1os, trabajos en yeso, en cemento, hilados, ropa de dise\u00f1o, productos 3D, alimentos, productos regionales, bebidas artesanales, plantas y plantines, librer\u00eda artesanal, ropa deportiva de dise\u00f1o, bijouterie, sublimados, aromas, sahumerios, hierbas, arom\u00e1ticas etc.\u201d <\/em>se\u00f1alaron desde La Minga.\u00a0<\/p>\n\n\n\n<p><\/p>\n\n\n\n<blockquote class=\"wp-block-quote is-layout-flow wp-block-quote-is-layout-flow\">\n<p>Asimismo, se destac\u00f3 \u201cla diversidad de los puestos y el acompa\u00f1amiento de la comunidad olavarriense en cada fecha que se est\u00e1 en nuestra feria a cielo abierto. Este a\u00f1o la Feria se ver\u00e1 m\u00e1s iluminada ya que en forma comunitaria se han comprado las luces para toda la cuadra\u201d.\u00a0<\/p>\n<\/blockquote>\n\n\n\n<p><\/p>\n\n\n\n<p>Por \u00faltimo, <strong>Patricia Bahl,<\/strong> Presidenta de la Entidad destac\u00f3 que <strong><em>\u201cal comprar un producto hecho por manos olavarrienses hacemos algo m\u00e1s que consumir o regalar, estamos ayudando a consolidar una econom\u00eda que nos incluye a todos, fortalecemos el desarrollo econ\u00f3mico local de nuestra comunidad al mismo tiempo se contin\u00faa fortaleciendo la Econom\u00eda Social y Popular\u201d.<\/em><\/strong><\/p>\n\n\n\n<p><\/p>\n\n\n\n<p>Los interesados e interesadas en anotarse se pueden comunicar al <strong>2284- 612514<\/strong> (Patricia).<\/p>\n","protected":false},"excerpt":{"rendered":"<p>\u201cAl comprar un producto hecho por manos olavarrienses hacemos algo m\u00e1s que consumir o regalar, estamos ayudando a consolidar una<\/p>\n","protected":false},"author":6,"featured_media":128332,"comment_status":"closed","ping_status":"closed","sticky":false,"template":"","format":"standard","meta":{"_jetpack_memberships_contains_paid_content":false,"footnotes":""},"categories":[9,1],"tags":[],"class_list":["post-188164","post","type-post","status-publish","format-standard","has-post-thumbnail","hentry","category-cultura","category-portada"],"jetpack_featured_media_url":"https:\/\/i0.wp.com\/cdnoticias.com\/wp-content\/uploads\/2024\/10\/feria-la-minga3.jpg?fit=900%2C503&ssl=1","jetpack_sharing_enabled":true,"_links":{"self":[{"href":"https:\/\/cdnoticias.com\/index.php\/wp-json\/wp\/v2\/posts\/188164","targetHints":{"allow":["GET"]}}],"collection":[{"href":"https:\/\/cdnoticias.com\/index.php\/wp-json\/wp\/v2\/posts"}],"about":[{"href":"https:\/\/cdnoticias.com\/index.php\/wp-json\/wp\/v2\/types\/post"}],"author":[{"embeddable":true,"href":"https:\/\/cdnoticias.com\/index.php\/wp-json\/wp\/v2\/users\/6"}],"replies":[{"embeddable":true,"href":"https:\/\/cdnoticias.com\/index.php\/wp-json\/wp\/v2\/comments?post=188164"}],"version-history":[{"count":0,"href":"https:\/\/cdnoticias.com\/index.php\/wp-json\/wp\/v2\/posts\/188164\/revisions"}],"wp:featuredmedia":[{"embeddable":true,"href":"https:\/\/cdnoticias.com\/index.php\/wp-json\/wp\/v2\/media\/128332"}],"wp:attachment":[{"href":"https:\/\/cdnoticias.com\/index.php\/wp-json\/wp\/v2\/media?parent=188164"}],"wp:term":[{"taxonomy":"category","embeddable":true,"href":"https:\/\/cdnoticias.com\/index.php\/wp-json\/wp\/v2\/categories?post=188164"},{"taxonomy":"post_tag","embeddable":true,"href":"https:\/\/cdnoticias.com\/index.php\/wp-json\/wp\/v2\/tags?post=188164"}],"curies":[{"name":"wp","href":"https:\/\/api.w.org\/{rel}","templated":true}]}}