{"id":188118,"date":"2025-11-18T11:04:28","date_gmt":"2025-11-18T14:04:28","guid":{"rendered":"https:\/\/cdnoticias.com\/?p=188118"},"modified":"2025-11-18T14:57:00","modified_gmt":"2025-11-18T17:57:00","slug":"desbaratan-una-banda-de-roba-cables-que-operaba-en-olavarria","status":"publish","type":"post","link":"https:\/\/cdnoticias.com\/index.php\/2025\/11\/18\/desbaratan-una-banda-de-roba-cables-que-operaba-en-olavarria\/","title":{"rendered":"Desbaratan una banda de roba cables que operaba en Olavarr\u00eda"},"content":{"rendered":"\n<p>Cuatro personas fueron aprehendidas en un procedimiento de la Polic\u00eda Federal. Secuestraron veh\u00edculos y herramientas.<\/p>\n\n\n\n<hr class=\"wp-block-separator has-alpha-channel-opacity\"\/>\n\n\n\n<p><em>Con informaci\u00f3n de En L\u00ednea Noticias<\/em><\/p>\n\n\n\n<p><\/p>\n\n\n\n<p>Un importante<strong> operativo de la Polic\u00eda Federal Argentina<\/strong> permiti\u00f3 desarticular una<strong> organizaci\u00f3n delictiva dedicada al robo de cables en Olavarr\u00eda.<\/strong> Seg\u00fan se lleg\u00f3 a conocer en primera instancia, <strong>cuatro personas fueron aprehendidas y se secuestraron alrededor de tres veh\u00edculos junto a equipamiento de alta tecnolog\u00eda<\/strong> que ser\u00edan utilizados para cometer los il\u00edcitos.<\/p>\n\n\n\n<p><\/p>\n\n\n\n<p>Seg\u00fan fuentes policiales, <strong>la banda se trasladaba a la ciudad exclusivamente para concretar robos puntuales<\/strong>. Arribaban en veh\u00edculos acondicionados y con herramientas costosas. Tras perpetrar los hechos, abandonaban r\u00e1pidamente la ciudad.<\/p>\n\n\n\n<div class=\"wp-block-jetpack-slideshow aligncenter\" data-effect=\"slide\" style=\"--aspect-ratio:calc(900 \/ 501)\"><div class=\"wp-block-jetpack-slideshow_container swiper\"><ul class=\"wp-block-jetpack-slideshow_swiper-wrapper swiper-wrapper\"><li class=\"wp-block-jetpack-slideshow_slide swiper-slide\"><figure><img data-recalc-dims=\"1\" loading=\"lazy\" decoding=\"async\" width=\"800\" height=\"445\" alt=\"\" class=\"wp-block-jetpack-slideshow_image wp-image-188122\" data-id=\"188122\" data-aspect-ratio=\"900 \/ 501\" src=\"https:\/\/i0.wp.com\/cdnoticias.com\/wp-content\/uploads\/2025\/11\/allanamiento-federal-rivadavia-y-calle-108-03.jpg?resize=800%2C445&#038;ssl=1\" srcset=\"https:\/\/i0.wp.com\/cdnoticias.com\/wp-content\/uploads\/2025\/11\/allanamiento-federal-rivadavia-y-calle-108-03.jpg?w=900&amp;ssl=1 900w, https:\/\/i0.wp.com\/cdnoticias.com\/wp-content\/uploads\/2025\/11\/allanamiento-federal-rivadavia-y-calle-108-03.jpg?resize=300%2C167&amp;ssl=1 300w, https:\/\/i0.wp.com\/cdnoticias.com\/wp-content\/uploads\/2025\/11\/allanamiento-federal-rivadavia-y-calle-108-03.jpg?resize=768%2C428&amp;ssl=1 768w, https:\/\/i0.wp.com\/cdnoticias.com\/wp-content\/uploads\/2025\/11\/allanamiento-federal-rivadavia-y-calle-108-03.jpg?resize=800%2C445&amp;ssl=1 800w\" sizes=\"(max-width: 800px) 100vw, 800px\" \/><\/figure><\/li><li class=\"wp-block-jetpack-slideshow_slide swiper-slide\"><figure><img data-recalc-dims=\"1\" loading=\"lazy\" decoding=\"async\" width=\"800\" height=\"444\" alt=\"\" class=\"wp-block-jetpack-slideshow_image wp-image-188121\" data-id=\"188121\" data-aspect-ratio=\"900 \/ 500\" src=\"https:\/\/i0.wp.com\/cdnoticias.com\/wp-content\/uploads\/2025\/11\/allanamiento-federal-rivadavia-y-calle-108-02.jpg?resize=800%2C444&#038;ssl=1\" srcset=\"https:\/\/i0.wp.com\/cdnoticias.com\/wp-content\/uploads\/2025\/11\/allanamiento-federal-rivadavia-y-calle-108-02.jpg?w=900&amp;ssl=1 900w, https:\/\/i0.wp.com\/cdnoticias.com\/wp-content\/uploads\/2025\/11\/allanamiento-federal-rivadavia-y-calle-108-02.jpg?resize=300%2C167&amp;ssl=1 300w, https:\/\/i0.wp.com\/cdnoticias.com\/wp-content\/uploads\/2025\/11\/allanamiento-federal-rivadavia-y-calle-108-02.jpg?resize=768%2C427&amp;ssl=1 768w, https:\/\/i0.wp.com\/cdnoticias.com\/wp-content\/uploads\/2025\/11\/allanamiento-federal-rivadavia-y-calle-108-02.jpg?resize=800%2C445&amp;ssl=1 800w\" sizes=\"(max-width: 800px) 100vw, 800px\" \/><\/figure><\/li><li class=\"wp-block-jetpack-slideshow_slide swiper-slide\"><figure><img data-recalc-dims=\"1\" loading=\"lazy\" decoding=\"async\" width=\"800\" height=\"445\" alt=\"\" class=\"wp-block-jetpack-slideshow_image wp-image-188119\" data-id=\"188119\" data-aspect-ratio=\"900 \/ 501\" src=\"https:\/\/i0.wp.com\/cdnoticias.com\/wp-content\/uploads\/2025\/11\/allanamiento-federal-rivadavia-y-calle-108-00.jpg?resize=800%2C445&#038;ssl=1\" srcset=\"https:\/\/i0.wp.com\/cdnoticias.com\/wp-content\/uploads\/2025\/11\/allanamiento-federal-rivadavia-y-calle-108-00.jpg?w=900&amp;ssl=1 900w, https:\/\/i0.wp.com\/cdnoticias.com\/wp-content\/uploads\/2025\/11\/allanamiento-federal-rivadavia-y-calle-108-00.jpg?resize=300%2C167&amp;ssl=1 300w, https:\/\/i0.wp.com\/cdnoticias.com\/wp-content\/uploads\/2025\/11\/allanamiento-federal-rivadavia-y-calle-108-00.jpg?resize=768%2C428&amp;ssl=1 768w, https:\/\/i0.wp.com\/cdnoticias.com\/wp-content\/uploads\/2025\/11\/allanamiento-federal-rivadavia-y-calle-108-00.jpg?resize=800%2C445&amp;ssl=1 800w\" sizes=\"(max-width: 800px) 100vw, 800px\" \/><\/figure><\/li><\/ul><a class=\"wp-block-jetpack-slideshow_button-prev swiper-button-prev swiper-button-white\" role=\"button\"><\/a><a class=\"wp-block-jetpack-slideshow_button-next swiper-button-next swiper-button-white\" role=\"button\"><\/a><a aria-label=\"Pause Slideshow\" class=\"wp-block-jetpack-slideshow_button-pause\" role=\"button\"><\/a><div class=\"wp-block-jetpack-slideshow_pagination swiper-pagination swiper-pagination-white\"><\/div><\/div><\/div>\n\n\n\n<p>El procedimiento <strong>se llev\u00f3 adelante en una vivienda y un taller ubicados en calle 108 al 2800, esquina Rivadavia. <\/strong>All\u00ed se incautaron tres autom\u00f3viles y dispositivos especializados para la extracci\u00f3n de cables.<\/p>\n\n\n\n<p><\/p>\n\n\n\n<p>Extraoficialmente se confirm\u00f3 a <em>Central de Noticias<\/em> que efectivos de la Polic\u00eda Federal<strong> llevan adelante actuaciones en el lugar durante la ma\u00f1ana de este martes. <\/strong><\/p>\n","protected":false},"excerpt":{"rendered":"<p>Cuatro personas fueron aprehendidas en un procedimiento de la Polic\u00eda Federal. Secuestraron veh\u00edculos y herramientas. Con informaci\u00f3n de En L\u00ednea<\/p>\n","protected":false},"author":5,"featured_media":188120,"comment_status":"closed","ping_status":"closed","sticky":false,"template":"","format":"standard","meta":{"_jetpack_memberships_contains_paid_content":false,"footnotes":""},"categories":[14,1],"tags":[],"class_list":["post-188118","post","type-post","status-publish","format-standard","has-post-thumbnail","hentry","category-policiales","category-portada"],"jetpack_featured_media_url":"https:\/\/i0.wp.com\/cdnoticias.com\/wp-content\/uploads\/2025\/11\/allanamiento-federal-rivadavia-y-calle-108-01.jpg?fit=900%2C500&ssl=1","jetpack_sharing_enabled":true,"_links":{"self":[{"href":"https:\/\/cdnoticias.com\/index.php\/wp-json\/wp\/v2\/posts\/188118","targetHints":{"allow":["GET"]}}],"collection":[{"href":"https:\/\/cdnoticias.com\/index.php\/wp-json\/wp\/v2\/posts"}],"about":[{"href":"https:\/\/cdnoticias.com\/index.php\/wp-json\/wp\/v2\/types\/post"}],"author":[{"embeddable":true,"href":"https:\/\/cdnoticias.com\/index.php\/wp-json\/wp\/v2\/users\/5"}],"replies":[{"embeddable":true,"href":"https:\/\/cdnoticias.com\/index.php\/wp-json\/wp\/v2\/comments?post=188118"}],"version-history":[{"count":0,"href":"https:\/\/cdnoticias.com\/index.php\/wp-json\/wp\/v2\/posts\/188118\/revisions"}],"wp:featuredmedia":[{"embeddable":true,"href":"https:\/\/cdnoticias.com\/index.php\/wp-json\/wp\/v2\/media\/188120"}],"wp:attachment":[{"href":"https:\/\/cdnoticias.com\/index.php\/wp-json\/wp\/v2\/media?parent=188118"}],"wp:term":[{"taxonomy":"category","embeddable":true,"href":"https:\/\/cdnoticias.com\/index.php\/wp-json\/wp\/v2\/categories?post=188118"},{"taxonomy":"post_tag","embeddable":true,"href":"https:\/\/cdnoticias.com\/index.php\/wp-json\/wp\/v2\/tags?post=188118"}],"curies":[{"name":"wp","href":"https:\/\/api.w.org\/{rel}","templated":true}]}}