{"id":188112,"date":"2025-11-19T08:30:22","date_gmt":"2025-11-19T11:30:22","guid":{"rendered":"https:\/\/cdnoticias.com\/?p=188112"},"modified":"2025-11-19T08:30:24","modified_gmt":"2025-11-19T11:30:24","slug":"gran-feria-navidena-corrales-de-nievas","status":"publish","type":"post","link":"https:\/\/cdnoticias.com\/index.php\/2025\/11\/19\/gran-feria-navidena-corrales-de-nievas\/","title":{"rendered":"Gran Feria Navide\u00f1a Corrales de Nievas"},"content":{"rendered":"<p>Se invit\u00f3 a toda la comunidad a participar el pr\u00f3ximo 7 de diciembre desde el mediod\u00eda en Colonia Nievas.<!--more--><\/p>\n<hr \/>\n<p>El <strong>domingo 7 de diciembre<\/strong> se realizar\u00e1 la <strong>Gran Feria Navide\u00f1a Corrales de Nievas<\/strong>, una propuesta abierta a toda la comunidad.<\/p>\n<p><strong>A partir de las 12<\/strong>, la feria se desarrollar\u00e1 <strong>en la localidad de Colonia Nievas, frente a la Iglesia<\/strong>.<\/p>\n<p>Habr\u00e1<strong> artesanos y emprendedores<\/strong>, patio de comidas y espect\u00e1culos con entrada libre y gratuita.<\/p>\n<p>Se aclar\u00f3 que <em>en caso de mal tiempo, pasar\u00e1 al lunes 8 de diciembre.<\/em><\/p>\n<blockquote><p>Los artesanos y emprendedores interesados en participar deber\u00e1n inscribirse al 2284-571285.<\/p><\/blockquote>\n","protected":false},"excerpt":{"rendered":"<p>Se invit\u00f3 a toda la comunidad a participar el pr\u00f3ximo 7 de diciembre desde el mediod\u00eda en Colonia Nievas.<\/p>\n","protected":false},"author":4,"featured_media":142490,"comment_status":"closed","ping_status":"closed","sticky":false,"template":"","format":"standard","meta":{"_jetpack_memberships_contains_paid_content":false,"footnotes":""},"categories":[9,1],"tags":[],"class_list":["post-188112","post","type-post","status-publish","format-standard","has-post-thumbnail","hentry","category-cultura","category-portada"],"jetpack_featured_media_url":"https:\/\/i0.wp.com\/cdnoticias.com\/wp-content\/uploads\/2025\/01\/colonia-nievas-mantenimiento.png?fit=896%2C474&ssl=1","jetpack_sharing_enabled":true,"_links":{"self":[{"href":"https:\/\/cdnoticias.com\/index.php\/wp-json\/wp\/v2\/posts\/188112","targetHints":{"allow":["GET"]}}],"collection":[{"href":"https:\/\/cdnoticias.com\/index.php\/wp-json\/wp\/v2\/posts"}],"about":[{"href":"https:\/\/cdnoticias.com\/index.php\/wp-json\/wp\/v2\/types\/post"}],"author":[{"embeddable":true,"href":"https:\/\/cdnoticias.com\/index.php\/wp-json\/wp\/v2\/users\/4"}],"replies":[{"embeddable":true,"href":"https:\/\/cdnoticias.com\/index.php\/wp-json\/wp\/v2\/comments?post=188112"}],"version-history":[{"count":0,"href":"https:\/\/cdnoticias.com\/index.php\/wp-json\/wp\/v2\/posts\/188112\/revisions"}],"wp:featuredmedia":[{"embeddable":true,"href":"https:\/\/cdnoticias.com\/index.php\/wp-json\/wp\/v2\/media\/142490"}],"wp:attachment":[{"href":"https:\/\/cdnoticias.com\/index.php\/wp-json\/wp\/v2\/media?parent=188112"}],"wp:term":[{"taxonomy":"category","embeddable":true,"href":"https:\/\/cdnoticias.com\/index.php\/wp-json\/wp\/v2\/categories?post=188112"},{"taxonomy":"post_tag","embeddable":true,"href":"https:\/\/cdnoticias.com\/index.php\/wp-json\/wp\/v2\/tags?post=188112"}],"curies":[{"name":"wp","href":"https:\/\/api.w.org\/{rel}","templated":true}]}}