{"id":188099,"date":"2025-11-18T08:43:47","date_gmt":"2025-11-18T11:43:47","guid":{"rendered":"https:\/\/cdnoticias.com\/?p=188099"},"modified":"2025-11-18T08:43:49","modified_gmt":"2025-11-18T11:43:49","slug":"acto-por-la-independencia-del-libano-en-el-panteon-municipal-de-la-sociedad-libanesa","status":"publish","type":"post","link":"https:\/\/cdnoticias.com\/index.php\/2025\/11\/18\/acto-por-la-independencia-del-libano-en-el-panteon-municipal-de-la-sociedad-libanesa\/","title":{"rendered":"Acto por la Independencia del L\u00edbano en el Pante\u00f3n Municipal de la Sociedad Libanesa"},"content":{"rendered":"\n<p>La colectividad libanesa de Olavarr\u00eda realizar\u00e1 este s\u00e1bado un homenaje con la entrega de una ofrenda floral. La actividad busca honrar a inmigrantes y descendientes que integraron la comunidad local.<\/p>\n\n\n\n<hr class=\"wp-block-separator aligncenter has-alpha-channel-opacity\"\/>\n\n\n\n<p>Este s\u00e1bado 22 de noviembre se llevar\u00e1 a cabo<strong> un acto conmemorativo por un nuevo aniversario de la Independencia del L\u00edbano. La actividad ser\u00e1 a las 10:30 en el Pante\u00f3n Municipal de la Sociedad Libanesa, <\/strong>donde la colectividad se reunir\u00e1 para rendir homenaje a los inmigrantes y descendientes que contribuyeron a la construcci\u00f3n de la comunidad olavarriense.<\/p>\n\n\n\n<p>El encuentro incluir\u00e1 <strong>la entrega de una ofrenda, en reconocimiento a quienes consolidaron los lazos sociales y culturales que persisten hasta la actualidad. En el marco de la conmemoraci\u00f3n, se destacar\u00e1 el valor de la independencia como un legado que invita a construir un futuro basado en la unidad, la paz y la solidaridad.<\/strong><\/p>\n\n\n\n<p>La colectividad libanesa convoc\u00f3 a<strong> libaneses, descendientes y a toda la comunidad a participar del acto y formar parte de la celebraci\u00f3n.<\/strong><\/p>\n\n\n\n<p><\/p>\n","protected":false},"excerpt":{"rendered":"<p>La colectividad libanesa de Olavarr\u00eda realizar\u00e1 este s\u00e1bado un homenaje con la entrega de una ofrenda floral. La actividad busca<\/p>\n","protected":false},"author":2,"featured_media":117921,"comment_status":"closed","ping_status":"closed","sticky":false,"template":"","format":"standard","meta":{"_jetpack_memberships_contains_paid_content":false,"footnotes":""},"categories":[9,1],"tags":[],"class_list":["post-188099","post","type-post","status-publish","format-standard","has-post-thumbnail","hentry","category-cultura","category-portada"],"jetpack_featured_media_url":"https:\/\/i0.wp.com\/cdnoticias.com\/wp-content\/uploads\/2024\/06\/sociedad-libanesa-02.jpg?fit=800%2C445&ssl=1","jetpack_sharing_enabled":true,"_links":{"self":[{"href":"https:\/\/cdnoticias.com\/index.php\/wp-json\/wp\/v2\/posts\/188099","targetHints":{"allow":["GET"]}}],"collection":[{"href":"https:\/\/cdnoticias.com\/index.php\/wp-json\/wp\/v2\/posts"}],"about":[{"href":"https:\/\/cdnoticias.com\/index.php\/wp-json\/wp\/v2\/types\/post"}],"author":[{"embeddable":true,"href":"https:\/\/cdnoticias.com\/index.php\/wp-json\/wp\/v2\/users\/2"}],"replies":[{"embeddable":true,"href":"https:\/\/cdnoticias.com\/index.php\/wp-json\/wp\/v2\/comments?post=188099"}],"version-history":[{"count":0,"href":"https:\/\/cdnoticias.com\/index.php\/wp-json\/wp\/v2\/posts\/188099\/revisions"}],"wp:featuredmedia":[{"embeddable":true,"href":"https:\/\/cdnoticias.com\/index.php\/wp-json\/wp\/v2\/media\/117921"}],"wp:attachment":[{"href":"https:\/\/cdnoticias.com\/index.php\/wp-json\/wp\/v2\/media?parent=188099"}],"wp:term":[{"taxonomy":"category","embeddable":true,"href":"https:\/\/cdnoticias.com\/index.php\/wp-json\/wp\/v2\/categories?post=188099"},{"taxonomy":"post_tag","embeddable":true,"href":"https:\/\/cdnoticias.com\/index.php\/wp-json\/wp\/v2\/tags?post=188099"}],"curies":[{"name":"wp","href":"https:\/\/api.w.org\/{rel}","templated":true}]}}