{"id":188090,"date":"2025-11-17T19:17:38","date_gmt":"2025-11-17T22:17:38","guid":{"rendered":"https:\/\/cdnoticias.com\/?p=188090"},"modified":"2025-11-18T08:47:45","modified_gmt":"2025-11-18T11:47:45","slug":"paro-nacional-de-no-docentes-como-impactara-en-la-unicen-este-miercoles","status":"publish","type":"post","link":"https:\/\/cdnoticias.com\/index.php\/2025\/11\/17\/paro-nacional-de-no-docentes-como-impactara-en-la-unicen-este-miercoles\/","title":{"rendered":"Paro nacional de no docentes: c\u00f3mo impactar\u00e1 en la Unicen este mi\u00e9rcoles"},"content":{"rendered":"\n<p>Fatun resolvi\u00f3 una medida de fuerza en reclamo de la aplicaci\u00f3n de la Ley de Financiamiento Universitario.<\/p>\n\n\n\n<hr class=\"wp-block-separator aligncenter has-alpha-channel-opacity\"\/>\n\n\n\n<p>El pr\u00f3ximo <strong>mi\u00e9rcoles se llevar\u00e1 a cabo un paro nacional de no docentes que tendr\u00e1 impacto en la Universidad Nacional del Centro.<\/strong> La medida fue resuelta por la Fatun durante una reuni\u00f3n de su Consejo Directivo y del Plenario de Secretarios Generales.<\/p>\n\n\n\n<p>Los trabajadores reclaman<strong><em> \u201cla aplicaci\u00f3n de la Ley de Financiamiento Universitario, por parte del Poder Ejecutivo Nacional, quien ha decidido no respetar el mandato popular de garantizar el normal funcionamiento de las Universidades Nacionales\u201d.<\/em><\/strong><\/p>\n\n\n\n<p>Desde Atuncpba recordaron que<em> \u201ca 41 d\u00edas de ese hist\u00f3rico 2 de octubre, en que se rechaz\u00f3 el veto presidencial a la Ley de Financiamiento Universitario en el Senado de la Naci\u00f3n, el Poder Ejecutivo nacional contin\u00faa evitando su aplicaci\u00f3n, erosionando as\u00ed el sistema democr\u00e1tico de nuestro pa\u00eds, en pos de sostener un ajuste que ahoga y pone en peligro todo el sistema universitario\u201d.<\/em><\/p>\n\n\n\n<p>Asimismo, afirmaron:<em> \u201cCreemos en la defensa de la educaci\u00f3n p\u00fablica en todo sentido, pero por sobre todas las cosas, creemos en que el futuro del pa\u00eds es con m\u00e1s y mejores universidades, y para ello los presupuestos son el eslab\u00f3n fundamental que todo gobierno de turno debe garantizar, m\u00e1s all\u00e1 de los vaivenes econ\u00f3micos que pueda sufrir la econom\u00eda del pa\u00eds. Salarios dignos, presupuestos suficientes para lograr una educaci\u00f3n superior de calidad. Sin Ley de Financiamiento, no hay universidades; sin universidades, no hay futuro\u201d.<\/em><\/p>\n","protected":false},"excerpt":{"rendered":"<p>Fatun resolvi\u00f3 una medida de fuerza en reclamo de la aplicaci\u00f3n de la Ley de Financiamiento Universitario. El pr\u00f3ximo mi\u00e9rcoles<\/p>\n","protected":false},"author":2,"featured_media":182690,"comment_status":"closed","ping_status":"closed","sticky":false,"template":"","format":"standard","meta":{"_jetpack_memberships_contains_paid_content":false,"footnotes":""},"categories":[5,1],"tags":[],"class_list":["post-188090","post","type-post","status-publish","format-standard","has-post-thumbnail","hentry","category-informacion-general","category-portada"],"jetpack_featured_media_url":"https:\/\/i0.wp.com\/cdnoticias.com\/wp-content\/uploads\/2025\/09\/Marcha-Universidad-Publica-Olavarria-29.jpg?fit=1024%2C680&ssl=1","jetpack_sharing_enabled":true,"_links":{"self":[{"href":"https:\/\/cdnoticias.com\/index.php\/wp-json\/wp\/v2\/posts\/188090","targetHints":{"allow":["GET"]}}],"collection":[{"href":"https:\/\/cdnoticias.com\/index.php\/wp-json\/wp\/v2\/posts"}],"about":[{"href":"https:\/\/cdnoticias.com\/index.php\/wp-json\/wp\/v2\/types\/post"}],"author":[{"embeddable":true,"href":"https:\/\/cdnoticias.com\/index.php\/wp-json\/wp\/v2\/users\/2"}],"replies":[{"embeddable":true,"href":"https:\/\/cdnoticias.com\/index.php\/wp-json\/wp\/v2\/comments?post=188090"}],"version-history":[{"count":0,"href":"https:\/\/cdnoticias.com\/index.php\/wp-json\/wp\/v2\/posts\/188090\/revisions"}],"wp:featuredmedia":[{"embeddable":true,"href":"https:\/\/cdnoticias.com\/index.php\/wp-json\/wp\/v2\/media\/182690"}],"wp:attachment":[{"href":"https:\/\/cdnoticias.com\/index.php\/wp-json\/wp\/v2\/media?parent=188090"}],"wp:term":[{"taxonomy":"category","embeddable":true,"href":"https:\/\/cdnoticias.com\/index.php\/wp-json\/wp\/v2\/categories?post=188090"},{"taxonomy":"post_tag","embeddable":true,"href":"https:\/\/cdnoticias.com\/index.php\/wp-json\/wp\/v2\/tags?post=188090"}],"curies":[{"name":"wp","href":"https:\/\/api.w.org\/{rel}","templated":true}]}}