{"id":188089,"date":"2025-11-19T10:00:00","date_gmt":"2025-11-19T13:00:00","guid":{"rendered":"https:\/\/cdnoticias.com\/?p=188089"},"modified":"2025-11-19T10:00:02","modified_gmt":"2025-11-19T13:00:02","slug":"clinica-de-voley-nueva-edicion-de-olavarria-se-capacita","status":"publish","type":"post","link":"https:\/\/cdnoticias.com\/index.php\/2025\/11\/19\/clinica-de-voley-nueva-edicion-de-olavarria-se-capacita\/","title":{"rendered":"Cl\u00ednica de v\u00f3ley: nueva edici\u00f3n de \u201cOlavarr\u00eda se Capacita\u201d"},"content":{"rendered":"\n<p>La propuesta se llevar\u00e1 a cabo el pr\u00f3ximo 28 de noviembre en la sociedad de fomento Mariano Moreno, en avenida Sarmiento 3093.<\/p>\n\n\n\n<hr class=\"wp-block-separator aligncenter has-alpha-channel-opacity\"\/>\n\n\n\n<p>Llega una nueva jornada del Programa Municipal <strong>Olavarr\u00eda Se Capacita,<\/strong> el cronograma de encuentros que son promovidos desde la Subsecretar\u00eda de Deportes, con el objetivo de brindar a la comunidad deportiva local un espacio de formaci\u00f3n, intercambio y debate.<\/p>\n\n\n\n<p><\/p>\n\n\n\n<blockquote class=\"wp-block-quote is-layout-flow wp-block-quote-is-layout-flow\">\n<p>En este caso la propuesta consistir\u00e1 en una cl\u00ednica de v\u00f3ley, que ser\u00e1 encabezada por el entrenador Rodr\u00edguez Mart\u00ednez Granados, quien posee una destacada y extensa trayectoria en la disciplina.\u00a0<\/p>\n<\/blockquote>\n\n\n\n<p><\/p>\n\n\n\n<p>La propuesta se llevar\u00e1 a cabo <strong>el pr\u00f3ximo 28 de noviembre en la sociedad de fomento Mariano Moreno,<\/strong> en <strong>avenida Sarmiento 3093.<\/strong><\/p>\n\n\n\n<p><\/p>\n\n\n\n<p>La <strong>inscripci\u00f3n es libre y gratuita<\/strong>, las personas interesadas podr\u00e1n anotarse a trav\u00e9s del formulario online al que se accede haciendo<a href=\"https:\/\/docs.google.com\/forms\/d\/e\/1FAIpQLSfeU979MNp6vr8FZRgAIJXKvot-OBz7VwNAyGX9cD9DL6OuhQ\/viewform\" target=\"_blank\" rel=\"noreferrer noopener\"> click aqu\u00ed.<\/a><\/p>\n\n\n\n<p><\/p>\n\n\n\n<p>La propuesta<strong> se iniciar\u00e1 desde las 14 horas <\/strong>y consistir\u00e1 de 3 bloques:<\/p>\n\n\n\n<ul class=\"wp-block-list\">\n<li>T\u00e9cnica del armador, desglose de sus componentes<\/li>\n<\/ul>\n\n\n\n<ul class=\"wp-block-list\">\n<li>Desarrollo t\u00e1ctico del armador\/sistemas de juego<\/li>\n<\/ul>\n\n\n\n<ul class=\"wp-block-list\">\n<li>Charla con entrenadores\/profesores<\/li>\n<\/ul>\n\n\n\n<p><\/p>\n","protected":false},"excerpt":{"rendered":"<p>La propuesta se llevar\u00e1 a cabo el pr\u00f3ximo 28 de noviembre en la sociedad de fomento Mariano Moreno, en avenida<\/p>\n","protected":false},"author":6,"featured_media":188092,"comment_status":"closed","ping_status":"closed","sticky":false,"template":"","format":"standard","meta":{"_jetpack_memberships_contains_paid_content":false,"footnotes":""},"categories":[29,1],"tags":[],"class_list":["post-188089","post","type-post","status-publish","format-standard","has-post-thumbnail","hentry","category-deportes","category-portada"],"jetpack_featured_media_url":"https:\/\/i0.wp.com\/cdnoticias.com\/wp-content\/uploads\/2025\/11\/voley-capacitacion.jpg?fit=819%2C557&ssl=1","jetpack_sharing_enabled":true,"_links":{"self":[{"href":"https:\/\/cdnoticias.com\/index.php\/wp-json\/wp\/v2\/posts\/188089","targetHints":{"allow":["GET"]}}],"collection":[{"href":"https:\/\/cdnoticias.com\/index.php\/wp-json\/wp\/v2\/posts"}],"about":[{"href":"https:\/\/cdnoticias.com\/index.php\/wp-json\/wp\/v2\/types\/post"}],"author":[{"embeddable":true,"href":"https:\/\/cdnoticias.com\/index.php\/wp-json\/wp\/v2\/users\/6"}],"replies":[{"embeddable":true,"href":"https:\/\/cdnoticias.com\/index.php\/wp-json\/wp\/v2\/comments?post=188089"}],"version-history":[{"count":0,"href":"https:\/\/cdnoticias.com\/index.php\/wp-json\/wp\/v2\/posts\/188089\/revisions"}],"wp:featuredmedia":[{"embeddable":true,"href":"https:\/\/cdnoticias.com\/index.php\/wp-json\/wp\/v2\/media\/188092"}],"wp:attachment":[{"href":"https:\/\/cdnoticias.com\/index.php\/wp-json\/wp\/v2\/media?parent=188089"}],"wp:term":[{"taxonomy":"category","embeddable":true,"href":"https:\/\/cdnoticias.com\/index.php\/wp-json\/wp\/v2\/categories?post=188089"},{"taxonomy":"post_tag","embeddable":true,"href":"https:\/\/cdnoticias.com\/index.php\/wp-json\/wp\/v2\/tags?post=188089"}],"curies":[{"name":"wp","href":"https:\/\/api.w.org\/{rel}","templated":true}]}}