{"id":188084,"date":"2025-11-17T17:32:29","date_gmt":"2025-11-17T20:32:29","guid":{"rendered":"https:\/\/cdnoticias.com\/?p=188084"},"modified":"2025-11-17T17:32:31","modified_gmt":"2025-11-17T20:32:31","slug":"como-sera-el-ultimo-fin-de-semana-extra-largo-del-ano-feriado-y-dia-no-laborable","status":"publish","type":"post","link":"https:\/\/cdnoticias.com\/index.php\/2025\/11\/17\/como-sera-el-ultimo-fin-de-semana-extra-largo-del-ano-feriado-y-dia-no-laborable\/","title":{"rendered":"C\u00f3mo ser\u00e1 el \u00faltimo fin de semana extra largo del a\u00f1o: feriado y d\u00eda no laborable"},"content":{"rendered":"\n<p>El D\u00eda de la Soberan\u00eda Nacional generar\u00e1 un fin de semana XXL con cuatro d\u00edas sin actividad para gran parte de los trabajadores.<\/p>\n\n\n\n<hr class=\"wp-block-separator aligncenter has-alpha-channel-opacity\"\/>\n\n\n\n<p>La semana que comenz\u00f3 ser\u00e1 m\u00e1s corta de lo habitual para muchos trabajadores, y lo mismo ocurrir\u00e1 con la pr\u00f3xima. <strong>En el marco del D\u00eda de la Soberan\u00eda Nacional, algunos ciudadanos tendr\u00e1n cuatro d\u00edas sin actividad gracias a la combinaci\u00f3n de un d\u00eda no laborable y un feriado. Ser\u00e1 el \u00faltimo fin de semana extra largo del a\u00f1o.<\/strong><\/p>\n\n\n\n<blockquote class=\"wp-block-quote is-layout-flow wp-block-quote-is-layout-flow\">\n<p>Seg\u00fan el cronograma del Ministerio del Interior, noviembre unir\u00e1 un d\u00eda no laborable, el viernes 21, con un feriado nacional, el lunes 24. Esto conformar\u00e1 un \u201cfinde XXL\u201d, en el que la administraci\u00f3n p\u00fablica y muchos trabajadores privados, como los bancarios, no prestar\u00e1n servicio.<\/p>\n<\/blockquote>\n\n\n\n<p>La ley 20.744, conocida como Ley de Contrato de Trabajo, establece en su art\u00edculo 181 que en los feriados nacionales rigen las mismas normas que para el descanso dominical. <strong>En consecuencia, si un empleado es convocado a trabajar un feriado, debe recibir el doble de su salario diario habitual. La decisi\u00f3n de trabajar o no no depende del trabajador, salvo excepciones que no modifican el r\u00e9gimen de pago.<\/strong><\/p>\n\n\n\n<p><strong>El lunes 24 es feriado y, seg\u00fan el calendario oficial, esto obliga a suspender toda actividad administrativa y comercial en el \u00e1mbito p\u00fablico.<\/strong> En el sector privado se mantienen \u00fanicamente los servicios considerados esenciales o bajo guardias m\u00ednimas.<\/p>\n\n\n\n<p>En cambio,<strong> los d\u00edas no laborables son optativos: la decisi\u00f3n de otorgar la jornada de descanso o exigir la prestaci\u00f3n de servicios depende del empleador. Si se trabaja ese viernes, la remuneraci\u00f3n corresponde a un d\u00eda habitual, sin recargo especial.<\/strong><\/p>\n\n\n\n<p>El calendario oficial se\u00f1ala que bancos, escuelas y organismos estatales permanecer\u00e1n cerrados esos d\u00edas, aunque en el sector privado la actividad depender\u00e1 de cada empleador<strong>. El viernes 21 no es feriado nacional sino un d\u00eda no laborable, por lo que su aplicaci\u00f3n var\u00eda seg\u00fan cada instituci\u00f3n.<\/strong><\/p>\n\n\n\n<p class=\"has-medium-font-size\"><strong>Qu\u00e9 se celebra el D\u00eda de la Soberan\u00eda Nacional<\/strong><\/p>\n\n\n\n<p>El D\u00eda de la Soberan\u00eda Nacional se conmemora cada 20 de noviembre en homenaje al combate de la Vuelta de Obligado de 1845, cuando las fuerzas de la Confederaci\u00f3n Argentina resistieron la invasi\u00f3n anglo-francesa sobre el r\u00edo Paran\u00e1. Aunque la fecha hist\u00f3rica es el 20, en 2025 el feriado se traslada al lunes 24 seg\u00fan la Ley 27.399 de feriados trasladables. La jornada recuerda una gesta militar y reivindica el valor simb\u00f3lico de la soberan\u00eda nacional.<\/p>\n\n\n\n<p class=\"has-medium-font-size\"><strong>Qu\u00e9 feriados quedan en 2025<\/strong><\/p>\n\n\n\n<p>Luego de septiembre sin feriados y de uno en octubre por el D\u00eda del Respeto a la Diversidad Cultural, los pr\u00f3ximos ser\u00e1n a fines de noviembre, con un fin de semana extra largo por el traslado del D\u00eda de la Soberan\u00eda Nacional y un d\u00eda no laborable adicional.<\/p>\n\n\n\n<ul class=\"wp-block-list\">\n<li>Viernes 21 de noviembre: d\u00eda no laborable con fines tur\u00edsticos por el D\u00eda de la Soberan\u00eda.<\/li>\n\n\n\n<li>Lunes 24 de noviembre: feriado por el D\u00eda de la Soberan\u00eda.<\/li>\n\n\n\n<li>Lunes 8 de diciembre: feriado por el D\u00eda de la Inmaculada Concepci\u00f3n de Mar\u00eda.<\/li>\n\n\n\n<li>Jueves 25 de diciembre: feriado por Navidad.<\/li>\n<\/ul>\n","protected":false},"excerpt":{"rendered":"<p>El D\u00eda de la Soberan\u00eda Nacional generar\u00e1 un fin de semana XXL con cuatro d\u00edas sin actividad para gran parte<\/p>\n","protected":false},"author":2,"featured_media":24337,"comment_status":"closed","ping_status":"closed","sticky":false,"template":"","format":"standard","meta":{"_jetpack_memberships_contains_paid_content":false,"footnotes":""},"categories":[6,1],"tags":[],"class_list":["post-188084","post","type-post","status-publish","format-standard","has-post-thumbnail","hentry","category-nacionales","category-portada"],"jetpack_featured_media_url":"https:\/\/i0.wp.com\/cdnoticias.com\/wp-content\/uploads\/2021\/06\/feriados-2021-argentina-e1763411187108.jpg?fit=799%2C377&ssl=1","jetpack_sharing_enabled":true,"_links":{"self":[{"href":"https:\/\/cdnoticias.com\/index.php\/wp-json\/wp\/v2\/posts\/188084","targetHints":{"allow":["GET"]}}],"collection":[{"href":"https:\/\/cdnoticias.com\/index.php\/wp-json\/wp\/v2\/posts"}],"about":[{"href":"https:\/\/cdnoticias.com\/index.php\/wp-json\/wp\/v2\/types\/post"}],"author":[{"embeddable":true,"href":"https:\/\/cdnoticias.com\/index.php\/wp-json\/wp\/v2\/users\/2"}],"replies":[{"embeddable":true,"href":"https:\/\/cdnoticias.com\/index.php\/wp-json\/wp\/v2\/comments?post=188084"}],"version-history":[{"count":0,"href":"https:\/\/cdnoticias.com\/index.php\/wp-json\/wp\/v2\/posts\/188084\/revisions"}],"wp:featuredmedia":[{"embeddable":true,"href":"https:\/\/cdnoticias.com\/index.php\/wp-json\/wp\/v2\/media\/24337"}],"wp:attachment":[{"href":"https:\/\/cdnoticias.com\/index.php\/wp-json\/wp\/v2\/media?parent=188084"}],"wp:term":[{"taxonomy":"category","embeddable":true,"href":"https:\/\/cdnoticias.com\/index.php\/wp-json\/wp\/v2\/categories?post=188084"},{"taxonomy":"post_tag","embeddable":true,"href":"https:\/\/cdnoticias.com\/index.php\/wp-json\/wp\/v2\/tags?post=188084"}],"curies":[{"name":"wp","href":"https:\/\/api.w.org\/{rel}","templated":true}]}}