{"id":188071,"date":"2025-11-17T18:35:48","date_gmt":"2025-11-17T21:35:48","guid":{"rendered":"https:\/\/cdnoticias.com\/?p=188071"},"modified":"2025-11-17T18:35:49","modified_gmt":"2025-11-17T21:35:49","slug":"concierto-del-grupo-vocal-cantares-a-beneficio-de-la-biblioteca-collinet","status":"publish","type":"post","link":"https:\/\/cdnoticias.com\/index.php\/2025\/11\/17\/concierto-del-grupo-vocal-cantares-a-beneficio-de-la-biblioteca-collinet\/","title":{"rendered":"Concierto del Grupo Vocal Cantares a beneficio de la Biblioteca Collinet"},"content":{"rendered":"\n<p>El evento se realizar\u00e1 el jueves 27 de noviembre a las 20:30 horas en Alsina 2659.<\/p>\n\n\n\n<hr class=\"wp-block-separator aligncenter has-alpha-channel-opacity\"\/>\n\n\n\n<p>La <strong>Biblioteca Popular Armando Collinet <\/strong>invita a la comunidad a disfrutar del <strong>concierto del Grupo Vocal Cantares<\/strong>, que se realizar\u00e1 el<strong> jueves 27 de noviembre<\/strong> a las 20:30 horas en la sede de la instituci\u00f3n, ubicada en Alsina 2659.<\/p>\n\n\n\n<p><\/p>\n\n\n\n<blockquote class=\"wp-block-quote is-layout-flow wp-block-quote-is-layout-flow\">\n<p>La entrada tiene un valor de $5.000. Cabe destacar que lo recaudado ser\u00e1 a beneficio de la biblioteca. El objetivo de la contribuci\u00f3n es poder sostener actividades culturales, el mantenimiento del espacio y la compra de insumos y nuevo material de lectura.\u00a0<\/p>\n<\/blockquote>\n\n\n\n<p><\/p>\n\n\n\n<p>El Grupo Vocal Cantares, con m\u00e1s de 35 a\u00f1os de trayectoria bajo la direcci\u00f3n de Norma Etchegoyen, ofrecer\u00e1 un<strong> repertorio lleno de armon\u00edas, emoci\u00f3n y alegr\u00eda, en una noche pensada para compartir la m\u00fasica<\/strong> y acompa\u00f1ar el trabajo de la Biblioteca Collinet.<\/p>\n\n\n\n<p><\/p>\n","protected":false},"excerpt":{"rendered":"<p>El evento se realizar\u00e1 el jueves 27 de noviembre a las 20:30 horas en Alsina 2659. La Biblioteca Popular Armando<\/p>\n","protected":false},"author":6,"featured_media":188073,"comment_status":"closed","ping_status":"closed","sticky":false,"template":"","format":"standard","meta":{"_jetpack_memberships_contains_paid_content":false,"footnotes":""},"categories":[9,1],"tags":[],"class_list":["post-188071","post","type-post","status-publish","format-standard","has-post-thumbnail","hentry","category-cultura","category-portada"],"jetpack_featured_media_url":"https:\/\/i0.wp.com\/cdnoticias.com\/wp-content\/uploads\/2025\/11\/coro-vocal.png?fit=894%2C543&ssl=1","jetpack_sharing_enabled":true,"_links":{"self":[{"href":"https:\/\/cdnoticias.com\/index.php\/wp-json\/wp\/v2\/posts\/188071","targetHints":{"allow":["GET"]}}],"collection":[{"href":"https:\/\/cdnoticias.com\/index.php\/wp-json\/wp\/v2\/posts"}],"about":[{"href":"https:\/\/cdnoticias.com\/index.php\/wp-json\/wp\/v2\/types\/post"}],"author":[{"embeddable":true,"href":"https:\/\/cdnoticias.com\/index.php\/wp-json\/wp\/v2\/users\/6"}],"replies":[{"embeddable":true,"href":"https:\/\/cdnoticias.com\/index.php\/wp-json\/wp\/v2\/comments?post=188071"}],"version-history":[{"count":0,"href":"https:\/\/cdnoticias.com\/index.php\/wp-json\/wp\/v2\/posts\/188071\/revisions"}],"wp:featuredmedia":[{"embeddable":true,"href":"https:\/\/cdnoticias.com\/index.php\/wp-json\/wp\/v2\/media\/188073"}],"wp:attachment":[{"href":"https:\/\/cdnoticias.com\/index.php\/wp-json\/wp\/v2\/media?parent=188071"}],"wp:term":[{"taxonomy":"category","embeddable":true,"href":"https:\/\/cdnoticias.com\/index.php\/wp-json\/wp\/v2\/categories?post=188071"},{"taxonomy":"post_tag","embeddable":true,"href":"https:\/\/cdnoticias.com\/index.php\/wp-json\/wp\/v2\/tags?post=188071"}],"curies":[{"name":"wp","href":"https:\/\/api.w.org\/{rel}","templated":true}]}}