{"id":18807,"date":"2021-04-14T12:20:13","date_gmt":"2021-04-14T15:20:13","guid":{"rendered":"http:\/\/www.centraldenoticias.com.ar\/?p=18807"},"modified":"2021-04-14T12:20:13","modified_gmt":"2021-04-14T15:20:13","slug":"amenaza-de-bomba-en-la-municipalidad-de-azul","status":"publish","type":"post","link":"https:\/\/cdnoticias.com\/index.php\/2021\/04\/14\/amenaza-de-bomba-en-la-municipalidad-de-azul\/","title":{"rendered":"Amenaza de bomba en la Municipalidad de Azul"},"content":{"rendered":"<p>Fue en la ma\u00f1ana de este mi\u00e9rcoles. Se recibi\u00f3 un llamado en el Concejo Deliberante y se decidi\u00f3 evacuar el edificio.<!--more--><\/p>\n<hr \/>\n<p><strong>La Municipalidad de Azul fue evacuada por una amenaza de bomba<\/strong>. Ocurri\u00f3 en la ma\u00f1ana de este mi\u00e9rcoles, se evacu\u00f3 el edificio e intervino personal policial.<\/p>\n<p>&nbsp;<\/p>\n<p><strong>Minutos despu\u00e9s de las 10 de la ma\u00f1ana<\/strong>, se recibi\u00f3 una amenaza de bomba <strong>en el conmutador del Concejo Deliberante<\/strong> de la vecina localidad por lo que se procedi\u00f3 a evacuar el edificio del Palacio Municipal, se inform\u00f3 en <em>Radio Azul<\/em>.<\/p>\n<p><img data-recalc-dims=\"1\" loading=\"lazy\" decoding=\"async\" class=\"aligncenter wp-image-18808\" src=\"https:\/\/i0.wp.com\/cdnoticias.com\/wp-content\/uploads\/2021\/04\/Azul-bomba-municipalidad-RADIO-AZUL-2.jpg?resize=800%2C450&#038;ssl=1\" alt=\"\" width=\"800\" height=\"450\" srcset=\"https:\/\/i0.wp.com\/cdnoticias.com\/wp-content\/uploads\/2021\/04\/Azul-bomba-municipalidad-RADIO-AZUL-2.jpg?resize=300%2C169&amp;ssl=1 300w, https:\/\/i0.wp.com\/cdnoticias.com\/wp-content\/uploads\/2021\/04\/Azul-bomba-municipalidad-RADIO-AZUL-2.jpg?resize=768%2C432&amp;ssl=1 768w, https:\/\/i0.wp.com\/cdnoticias.com\/wp-content\/uploads\/2021\/04\/Azul-bomba-municipalidad-RADIO-AZUL-2.jpg?w=960&amp;ssl=1 960w\" sizes=\"auto, (max-width: 800px) 100vw, 800px\" \/><\/p>\n<p>&nbsp;<\/p>\n<p>Se dio inmediata intervenci\u00f3n a la Polic\u00eda que <strong>cort\u00f3 las calles<\/strong> del sector c\u00e9ntrico de la localidad donde se encuentra la sede gubernamental y tambi\u00e9n<strong> impidi\u00f3 la circulaci\u00f3n de peatones<\/strong> por las veredas del sector.<\/p>\n<p>&nbsp;<\/p>\n<p>Personal de la <strong>Direcci\u00f3n de Explosivos de la Polic\u00eda Bonaerense<\/strong> procedi\u00f3 a inspeccionar el edificio.<\/p>\n<p>&nbsp;<\/p>\n<p>Fotos: <em>Radio Azul<\/em><\/p>\n","protected":false},"excerpt":{"rendered":"<p>Fue en la ma\u00f1ana de este mi\u00e9rcoles. Se recibi\u00f3 un llamado en el Concejo Deliberante y se decidi\u00f3 evacuar el<\/p>\n","protected":false},"author":4,"featured_media":18809,"comment_status":"closed","ping_status":"closed","sticky":false,"template":"","format":"standard","meta":{"_jetpack_memberships_contains_paid_content":false,"footnotes":""},"categories":[6,1],"tags":[],"class_list":["post-18807","post","type-post","status-publish","format-standard","has-post-thumbnail","hentry","category-nacionales","category-portada"],"jetpack_featured_media_url":"https:\/\/i0.wp.com\/cdnoticias.com\/wp-content\/uploads\/2021\/04\/Azul-bomba-municipalidad-RADIO-AZUL.jpg?fit=960%2C540&ssl=1","jetpack_sharing_enabled":true,"_links":{"self":[{"href":"https:\/\/cdnoticias.com\/index.php\/wp-json\/wp\/v2\/posts\/18807","targetHints":{"allow":["GET"]}}],"collection":[{"href":"https:\/\/cdnoticias.com\/index.php\/wp-json\/wp\/v2\/posts"}],"about":[{"href":"https:\/\/cdnoticias.com\/index.php\/wp-json\/wp\/v2\/types\/post"}],"author":[{"embeddable":true,"href":"https:\/\/cdnoticias.com\/index.php\/wp-json\/wp\/v2\/users\/4"}],"replies":[{"embeddable":true,"href":"https:\/\/cdnoticias.com\/index.php\/wp-json\/wp\/v2\/comments?post=18807"}],"version-history":[{"count":0,"href":"https:\/\/cdnoticias.com\/index.php\/wp-json\/wp\/v2\/posts\/18807\/revisions"}],"wp:featuredmedia":[{"embeddable":true,"href":"https:\/\/cdnoticias.com\/index.php\/wp-json\/wp\/v2\/media\/18809"}],"wp:attachment":[{"href":"https:\/\/cdnoticias.com\/index.php\/wp-json\/wp\/v2\/media?parent=18807"}],"wp:term":[{"taxonomy":"category","embeddable":true,"href":"https:\/\/cdnoticias.com\/index.php\/wp-json\/wp\/v2\/categories?post=18807"},{"taxonomy":"post_tag","embeddable":true,"href":"https:\/\/cdnoticias.com\/index.php\/wp-json\/wp\/v2\/tags?post=18807"}],"curies":[{"name":"wp","href":"https:\/\/api.w.org\/{rel}","templated":true}]}}