{"id":188052,"date":"2025-11-17T13:33:10","date_gmt":"2025-11-17T16:33:10","guid":{"rendered":"https:\/\/cdnoticias.com\/?p=188052"},"modified":"2025-11-17T16:31:24","modified_gmt":"2025-11-17T19:31:24","slug":"fin-de-semana-con-retenciones-de-licencias-y-rodados-por-infracciones-viales-en-olavarria","status":"publish","type":"post","link":"https:\/\/cdnoticias.com\/index.php\/2025\/11\/17\/fin-de-semana-con-retenciones-de-licencias-y-rodados-por-infracciones-viales-en-olavarria\/","title":{"rendered":"Fin de semana con retenciones de licencias y rodados por infracciones viales en Olavarr\u00eda"},"content":{"rendered":"\n<p>Controles municipales y policiales detectaron alcoholemias positivas, negativa a test, falta de documentaci\u00f3n y maniobras peligrosas.<\/p>\n\n\n\n<hr class=\"wp-block-separator has-alpha-channel-opacity\"\/>\n\n\n\n<p>El Municipio de Olavarr\u00eda inform\u00f3 que <strong>durante el \u00faltimo fin de semana se desplegaron m\u00faltiples controles de seguridad vial en distintos puntos y horarios estrat\u00e9gicos de la ciudad. <\/strong>Las tareas fueron coordinadas por la Subsecretar\u00eda de Protecci\u00f3n Ciudadana, en articulaci\u00f3n con seccionales locales de la Polic\u00eda de la Provincia de Buenos Aires. Como resultado, se iniciaron <strong>numerosas actas por infracciones a la Ley de Tr\u00e1nsito, lo que deriv\u00f3 en la retenci\u00f3n de licencias, autos y motocicletas.<\/strong><\/p>\n\n\n\n<p><\/p>\n\n\n\n<p>Una de las intervenciones m\u00e1s relevantes ocurri\u00f3 en la <strong>madrugada del domingo en la zona del Parque Mitre, tras un siniestro vial sin heridos. <\/strong>All\u00ed, <strong>personal de seguridad identific\u00f3 al conductor involucrado, quien -seg\u00fan narraron los agentes e inspectores que participaron del operativo- presentaba un fuerte aliento et\u00edlico.<\/strong> El individuo <strong>se neg\u00f3 a someterse al test de alcoholemia<\/strong> y se dispuso la retenci\u00f3n tanto de su licencia como del rodado. Las actuaciones fueron remitidas al Juzgado de Faltas y el veh\u00edculo trasladado al Corral\u00f3n Municipal.<\/p>\n\n\n\n<p><\/p>\n\n\n\n<figure class=\"wp-block-image size-full\"><img data-recalc-dims=\"1\" loading=\"lazy\" decoding=\"async\" width=\"800\" height=\"445\" src=\"https:\/\/i0.wp.com\/cdnoticias.com\/wp-content\/uploads\/2025\/11\/control-vial-02.png?resize=800%2C445&#038;ssl=1\" alt=\"\" class=\"wp-image-188053\" srcset=\"https:\/\/i0.wp.com\/cdnoticias.com\/wp-content\/uploads\/2025\/11\/control-vial-02.png?w=800&amp;ssl=1 800w, https:\/\/i0.wp.com\/cdnoticias.com\/wp-content\/uploads\/2025\/11\/control-vial-02.png?resize=300%2C167&amp;ssl=1 300w, https:\/\/i0.wp.com\/cdnoticias.com\/wp-content\/uploads\/2025\/11\/control-vial-02.png?resize=768%2C427&amp;ssl=1 768w\" sizes=\"auto, (max-width: 800px) 100vw, 800px\" \/><\/figure>\n\n\n\n<p><\/p>\n\n\n\n<blockquote class=\"wp-block-quote is-layout-flow wp-block-quote-is-layout-flow\">\n<p>Desde el \u00e1rea municipal<strong> recordaron la vigencia de la Ley de Alcohol Cero<\/strong>, que proh\u00edbe conducir cualquier tipo de rodado con alcohol en sangre. Pese a ello, durante el fin de semana se realizaron numerosos test que arrojaron resultados positivos.<\/p>\n<\/blockquote>\n\n\n\n<p><\/p>\n\n\n\n<p>Uno de esos casos se registr\u00f3 en la<strong> madrugada del s\u00e1bado, cuando un auto cruz\u00f3 en rojo el sem\u00e1foro de avenida Col\u00f3n y Pringles.<\/strong> Al interceptarlo, se constat\u00f3 que <strong>el conductor circulaba con 1,15 g\/l de alcohol en sangre. Se le retuvo la licencia de conducir y el veh\u00edculo. <\/strong>Esa misma noche, un motociclista que transitaba sin luces ni chapa patente arroj\u00f3 1,69 g\/l en el control de alcoholemia, por lo que tambi\u00e9n se dispuso la retenci\u00f3n de la licencia y la moto. Adem\u00e1s, se detectaron <strong>otros casos positivos con valores cercanos a 1 g\/l,<\/strong> as\u00ed como personas que se negaron a realizar el test, una conducta que tambi\u00e9n se considera como alcoholemia positiva.<\/p>\n\n\n\n<p><\/p>\n\n\n\n<p>La Subsecretar\u00eda de Protecci\u00f3n Ciudadana record\u00f3 que <strong>la Ley 15.402 establece sanciones de hasta 18 meses de inhabilitaci\u00f3n para quienes se nieguen a practicar el test de alcoholemia.<\/strong><\/p>\n\n\n\n<p><\/p>\n\n\n\n<figure class=\"wp-block-image size-full\"><img data-recalc-dims=\"1\" loading=\"lazy\" decoding=\"async\" width=\"800\" height=\"445\" src=\"https:\/\/i0.wp.com\/cdnoticias.com\/wp-content\/uploads\/2025\/11\/control-vial-03.png?resize=800%2C445&#038;ssl=1\" alt=\"\" class=\"wp-image-188054\" srcset=\"https:\/\/i0.wp.com\/cdnoticias.com\/wp-content\/uploads\/2025\/11\/control-vial-03.png?w=800&amp;ssl=1 800w, https:\/\/i0.wp.com\/cdnoticias.com\/wp-content\/uploads\/2025\/11\/control-vial-03.png?resize=300%2C167&amp;ssl=1 300w, https:\/\/i0.wp.com\/cdnoticias.com\/wp-content\/uploads\/2025\/11\/control-vial-03.png?resize=768%2C427&amp;ssl=1 768w\" sizes=\"auto, (max-width: 800px) 100vw, 800px\" \/><\/figure>\n\n\n\n<p><\/p>\n\n\n\n<p>De manera paralela, se labraron <strong>numerosas actuaciones por falta de documentaci\u00f3n obligatoria \u2014licencia, VTV y seguro\u2014, irregularidades en la identificaci\u00f3n de los rodados y deficiencias en la iluminaci\u00f3n.<\/strong> Tambi\u00e9n se constataron<strong> maniobras consideradas peligrosas, como cruzar sem\u00e1foros en rojo, realizar giros en U en avenidas y manipular el tel\u00e9fono celular durante la conducci\u00f3n.<\/strong><\/p>\n\n\n\n<p><\/p>\n\n\n\n<p>Todas las actuaciones fueron puestas <strong>a disposici\u00f3n del Juzgado de Faltas <\/strong>y los rodados retenidos fueron remitidos al Corral\u00f3n Municipal.<\/p>\n","protected":false},"excerpt":{"rendered":"<p>Controles municipales y policiales detectaron alcoholemias positivas, negativa a test, falta de documentaci\u00f3n y maniobras peligrosas. El Municipio de Olavarr\u00eda<\/p>\n","protected":false},"author":5,"featured_media":188055,"comment_status":"closed","ping_status":"closed","sticky":false,"template":"","format":"standard","meta":{"_jetpack_memberships_contains_paid_content":false,"footnotes":""},"categories":[14,1],"tags":[],"class_list":["post-188052","post","type-post","status-publish","format-standard","has-post-thumbnail","hentry","category-policiales","category-portada"],"jetpack_featured_media_url":"https:\/\/i0.wp.com\/cdnoticias.com\/wp-content\/uploads\/2025\/11\/control-vial-01.png?fit=800%2C445&ssl=1","jetpack_sharing_enabled":true,"_links":{"self":[{"href":"https:\/\/cdnoticias.com\/index.php\/wp-json\/wp\/v2\/posts\/188052","targetHints":{"allow":["GET"]}}],"collection":[{"href":"https:\/\/cdnoticias.com\/index.php\/wp-json\/wp\/v2\/posts"}],"about":[{"href":"https:\/\/cdnoticias.com\/index.php\/wp-json\/wp\/v2\/types\/post"}],"author":[{"embeddable":true,"href":"https:\/\/cdnoticias.com\/index.php\/wp-json\/wp\/v2\/users\/5"}],"replies":[{"embeddable":true,"href":"https:\/\/cdnoticias.com\/index.php\/wp-json\/wp\/v2\/comments?post=188052"}],"version-history":[{"count":0,"href":"https:\/\/cdnoticias.com\/index.php\/wp-json\/wp\/v2\/posts\/188052\/revisions"}],"wp:featuredmedia":[{"embeddable":true,"href":"https:\/\/cdnoticias.com\/index.php\/wp-json\/wp\/v2\/media\/188055"}],"wp:attachment":[{"href":"https:\/\/cdnoticias.com\/index.php\/wp-json\/wp\/v2\/media?parent=188052"}],"wp:term":[{"taxonomy":"category","embeddable":true,"href":"https:\/\/cdnoticias.com\/index.php\/wp-json\/wp\/v2\/categories?post=188052"},{"taxonomy":"post_tag","embeddable":true,"href":"https:\/\/cdnoticias.com\/index.php\/wp-json\/wp\/v2\/tags?post=188052"}],"curies":[{"name":"wp","href":"https:\/\/api.w.org\/{rel}","templated":true}]}}