{"id":188027,"date":"2025-11-17T09:45:41","date_gmt":"2025-11-17T12:45:41","guid":{"rendered":"https:\/\/cdnoticias.com\/?p=188027"},"modified":"2025-11-17T09:45:42","modified_gmt":"2025-11-17T12:45:42","slug":"federico-delbonis-vivio-una-despedida-inolvidable","status":"publish","type":"post","link":"https:\/\/cdnoticias.com\/index.php\/2025\/11\/17\/federico-delbonis-vivio-una-despedida-inolvidable\/","title":{"rendered":"Federico Delbonis vivi\u00f3 una despedida inolvidable"},"content":{"rendered":"<p>El tenista azule\u00f1o tuvo su partido homenaje ante m\u00e1s de 500 personas, acompa\u00f1ado por familiares, amigos, ex compa\u00f1eros, entrenadores y figuras del tenis nacional. Emoci\u00f3n, reconocimientos y recuerdos de su carrera marcaron una noche hist\u00f3rica.<!--more--><\/p>\n<hr \/>\n<p>El <strong>azule\u00f1o Federico Delbonis<\/strong> vivi\u00f3 una tarde inolvidable el s\u00e1bado en la <strong>cancha 8 de tenis del Club de Remo de Azul.<\/strong><\/p>\n<p>Junto a su familia, amigos, entrenadores, ex compa\u00f1eros y aficionados de Azul y la regi\u00f3n, protagoniz\u00f3<strong> su partido de despedida ante un marco de m\u00e1s de 400 personas.<\/strong><\/p>\n<p>La tarde acompa\u00f1\u00f3 con una temperatura agradable que ayud\u00f3 a generar un clima perfecto para un evento que quedar\u00e1 en el recuerdo de todos los presentes. Decenas de chicos recorr\u00edan el predio en busca de una foto con Delbonis y tambi\u00e9n con <strong>Leonardo &#8220;Yacar\u00e9&#8221; Mayer, Mariano &#8220;El Ni\u00f1o&#8221; Hood y Facundo Bagnis<\/strong>, quienes participaron de los encuentros junto al homenajeado. Familias enteras disfrutaron cada momento de una jornada pensada para celebrar la trayectoria del m\u00e1ximo referente del tenis azule\u00f1o.<\/p>\n<p><img data-recalc-dims=\"1\" loading=\"lazy\" decoding=\"async\" class=\"alignnone size-full wp-image-188029 aligncenter\" src=\"https:\/\/i0.wp.com\/cdnoticias.com\/wp-content\/uploads\/2025\/11\/diario-el-tiempo-delbonis-despedida-03.jpg?resize=800%2C450&#038;ssl=1\" alt=\"\" width=\"800\" height=\"450\" srcset=\"https:\/\/i0.wp.com\/cdnoticias.com\/wp-content\/uploads\/2025\/11\/diario-el-tiempo-delbonis-despedida-03.jpg?w=955&amp;ssl=1 955w, https:\/\/i0.wp.com\/cdnoticias.com\/wp-content\/uploads\/2025\/11\/diario-el-tiempo-delbonis-despedida-03.jpg?resize=300%2C169&amp;ssl=1 300w, https:\/\/i0.wp.com\/cdnoticias.com\/wp-content\/uploads\/2025\/11\/diario-el-tiempo-delbonis-despedida-03.jpg?resize=768%2C432&amp;ssl=1 768w\" sizes=\"auto, (max-width: 800px) 100vw, 800px\" \/><\/p>\n<p>Entre los presentes tambi\u00e9n se destac\u00f3 <strong>Daniel Orsanic<\/strong>, capit\u00e1n del equipo argentino que conquist\u00f3 la Copa Davis en 2016. Le puso voz a una de las transmisiones televisivas del evento.<\/p>\n<blockquote><p>Se realizaron dos partidos: Delbonis jug\u00f3 con Mayer un single y luego, el dobles en el que el azule\u00f1o hizo dupla con Bagnis frente a Hood y Mayer.<\/p><\/blockquote>\n<p>Antes del inicio de los encuentros, el director del torneo M15 Azul, Agust\u00edn F\u00fachila, ingres\u00f3 con<strong> una r\u00e9plica de la Copa Davis<\/strong> que qued\u00f3 exhibida durante todo el evento, convirti\u00e9ndose en otra de las grandes atracciones para el p\u00fablico.<\/p>\n<p>Las t\u00edpicas<strong> jugadas de exhibici\u00f3n, con puntos largos y definiciones de calidad<\/strong>, hicieron vibrar a la gente que respondi\u00f3 con aplausos constantes. La atm\u00f3sfera fue de fiesta: no faltaron<strong> las bromas durante el dobles<\/strong>, como los pelotazos al cuerpo por una apuesta entre los jugadores, donde quien recib\u00eda el impacto deb\u00eda hacer flexiones en medio de la cancha, algo que finalmente los cuatro lograron evitar.<\/p>\n<p><img data-recalc-dims=\"1\" loading=\"lazy\" decoding=\"async\" class=\"alignnone size-full wp-image-188028 aligncenter\" src=\"https:\/\/i0.wp.com\/cdnoticias.com\/wp-content\/uploads\/2025\/11\/diario-el-tiempo-delbonis-despedida-00.jpg?resize=800%2C707&#038;ssl=1\" alt=\"\" width=\"800\" height=\"707\" srcset=\"https:\/\/i0.wp.com\/cdnoticias.com\/wp-content\/uploads\/2025\/11\/diario-el-tiempo-delbonis-despedida-00.jpg?w=800&amp;ssl=1 800w, https:\/\/i0.wp.com\/cdnoticias.com\/wp-content\/uploads\/2025\/11\/diario-el-tiempo-delbonis-despedida-00.jpg?resize=300%2C265&amp;ssl=1 300w, https:\/\/i0.wp.com\/cdnoticias.com\/wp-content\/uploads\/2025\/11\/diario-el-tiempo-delbonis-despedida-00.jpg?resize=768%2C679&amp;ssl=1 768w\" sizes=\"auto, (max-width: 800px) 100vw, 800px\" \/><\/p>\n<p>Despu\u00e9s de la <strong>anecd\u00f3tica victoria de Delbonis sobre Mayer y del triunfo de la dupla Mayer-Hood ante Delbonis-Bagnis<\/strong>, lleg\u00f3 el momento de los reconocimientos. Se entregaron <strong>plaquetas recordatorias<\/strong> a los participantes del evento y se destac\u00f3 especialmente a los entrenadores que acompa\u00f1aron a Delbonis en distintos tramos de su carrera: Ignacio Poblet y Gustavo Tavernini. Tambi\u00e9n fueron <strong>homenajeados los profesores de tenis del Club de Remo<\/strong>: Esteban Leiva, Ariel Rosarno y Ana Brescia.<\/p>\n<p>Uno de los instantes m\u00e1s emotivos ocurri\u00f3 cuando Delbonis, ubicado en el centro de la cancha, observ\u00f3 <strong>un video con saludos y buenos deseos<\/strong> de figuras como <em>Federico Coria, Guillermo Coria, M\u00e1ximo Gonz\u00e1lez, Mat\u00edas Almeyda, &#8220;Pelusa&#8221; Cardoso, Franco Mastantuono, Juan Mart\u00edn del Potro, Mariano Monachesi y Diego Junqueira<\/em>, entre otros. <strong>El video cerr\u00f3 con el punto decisivo que Delbonis le gan\u00f3 a Ivo Karlovic en Croacia<\/strong>, el mismo que le dio a la Argentina la hist\u00f3rica Copa Davis de 2016.<\/p>\n<blockquote><p>Sobre el final del evento, lleg\u00f3 el turno de la palabra del homenajeado. Visiblemente emocionado, Delbonis agradeci\u00f3 a quienes lo acompa\u00f1aron a lo largo de su carrera y a todos los presentes en su despedida: &#8220;Quiero que esto sea \u00fanico, que lo hayan vivido como yo lo viv\u00ed y me lo hicieron sentir. Quiero que todos se sientan parte. Muchas gracias&#8221;.<\/p><\/blockquote>\n<p>Una noche que Azul no olvidar\u00e1 y que quedar\u00e1 grabada como <strong>el adi\u00f3s deportivo de uno de los deportistas m\u00e1s importantes<\/strong> de su historia.<\/p>\n<p>Fuente y fotos: <em>Diario El Tiempo<\/em><\/p>\n<p><img data-recalc-dims=\"1\" loading=\"lazy\" decoding=\"async\" class=\"alignnone size-full wp-image-188031 aligncenter\" src=\"https:\/\/i0.wp.com\/cdnoticias.com\/wp-content\/uploads\/2025\/11\/diario-el-tiempo-delbonis-despedida-01.jpg?resize=800%2C533&#038;ssl=1\" alt=\"\" width=\"800\" height=\"533\" srcset=\"https:\/\/i0.wp.com\/cdnoticias.com\/wp-content\/uploads\/2025\/11\/diario-el-tiempo-delbonis-despedida-01.jpg?w=800&amp;ssl=1 800w, https:\/\/i0.wp.com\/cdnoticias.com\/wp-content\/uploads\/2025\/11\/diario-el-tiempo-delbonis-despedida-01.jpg?resize=300%2C200&amp;ssl=1 300w, https:\/\/i0.wp.com\/cdnoticias.com\/wp-content\/uploads\/2025\/11\/diario-el-tiempo-delbonis-despedida-01.jpg?resize=768%2C512&amp;ssl=1 768w, https:\/\/i0.wp.com\/cdnoticias.com\/wp-content\/uploads\/2025\/11\/diario-el-tiempo-delbonis-despedida-01.jpg?resize=272%2C182&amp;ssl=1 272w\" sizes=\"auto, (max-width: 800px) 100vw, 800px\" \/><\/p>\n","protected":false},"excerpt":{"rendered":"<p>El tenista azule\u00f1o tuvo su partido homenaje ante m\u00e1s de 500 personas, acompa\u00f1ado por familiares, amigos, ex compa\u00f1eros, entrenadores y<\/p>\n","protected":false},"author":4,"featured_media":188029,"comment_status":"closed","ping_status":"closed","sticky":false,"template":"","format":"standard","meta":{"_jetpack_memberships_contains_paid_content":false,"footnotes":""},"categories":[29,1,55],"tags":[],"class_list":["post-188027","post","type-post","status-publish","format-standard","has-post-thumbnail","hentry","category-deportes","category-portada","category-tenis-padel"],"jetpack_featured_media_url":"https:\/\/i0.wp.com\/cdnoticias.com\/wp-content\/uploads\/2025\/11\/diario-el-tiempo-delbonis-despedida-03.jpg?fit=955%2C537&ssl=1","jetpack_sharing_enabled":true,"_links":{"self":[{"href":"https:\/\/cdnoticias.com\/index.php\/wp-json\/wp\/v2\/posts\/188027","targetHints":{"allow":["GET"]}}],"collection":[{"href":"https:\/\/cdnoticias.com\/index.php\/wp-json\/wp\/v2\/posts"}],"about":[{"href":"https:\/\/cdnoticias.com\/index.php\/wp-json\/wp\/v2\/types\/post"}],"author":[{"embeddable":true,"href":"https:\/\/cdnoticias.com\/index.php\/wp-json\/wp\/v2\/users\/4"}],"replies":[{"embeddable":true,"href":"https:\/\/cdnoticias.com\/index.php\/wp-json\/wp\/v2\/comments?post=188027"}],"version-history":[{"count":0,"href":"https:\/\/cdnoticias.com\/index.php\/wp-json\/wp\/v2\/posts\/188027\/revisions"}],"wp:featuredmedia":[{"embeddable":true,"href":"https:\/\/cdnoticias.com\/index.php\/wp-json\/wp\/v2\/media\/188029"}],"wp:attachment":[{"href":"https:\/\/cdnoticias.com\/index.php\/wp-json\/wp\/v2\/media?parent=188027"}],"wp:term":[{"taxonomy":"category","embeddable":true,"href":"https:\/\/cdnoticias.com\/index.php\/wp-json\/wp\/v2\/categories?post=188027"},{"taxonomy":"post_tag","embeddable":true,"href":"https:\/\/cdnoticias.com\/index.php\/wp-json\/wp\/v2\/tags?post=188027"}],"curies":[{"name":"wp","href":"https:\/\/api.w.org\/{rel}","templated":true}]}}