{"id":188021,"date":"2025-11-17T09:00:41","date_gmt":"2025-11-17T12:00:41","guid":{"rendered":"https:\/\/cdnoticias.com\/?p=188021"},"modified":"2025-11-17T11:10:56","modified_gmt":"2025-11-17T14:10:56","slug":"ruta-3-con-presencia-olavarriense-se-presento-la-actualizacion-del-cartel-de-siniestros-viales","status":"publish","type":"post","link":"https:\/\/cdnoticias.com\/index.php\/2025\/11\/17\/ruta-3-con-presencia-olavarriense-se-presento-la-actualizacion-del-cartel-de-siniestros-viales\/","title":{"rendered":"Ruta 3: con presencia olavarriense se present\u00f3 la actualizaci\u00f3n del cartel de siniestros viales"},"content":{"rendered":"<p>Fue en el acceso a la ciudad de Azul este domingo. La iniciativa reclama por la construcci\u00f3n de la autov\u00eda y busca concientizar sobre los accidentes. Adem\u00e1s, la demanda por el mantenimiento.<!--more--><\/p>\n<hr \/>\n<p><strong>Este domingo en Azul<\/strong> se llev\u00f3 adelante el <strong>acto inaugural del cartel con las cifras de siniestros en la Ruta 3<\/strong> para concientizar sobre la seguridad vial. Cabe recordar que<a href=\"https:\/\/cdnoticias.com\/index.php\/2025\/11\/10\/siniestralidad-vial-actualizaron-el-cartel-de-la-ruta-3\/\" target=\"_blank\" rel=\"noopener\"> la carteler\u00eda hab\u00eda sido renovada a principios de este mes<\/a>.<\/p>\n<blockquote><p>En el acto hubo presencia olavarriense: estuvieron los representantes locales de la agrupaci\u00f3n Estrellas Amarillas y Bomberos Voluntarios de Olavarr\u00eda.<\/p><\/blockquote>\n<p>En la <strong>rotonda de acceso a la vecina localidad<\/strong>, en Ruta 3 y avenida Piazza, qued\u00f3 inaugurado un nuevo cartel que <strong>exhibe las cifras actualizadas de accidentes, personas heridas y fallecidas<\/strong> en la Ruta Nacional N\u00b0 3, en el tramo comprendido <strong>entre San Miguel del Monte y Azul.<\/strong><\/p>\n<p><img data-recalc-dims=\"1\" loading=\"lazy\" decoding=\"async\" class=\"alignnone size-full wp-image-188022 aligncenter\" src=\"https:\/\/i0.wp.com\/cdnoticias.com\/wp-content\/uploads\/2025\/11\/azul-cartel-ruta-3-2.jpg?resize=800%2C557&#038;ssl=1\" alt=\"\" width=\"800\" height=\"557\" srcset=\"https:\/\/i0.wp.com\/cdnoticias.com\/wp-content\/uploads\/2025\/11\/azul-cartel-ruta-3-2.jpg?w=1000&amp;ssl=1 1000w, https:\/\/i0.wp.com\/cdnoticias.com\/wp-content\/uploads\/2025\/11\/azul-cartel-ruta-3-2.jpg?resize=300%2C209&amp;ssl=1 300w, https:\/\/i0.wp.com\/cdnoticias.com\/wp-content\/uploads\/2025\/11\/azul-cartel-ruta-3-2.jpg?resize=768%2C535&amp;ssl=1 768w, https:\/\/i0.wp.com\/cdnoticias.com\/wp-content\/uploads\/2025\/11\/azul-cartel-ruta-3-2.jpg?resize=392%2C272&amp;ssl=1 392w, https:\/\/i0.wp.com\/cdnoticias.com\/wp-content\/uploads\/2025\/11\/azul-cartel-ruta-3-2.jpg?resize=130%2C90&amp;ssl=1 130w, https:\/\/i0.wp.com\/cdnoticias.com\/wp-content\/uploads\/2025\/11\/azul-cartel-ruta-3-2.jpg?resize=600%2C417&amp;ssl=1 600w\" sizes=\"auto, (max-width: 800px) 100vw, 800px\" \/><\/p>\n<p>La iniciativa fue impulsada y organizada por la <strong>agrupaci\u00f3n Estrellas Amarillas<\/strong>, junto a <strong>Vecinos Autoconvocados por la Autov\u00eda Ya<\/strong> y la <strong>Fundaci\u00f3n CEDA<\/strong>.<\/p>\n<blockquote><p>El objetivo principal de la instalaci\u00f3n es visibilizar la gravedad de la situaci\u00f3n vial en este corredor, uno de los m\u00e1s transitados de la regi\u00f3n, y reforzar la conciencia sobre la importancia de la prevenci\u00f3n.<\/p><\/blockquote>\n<p>El cartel presenta la <strong>actualizaci\u00f3n registrada al 11 de junio de 2025<\/strong>, que refleja la <strong>magnitud del problema<\/strong> en el tramo mencionado:<\/p>\n<ul>\n<li>Accidentes: 495<\/li>\n<li>Heridos: 883<\/li>\n<li>Fallecidos: 226<\/li>\n<\/ul>\n<p><img data-recalc-dims=\"1\" loading=\"lazy\" decoding=\"async\" class=\"alignnone size-full wp-image-188023 aligncenter\" src=\"https:\/\/i0.wp.com\/cdnoticias.com\/wp-content\/uploads\/2025\/11\/azul-cartel-ruta-3-1.jpg?resize=800%2C445&#038;ssl=1\" alt=\"\" width=\"800\" height=\"445\" srcset=\"https:\/\/i0.wp.com\/cdnoticias.com\/wp-content\/uploads\/2025\/11\/azul-cartel-ruta-3-1.jpg?w=1000&amp;ssl=1 1000w, https:\/\/i0.wp.com\/cdnoticias.com\/wp-content\/uploads\/2025\/11\/azul-cartel-ruta-3-1.jpg?resize=300%2C167&amp;ssl=1 300w, https:\/\/i0.wp.com\/cdnoticias.com\/wp-content\/uploads\/2025\/11\/azul-cartel-ruta-3-1.jpg?resize=768%2C427&amp;ssl=1 768w, https:\/\/i0.wp.com\/cdnoticias.com\/wp-content\/uploads\/2025\/11\/azul-cartel-ruta-3-1.jpg?resize=800%2C445&amp;ssl=1 800w\" sizes=\"auto, (max-width: 800px) 100vw, 800px\" \/><\/p>\n<p>Adem\u00e1s, la iniciativa se enmarca dentro del <strong>Petitorio Regional, avalado por m\u00e1s de 50.000 vecinos<\/strong> de Azul, Benito Ju\u00e1rez, Chillar, Cachar\u00ed, Las Flores, Laprida, Monte, <strong>Olavarr\u00eda<\/strong>, Rauch y Tandil, quienes <strong>solicitan de manera urgente medidas concretas<\/strong> para mejorar la seguridad vial en la Ruta 3.<\/p>\n<blockquote><p>Durante el acto, los Bomberos de Olavarr\u00eda hicieron sonar la sirena durante el minuto de silencio en homenaje a las v\u00edctimas de siniestros viales. Adem\u00e1s, hubo una emotiva suelta de palomas, acompa\u00f1ando a familiares y amigos de las personas que fallecieron en siniestros viales registrados sobre la traza.<\/p><\/blockquote>\n<p><img data-recalc-dims=\"1\" loading=\"lazy\" decoding=\"async\" class=\"alignnone size-full wp-image-188024 aligncenter\" src=\"https:\/\/i0.wp.com\/cdnoticias.com\/wp-content\/uploads\/2025\/11\/azul-cartel-ruta-3-4.jpg?resize=800%2C445&#038;ssl=1\" alt=\"\" width=\"800\" height=\"445\" srcset=\"https:\/\/i0.wp.com\/cdnoticias.com\/wp-content\/uploads\/2025\/11\/azul-cartel-ruta-3-4.jpg?w=1000&amp;ssl=1 1000w, https:\/\/i0.wp.com\/cdnoticias.com\/wp-content\/uploads\/2025\/11\/azul-cartel-ruta-3-4.jpg?resize=300%2C167&amp;ssl=1 300w, https:\/\/i0.wp.com\/cdnoticias.com\/wp-content\/uploads\/2025\/11\/azul-cartel-ruta-3-4.jpg?resize=768%2C427&amp;ssl=1 768w, https:\/\/i0.wp.com\/cdnoticias.com\/wp-content\/uploads\/2025\/11\/azul-cartel-ruta-3-4.jpg?resize=800%2C445&amp;ssl=1 800w\" sizes=\"auto, (max-width: 800px) 100vw, 800px\" \/><\/p>\n<p>Fuente y fotos: <em>con informaci\u00f3n de Noticias de Azul<\/em><\/p>\n","protected":false},"excerpt":{"rendered":"<p>Fue en el acceso a la ciudad de Azul este domingo. La iniciativa reclama por la construcci\u00f3n de la autov\u00eda<\/p>\n","protected":false},"author":4,"featured_media":188025,"comment_status":"closed","ping_status":"closed","sticky":false,"template":"","format":"standard","meta":{"_jetpack_memberships_contains_paid_content":false,"footnotes":""},"categories":[5,1],"tags":[],"class_list":["post-188021","post","type-post","status-publish","format-standard","has-post-thumbnail","hentry","category-informacion-general","category-portada"],"jetpack_featured_media_url":"https:\/\/i0.wp.com\/cdnoticias.com\/wp-content\/uploads\/2025\/11\/azul-cartel-ruta-3-3.jpg?fit=1000%2C556&ssl=1","jetpack_sharing_enabled":true,"_links":{"self":[{"href":"https:\/\/cdnoticias.com\/index.php\/wp-json\/wp\/v2\/posts\/188021","targetHints":{"allow":["GET"]}}],"collection":[{"href":"https:\/\/cdnoticias.com\/index.php\/wp-json\/wp\/v2\/posts"}],"about":[{"href":"https:\/\/cdnoticias.com\/index.php\/wp-json\/wp\/v2\/types\/post"}],"author":[{"embeddable":true,"href":"https:\/\/cdnoticias.com\/index.php\/wp-json\/wp\/v2\/users\/4"}],"replies":[{"embeddable":true,"href":"https:\/\/cdnoticias.com\/index.php\/wp-json\/wp\/v2\/comments?post=188021"}],"version-history":[{"count":0,"href":"https:\/\/cdnoticias.com\/index.php\/wp-json\/wp\/v2\/posts\/188021\/revisions"}],"wp:featuredmedia":[{"embeddable":true,"href":"https:\/\/cdnoticias.com\/index.php\/wp-json\/wp\/v2\/media\/188025"}],"wp:attachment":[{"href":"https:\/\/cdnoticias.com\/index.php\/wp-json\/wp\/v2\/media?parent=188021"}],"wp:term":[{"taxonomy":"category","embeddable":true,"href":"https:\/\/cdnoticias.com\/index.php\/wp-json\/wp\/v2\/categories?post=188021"},{"taxonomy":"post_tag","embeddable":true,"href":"https:\/\/cdnoticias.com\/index.php\/wp-json\/wp\/v2\/tags?post=188021"}],"curies":[{"name":"wp","href":"https:\/\/api.w.org\/{rel}","templated":true}]}}