{"id":188002,"date":"2025-11-16T17:30:24","date_gmt":"2025-11-16T20:30:24","guid":{"rendered":"https:\/\/cdnoticias.com\/?p=188002"},"modified":"2025-11-16T17:30:26","modified_gmt":"2025-11-16T20:30:26","slug":"se-reprogramo-el-9-festival-de-tambores-miguel-galgano","status":"publish","type":"post","link":"https:\/\/cdnoticias.com\/index.php\/2025\/11\/16\/se-reprogramo-el-9-festival-de-tambores-miguel-galgano\/","title":{"rendered":"Se reprogram\u00f3 el 9\u00b0 Festival de Tambores \u201cMiguel Galgano\u201d"},"content":{"rendered":"<p>Se inform\u00f3 que el evento que iba a concretarse este domingo pas\u00f3 al domingo 23 de noviembre.<!--more--><\/p>\n<hr \/>\n<p>Se hab\u00eda anunciado que <a href=\"https:\/\/cdnoticias.com\/index.php\/2025\/11\/15\/este-domingo-se-realizara-el-9-festival-de-tambores-miguel-galgano\/\" target=\"_blank\" rel=\"noopener\">este domingo<\/a> se realizar\u00eda el<strong> 9\u00b0 Festival de Tambores \u201cMiguel Galgano\u201d<\/strong>, pero la actividad qued\u00f3 suspendida.<\/p>\n<blockquote><p>Desde el Municipio se inform\u00f3 que la actividad se pas\u00f3 para el pr\u00f3ximo domingo 23 de noviembre.<\/p><\/blockquote>\n<p>La<strong> convocatoria a los m\u00fasicos ser\u00e1 a partir de las 15 horas<\/strong>, para poder dar inicio con el show a las 16 horas<strong> en la Casa del Bicentenario<\/strong>. El festival contar\u00e1 con la presentaci\u00f3n en vivo de <strong>30 bateristas, percusionistas y bombistas.<\/strong><\/p>\n<p>La propuesta es organizada por bateristas y percusionistas de la ciudad, con el acompa\u00f1amiento del Municipio.<\/p>\n","protected":false},"excerpt":{"rendered":"<p>Se inform\u00f3 que el evento que iba a concretarse este domingo pas\u00f3 al domingo 23 de noviembre.<\/p>\n","protected":false},"author":4,"featured_media":32187,"comment_status":"closed","ping_status":"closed","sticky":false,"template":"","format":"standard","meta":{"_jetpack_memberships_contains_paid_content":false,"footnotes":""},"categories":[9,1],"tags":[],"class_list":["post-188002","post","type-post","status-publish","format-standard","has-post-thumbnail","hentry","category-cultura","category-portada"],"jetpack_featured_media_url":"https:\/\/i0.wp.com\/cdnoticias.com\/wp-content\/uploads\/2021\/09\/Casa-Bicentenario-1024x683.jpg?fit=1024%2C683&ssl=1","jetpack_sharing_enabled":true,"_links":{"self":[{"href":"https:\/\/cdnoticias.com\/index.php\/wp-json\/wp\/v2\/posts\/188002","targetHints":{"allow":["GET"]}}],"collection":[{"href":"https:\/\/cdnoticias.com\/index.php\/wp-json\/wp\/v2\/posts"}],"about":[{"href":"https:\/\/cdnoticias.com\/index.php\/wp-json\/wp\/v2\/types\/post"}],"author":[{"embeddable":true,"href":"https:\/\/cdnoticias.com\/index.php\/wp-json\/wp\/v2\/users\/4"}],"replies":[{"embeddable":true,"href":"https:\/\/cdnoticias.com\/index.php\/wp-json\/wp\/v2\/comments?post=188002"}],"version-history":[{"count":0,"href":"https:\/\/cdnoticias.com\/index.php\/wp-json\/wp\/v2\/posts\/188002\/revisions"}],"wp:featuredmedia":[{"embeddable":true,"href":"https:\/\/cdnoticias.com\/index.php\/wp-json\/wp\/v2\/media\/32187"}],"wp:attachment":[{"href":"https:\/\/cdnoticias.com\/index.php\/wp-json\/wp\/v2\/media?parent=188002"}],"wp:term":[{"taxonomy":"category","embeddable":true,"href":"https:\/\/cdnoticias.com\/index.php\/wp-json\/wp\/v2\/categories?post=188002"},{"taxonomy":"post_tag","embeddable":true,"href":"https:\/\/cdnoticias.com\/index.php\/wp-json\/wp\/v2\/tags?post=188002"}],"curies":[{"name":"wp","href":"https:\/\/api.w.org\/{rel}","templated":true}]}}