{"id":187999,"date":"2025-11-16T18:30:13","date_gmt":"2025-11-16T21:30:13","guid":{"rendered":"https:\/\/cdnoticias.com\/?p=187999"},"modified":"2025-11-16T18:30:15","modified_gmt":"2025-11-16T21:30:15","slug":"tras-el-pedido-de-ate-la-provincia-de-buenos-aires-reabre-la-paritaria-salarial","status":"publish","type":"post","link":"https:\/\/cdnoticias.com\/index.php\/2025\/11\/16\/tras-el-pedido-de-ate-la-provincia-de-buenos-aires-reabre-la-paritaria-salarial\/","title":{"rendered":"Tras el pedido de ATE, la Provincia de Buenos Aires reabre la paritaria salarial"},"content":{"rendered":"<p>La negociaci\u00f3n ser\u00e1 el martes en el Ministerio de Trabajo. Los gremios estatales ven\u00edan exigiendo la reapertura desde octubre ante la p\u00e9rdida del poder adquisitivo.<!--more--><\/p>\n<hr \/>\n<p>El<strong> Gobierno de la Provincia de Buenos Aires<\/strong> convoc\u00f3 a los <strong>gremios estatales<\/strong> a una <strong>nueva negociaci\u00f3n paritaria<\/strong>, que comenzar\u00e1 el <strong>martes 18<\/strong>. Las organizaciones <a href=\"https:\/\/cdnoticias.com\/index.php\/2025\/10\/23\/estatales-bonaerenses-piden-que-axel-kicillof-reabra-la-paritaria-salarial\/\" target=\"_blank\" rel=\"noopener\">estaban luchando desde octubre por conseguir una audiencia<\/a> para recomponer los salarios. El \u00faltimo acuerdo hab\u00eda sido en agosto.<\/p>\n<p>\u00a0<\/p>\n<blockquote>\n<p>\u201cLuego del pedido de nuestra organizaci\u00f3n fuimos convocados a audiencia paritaria salarial\u201d, dijeron desde ATE al confirmar la apertura de una nueva instancia de negociaci\u00f3n.<\/p>\n<\/blockquote>\n<p>\u00a0<\/p>\n<p>La reuni\u00f3n ser\u00e1 en el edificio del Ministerio de Trabajo -en 7 entre 39 y 40, La Plata-<strong> este martes pr\u00f3ximo a las 17.15.<\/strong><\/p>\n<p>\u00a0<\/p>\n<p>La convocatoria, seg\u00fan asegura 0221, <strong>se extendi\u00f3 al resto de los gremios<\/strong> con representaci\u00f3n entre los trabajadores de la Ley 10.430. En la reuni\u00f3n habr\u00e1 dos representantes de cada gremio: la <strong>Uni\u00f3n del Personal Civil de la Naci\u00f3n (UPCN), Federaci\u00f3n de Gremios Estatales y Particulares de la Provincia de Buenos Aires (Fegeppba) y ATE<\/strong>.<\/p>\n<p>\u00a0<\/p>\n<p><iframe loading=\"lazy\" style=\"border: none; overflow: hidden;\" src=\"https:\/\/www.facebook.com\/plugins\/post.php?href=https%3A%2F%2Fwww.facebook.com%2Fpermalink.php%3Fstory_fbid%3Dpfbid0VuiPfabgUJjNLyEVXMQuRBeipGrtPVp6dznicoJDFfHt3YzfxcTePMi2pB1fSQ8dl%26id%3D100064743606935&amp;show_text=true&amp;width=500\" width=\"500\" height=\"591\" frameborder=\"0\" scrolling=\"no\" allowfullscreen=\"allowfullscreen\"><\/iframe><\/p>\n<p>\u00a0<\/p>\n<h3>El 22 de octubre<\/h3>\n<p>\u00a0<\/p>\n<p>El sindicato hab\u00eda solicitado <strong>reabrir la discusi\u00f3n el 22 de octubre<\/strong> mediante una carta enviada al ministro de Trabajo, Walter Correa. All\u00ed se hac\u00eda hincapi\u00e9 en que \u201cresulta indispensable que podamos continuar trabajando en conjunto entre el Estado provincial y los sindicatos para sostener una paritaria abierta y permanente&#8221; y as\u00ed<strong> &#8220;logremos recuperar poder adquisitivo salarial&#8221;.<\/strong><\/p>\n<p>\u00a0<\/p>\n<p><strong>El \u00faltimo acuerdo salarial se firm\u00f3 en agosto e incluy\u00f3 un aumento del 5%<\/strong> <a href=\"https:\/\/cdnoticias.com\/index.php\/2025\/08\/15\/un-gremio-docente-acepto-el-aumento-de-la-provincia-de-5-en-dos-tramos\/\" target=\"_blank\" rel=\"noopener\">distribuido en septiembre y noviembre<\/a>. Desde entonces, las organizaciones del sector sostienen que los sueldos quedaron por debajo de la suba inflacionaria.<\/p>\n<p>\u00a0<\/p>\n<p>Fuente: <em>Agencia DIB<\/em><\/p>\n\n\n<p><\/p>\n\n\n\n<p><\/p>\n","protected":false},"excerpt":{"rendered":"<p>La negociaci\u00f3n ser\u00e1 el martes en el Ministerio de Trabajo. Los gremios estatales ven\u00edan exigiendo la reapertura desde octubre ante<\/p>\n","protected":false},"author":4,"featured_media":151031,"comment_status":"closed","ping_status":"closed","sticky":false,"template":"","format":"standard","meta":{"_jetpack_memberships_contains_paid_content":false,"footnotes":""},"categories":[6,1],"tags":[],"class_list":["post-187999","post","type-post","status-publish","format-standard","has-post-thumbnail","hentry","category-nacionales","category-portada"],"jetpack_featured_media_url":"https:\/\/i0.wp.com\/cdnoticias.com\/wp-content\/uploads\/2025\/02\/paritarias-estatales.jpg?fit=696%2C427&ssl=1","jetpack_sharing_enabled":true,"_links":{"self":[{"href":"https:\/\/cdnoticias.com\/index.php\/wp-json\/wp\/v2\/posts\/187999","targetHints":{"allow":["GET"]}}],"collection":[{"href":"https:\/\/cdnoticias.com\/index.php\/wp-json\/wp\/v2\/posts"}],"about":[{"href":"https:\/\/cdnoticias.com\/index.php\/wp-json\/wp\/v2\/types\/post"}],"author":[{"embeddable":true,"href":"https:\/\/cdnoticias.com\/index.php\/wp-json\/wp\/v2\/users\/4"}],"replies":[{"embeddable":true,"href":"https:\/\/cdnoticias.com\/index.php\/wp-json\/wp\/v2\/comments?post=187999"}],"version-history":[{"count":0,"href":"https:\/\/cdnoticias.com\/index.php\/wp-json\/wp\/v2\/posts\/187999\/revisions"}],"wp:featuredmedia":[{"embeddable":true,"href":"https:\/\/cdnoticias.com\/index.php\/wp-json\/wp\/v2\/media\/151031"}],"wp:attachment":[{"href":"https:\/\/cdnoticias.com\/index.php\/wp-json\/wp\/v2\/media?parent=187999"}],"wp:term":[{"taxonomy":"category","embeddable":true,"href":"https:\/\/cdnoticias.com\/index.php\/wp-json\/wp\/v2\/categories?post=187999"},{"taxonomy":"post_tag","embeddable":true,"href":"https:\/\/cdnoticias.com\/index.php\/wp-json\/wp\/v2\/tags?post=187999"}],"curies":[{"name":"wp","href":"https:\/\/api.w.org\/{rel}","templated":true}]}}