{"id":187982,"date":"2025-11-16T12:49:23","date_gmt":"2025-11-16T15:49:23","guid":{"rendered":"https:\/\/cdnoticias.com\/?p=187982"},"modified":"2025-11-16T12:49:25","modified_gmt":"2025-11-16T15:49:25","slug":"ezeiza-autoridades-provinciales-y-municipales-aseguran-que-ya-no-hay-peligro-para-la-poblacion","status":"publish","type":"post","link":"https:\/\/cdnoticias.com\/index.php\/2025\/11\/16\/ezeiza-autoridades-provinciales-y-municipales-aseguran-que-ya-no-hay-peligro-para-la-poblacion\/","title":{"rendered":"Ezeiza: autoridades provinciales y municipales aseguran que &#8220;ya no hay peligro para la poblaci\u00f3n&#8221;"},"content":{"rendered":"<p>Desde el Ministerio de Salud bonaerense se\u00f1alaron que ya no hay internados por el siniestro. Se destac\u00f3 que el fuego est\u00e1 \u201ccontrolado, pero no sofocado\u201d.<!--more--><\/p>\n<hr \/>\n<p><strong>Autoridades provinciales y municipales llaman a la tranquilidad de la poblaci\u00f3n<\/strong> con respecto a la <a href=\"https:\/\/cdnoticias.com\/index.php\/2025\/11\/15\/impactante-incendio-en-el-polo-industrial-de-ezeiza-al-menos-20-heridos\/\" target=\"_blank\" rel=\"noopener\">explosi\u00f3n e incendio en Ezeiza<\/a>. As\u00ed, el <strong>ministro de Salud bonaerense, Nicol\u00e1s Kreplak<\/strong>, asegur\u00f3 que<strong> \u201ctodas las personas asistidas por el sistema de salud bonaerense permanecen fuera de peligro y ya no quedan pacientes internados\u201d<\/strong>. Mientras tanto, el <strong>director de Defensa Civil (DC) de la Provincia de Buenos Aires, Fabi\u00e1n Garc\u00eda<\/strong>, asegur\u00f3 que la situaci\u00f3n<strong> \u201cnunca represent\u00f3 un riesgo grave para la gente\u201d<\/strong>, a pesar de la incertidumbre inicial generada por el humo y las primeras informaciones. Y el <strong>intendente de Ezeiza, Gast\u00f3n Granados<\/strong>, sostuvo que el siniestro que <strong>quem\u00f3 \u201cdiez industrias\u201d se encuentra \u201ccontrolado\u201d<\/strong>.<\/p>\n<p>\u00a0<\/p>\n<blockquote>\n<p>En una publicaci\u00f3n en sus redes sociales, Kreplak resalt\u00f3: \u201cEn relaci\u00f3n a la explosi\u00f3n registrada anoche, viernes 14, en la zona de Ezeiza, desde @SaludBAP se informa que todas las personas asistidas por el sistema de salud bonaerense permanecen fuera de peligro y ya no quedan pacientes internados\u201d.<\/p>\n<\/blockquote>\n<p>\u00a0<\/p>\n<p>El ministro continu\u00f3 con m\u00e1s detalles: \u201cDe los<strong> 8 pacientes ingresados al Hospital Eurnekian<\/strong>, 6 evolucionaron favorablemente y fueron dados de alta, mientras que los dos restantes, estables y sin complicaciones, continuaron su atenci\u00f3n en sus respectivas coberturas de salud\u201d.<\/p>\n<p>\u00a0<\/p>\n<p>Tambi\u00e9n<strong> \u201cse coordin\u00f3 con cl\u00ednicas y sanatorios de la zona<\/strong>, que reportaron 15 personas con heridas leves por situaciones dom\u00e9sticas producto de la onda expansiva (cortes y lesiones menores). Tambi\u00e9n ingres\u00f3<strong> una persona vecina con un infarto<\/strong>, que fue asistida inmediatamente en la misma instituci\u00f3n\u201d.<\/p>\n<p>\u00a0<\/p>\n<h3>Operativo articulado<\/h3>\n<p>\u00a0<\/p>\n<p>\u201cLa l\u00ednea de atenci\u00f3n a la comunidad del<strong> Centro Provincial de Toxicolog\u00eda recibi\u00f3 45 llamados<\/strong> vinculados al incidente. Todos correspondieron a consultas de orientaci\u00f3n, sin requerir derivaci\u00f3n al sistema de salud\u201d, inform\u00f3 el ministro.<\/p>\n<p>\u00a0<\/p>\n<p>Nicol\u00e1s Kreplak cerr\u00f3: \u201cDurante toda la noche y la madrugada, <strong>el sistema de salud bonaerense sostuvo un operativo articulado entre hospitales y el Sistema de Emergencias<\/strong>, con m\u00e1s de 25 m\u00f3viles afectados entre Provincia y municipios. En el lugar contin\u00faa dispuesto un shock room con unidades m\u00f3viles de terapia intensiva, brindando apoyo a las dotaciones de bomberos que permanecen trabajando en la zona\u201d.<\/p>\n<p>\u00a0<\/p>\n<blockquote class=\"twitter-tweet\">\n<p dir=\"ltr\" lang=\"es\">En relaci\u00f3n a la explosi\u00f3n registrada anoche, viernes 14, en la zona de Ezeiza, desde <a href=\"https:\/\/twitter.com\/SaludBAP?ref_src=twsrc%5Etfw\">@SaludBAP<\/a> se informa que todas las personas asistidas por el sistema de salud bonaerense permanecen fuera de peligro y ya no quedan pacientes internados.<\/p>\n<p>De los 8 pacientes ingresados al\u2026 <a href=\"https:\/\/t.co\/4xHQZZfv58\">pic.twitter.com\/4xHQZZfv58<\/a><\/p>\n<p>\u2014 Nicol\u00e1s Kreplak (@nkreplak) <a href=\"https:\/\/twitter.com\/nkreplak\/status\/1989666739756437738?ref_src=twsrc%5Etfw\">November 15, 2025<\/a><\/p>\n<\/blockquote>\n<p><script async src=\"https:\/\/platform.twitter.com\/widgets.js\" charset=\"utf-8\"><\/script><\/p>\n<p>\u00a0<\/p>\n<h3>Fuego contenido<\/h3>\n<p>El\u00a0<strong>director de Defensa Civil bonaerense Fabi\u00e1n Garc\u00eda<\/strong> confirm\u00f3 que<strong> el incendio no est\u00e1 sofocado, sino \u201ccontenido\u201d<\/strong>, lo que significa que \u201cno se va a salir de los l\u00edmites donde se desarrolla\u201d. La estrategia inicial se centr\u00f3 en<strong> proteger el per\u00edmetro<\/strong>, especialmente \u201cuna empresa industria frigor\u00edfica que ten\u00eda amon\u00edaco\u201d a 200 metros del lugar del fuego. \u201cLo que planteamos ah\u00ed es una l\u00ednea de defensa de esas empresas\u201d, explic\u00f3.<\/p>\n<p>\u00a0<\/p>\n<p>El fuego se localiz\u00f3 en un parque industrial, con galpones de diferentes empresas de acopio log\u00edstico y productos qu\u00edmicos. Se estim\u00f3 que <strong>hubo \u201c100 galpones\u201d afectados <\/strong>con diferentes magnitudes. Un <strong>galp\u00f3n que acopiaba neum\u00e1ticos fue el responsable de la columna de humo negro m\u00e1s impactante<\/strong>.<\/p>\n<p>\u00a0<\/p>\n<h3>Varios d\u00edas<\/h3>\n<p>\u00a0<\/p>\n<p>Finalmente, Garc\u00eda anticip\u00f3 que <strong>el trabajo en el lugar \u201cva a seguir varios d\u00edas\u201d<\/strong> para realizar tareas de escombro y enfriamiento, pero reiter\u00f3 el mensaje de calma para la poblaci\u00f3n: \u201cAhora lo que vamos a ver nosotros durante el d\u00eda es que este humo que molesta, que preocupa, pero que ya dijimos no representa un riesgo inminente para la poblaci\u00f3n\u201d.<\/p>\n<p>\u00a0<\/p>\n<h3>\u201cEst\u00e1 controlado\u201d<\/h3>\n<p>\u00a0<\/p>\n<p>Mientras tanto <strong>Granados<\/strong> sostuvo que la explosi\u00f3n y el incendio que afect\u00f3 el polo industrial <strong>quem\u00f3 \u201cdiez industrias\u201d<\/strong>, se encuentra <strong>\u201ccontrolado\u201d aunque no totalmente apagado<\/strong> y remarc\u00f3 los dichos de Kreplak, en el sentido de que no hay heridos en los hospitales locales.<\/p>\n<p>\u00a0<\/p>\n<p>Granados reconoci\u00f3 la<strong> \u201cimportante cantidad de dotaciones de bomberos\u201d<\/strong> que llegaron de diversos puntos de la provincia, junto con una <strong>\u201cmucha presencia tambi\u00e9n del Ministerio de Seguridad\u201d<\/strong>, lo que permiti\u00f3 contener el siniestro y confirm\u00f3 por Radio Rivadavia que las empresas afectadas suman \u201ccasi 10 industrias\u201d.<\/p>\n<p>\u00a0<\/p>\n<h3>De alta<\/h3>\n<blockquote>\n<p>\u201cNo hay m\u00e1s heridos, no queda nadie en nuestro hospital\u201d, agreg\u00f3 el jefe comunal.<\/p>\n<\/blockquote>\n<p>\u00a0<\/p>\n<p>Granados detall\u00f3 que fueron <strong>\u201ctodos dados de alta en la inmensa mayor\u00eda por problemas respiratorios<\/strong>, por la inhalaci\u00f3n de mon\u00f3xido de carbono\u201d generado por la combusti\u00f3n de neum\u00e1ticos de una de las f\u00e1bricas. Si bien algunos fueron derivados a otras cl\u00ednicas para estudios, asegur\u00f3 que <strong>\u201cninguno hab\u00eda sido llevado a ning\u00fan lugar con heridas de gravedad o alg\u00fan tipo de riesgo para su salud\u201d<\/strong>.<\/p>\n<p>\u00a0<\/p>\n<h3>\u201cNo hay problema para los vecinos\u201d<\/h3>\n<p>\u00a0<\/p>\n<p>Respecto al impacto ambiental y en la circulaci\u00f3n, <strong>el intendente indic\u00f3 que si bien hay \u201cmucho humo\u201d<\/strong> producto de la quema de cubiertas, <strong>\u201cno hay ning\u00fan tipo de problema para los vecinos<\/strong>, para los que vivimos en las inmediaciones\u201d, mientras que inform\u00f3 que <em>la autopista Ezeiza-Ca\u00f1uelas, que hab\u00eda sido cortada por el humo, \u201cya se est\u00e1 restableciendo\u201d<\/em>.<\/p>\n<p>\u00a0<\/p>\n<p>En este momento, la m\u00e1xima ocupaci\u00f3n es terminar con las labores de extinci\u00f3n:<strong> \u201cAhora nos queda por delante terminar bien de apagar el fuego\u201d<\/strong>.<\/p>\n<p>\u00a0<\/p>\n<p>Fuente: <em>Agencia DIB<\/em><\/p>\n\n\n<p><\/p>\n","protected":false},"excerpt":{"rendered":"<p>Desde el Ministerio de Salud bonaerense se\u00f1alaron que ya no hay internados por el siniestro. Se destac\u00f3 que el fuego<\/p>\n","protected":false},"author":4,"featured_media":187895,"comment_status":"closed","ping_status":"closed","sticky":false,"template":"","format":"standard","meta":{"_jetpack_memberships_contains_paid_content":false,"footnotes":""},"categories":[6,1],"tags":[],"class_list":["post-187982","post","type-post","status-publish","format-standard","has-post-thumbnail","hentry","category-nacionales","category-portada"],"jetpack_featured_media_url":"https:\/\/i0.wp.com\/cdnoticias.com\/wp-content\/uploads\/2025\/11\/ezeiza-explosion-e-incendio-02.jpg?fit=1000%2C750&ssl=1","jetpack_sharing_enabled":true,"_links":{"self":[{"href":"https:\/\/cdnoticias.com\/index.php\/wp-json\/wp\/v2\/posts\/187982","targetHints":{"allow":["GET"]}}],"collection":[{"href":"https:\/\/cdnoticias.com\/index.php\/wp-json\/wp\/v2\/posts"}],"about":[{"href":"https:\/\/cdnoticias.com\/index.php\/wp-json\/wp\/v2\/types\/post"}],"author":[{"embeddable":true,"href":"https:\/\/cdnoticias.com\/index.php\/wp-json\/wp\/v2\/users\/4"}],"replies":[{"embeddable":true,"href":"https:\/\/cdnoticias.com\/index.php\/wp-json\/wp\/v2\/comments?post=187982"}],"version-history":[{"count":0,"href":"https:\/\/cdnoticias.com\/index.php\/wp-json\/wp\/v2\/posts\/187982\/revisions"}],"wp:featuredmedia":[{"embeddable":true,"href":"https:\/\/cdnoticias.com\/index.php\/wp-json\/wp\/v2\/media\/187895"}],"wp:attachment":[{"href":"https:\/\/cdnoticias.com\/index.php\/wp-json\/wp\/v2\/media?parent=187982"}],"wp:term":[{"taxonomy":"category","embeddable":true,"href":"https:\/\/cdnoticias.com\/index.php\/wp-json\/wp\/v2\/categories?post=187982"},{"taxonomy":"post_tag","embeddable":true,"href":"https:\/\/cdnoticias.com\/index.php\/wp-json\/wp\/v2\/tags?post=187982"}],"curies":[{"name":"wp","href":"https:\/\/api.w.org\/{rel}","templated":true}]}}