{"id":187976,"date":"2025-11-16T10:47:50","date_gmt":"2025-11-16T13:47:50","guid":{"rendered":"https:\/\/cdnoticias.com\/?p=187976"},"modified":"2025-11-16T10:47:53","modified_gmt":"2025-11-16T13:47:53","slug":"eva-eugenia-arnau-viuda-de-bustamante-beba-q-e-p-d","status":"publish","type":"post","link":"https:\/\/cdnoticias.com\/index.php\/2025\/11\/16\/eva-eugenia-arnau-viuda-de-bustamante-beba-q-e-p-d\/","title":{"rendered":"Eva Eugenia Arnau viuda de Bustamante \u201cBeba\u201d (Q.E.P.D.)"},"content":{"rendered":"<p>Falleci\u00f3 en Olavarr\u00eda el 15 de noviembre de 2025 a los 78 a\u00f1os.<\/p>\n<p>Sus hijos Ricardo, Gustavo, Andrea y Marisol; sus hijos pol\u00edticos Sonia Suarez, Alejandra Torres, H\u00e9ctor Solle, Mario Di Martino y Patricia Abraham; sus nietos; sus bisnietos; su hermana Ada Zulema Arnau; su hermana pol\u00edtica Libertad Cos; sus sobrinos y dem\u00e1s familiares participan su fallecimiento.<\/p>\n<p>Sus restos ser\u00e1n velados en la Sala de Espa\u00f1a 2942 departamento \u201cD\u201d, habilitada de 6:00 a 14:00, y cremados en el Crematorio Pinos de Paz en d\u00eda y horario a confirmar. Responso en la Capilla Ardiente. Servicio adherido a Coopelectric.<\/p>\n<p>Nacida en Olavarr\u00eda, vecina del barrio 4 de Octubre, jubilada.<\/p>\n","protected":false},"excerpt":{"rendered":"<p>Falleci\u00f3 en Olavarr\u00eda el 15 de noviembre de 2025 a los 78 a\u00f1os. Sus hijos Ricardo, Gustavo, Andrea y Marisol;<\/p>\n","protected":false},"author":4,"featured_media":51544,"comment_status":"closed","ping_status":"closed","sticky":false,"template":"","format":"standard","meta":{"_jetpack_memberships_contains_paid_content":false,"footnotes":""},"categories":[10],"tags":[],"class_list":["post-187976","post","type-post","status-publish","format-standard","has-post-thumbnail","hentry","category-necrologicas"],"jetpack_featured_media_url":"https:\/\/i0.wp.com\/cdnoticias.com\/wp-content\/uploads\/2022\/04\/necrologicas-390-x-240.jpg?fit=390%2C240&ssl=1","jetpack_sharing_enabled":true,"_links":{"self":[{"href":"https:\/\/cdnoticias.com\/index.php\/wp-json\/wp\/v2\/posts\/187976","targetHints":{"allow":["GET"]}}],"collection":[{"href":"https:\/\/cdnoticias.com\/index.php\/wp-json\/wp\/v2\/posts"}],"about":[{"href":"https:\/\/cdnoticias.com\/index.php\/wp-json\/wp\/v2\/types\/post"}],"author":[{"embeddable":true,"href":"https:\/\/cdnoticias.com\/index.php\/wp-json\/wp\/v2\/users\/4"}],"replies":[{"embeddable":true,"href":"https:\/\/cdnoticias.com\/index.php\/wp-json\/wp\/v2\/comments?post=187976"}],"version-history":[{"count":0,"href":"https:\/\/cdnoticias.com\/index.php\/wp-json\/wp\/v2\/posts\/187976\/revisions"}],"wp:featuredmedia":[{"embeddable":true,"href":"https:\/\/cdnoticias.com\/index.php\/wp-json\/wp\/v2\/media\/51544"}],"wp:attachment":[{"href":"https:\/\/cdnoticias.com\/index.php\/wp-json\/wp\/v2\/media?parent=187976"}],"wp:term":[{"taxonomy":"category","embeddable":true,"href":"https:\/\/cdnoticias.com\/index.php\/wp-json\/wp\/v2\/categories?post=187976"},{"taxonomy":"post_tag","embeddable":true,"href":"https:\/\/cdnoticias.com\/index.php\/wp-json\/wp\/v2\/tags?post=187976"}],"curies":[{"name":"wp","href":"https:\/\/api.w.org\/{rel}","templated":true}]}}