{"id":187941,"date":"2025-11-17T16:00:21","date_gmt":"2025-11-17T19:00:21","guid":{"rendered":"https:\/\/cdnoticias.com\/?p=187941"},"modified":"2025-11-17T16:00:25","modified_gmt":"2025-11-17T19:00:25","slug":"mercados-bonaerenses-llega-al-parque-avellaneda","status":"publish","type":"post","link":"https:\/\/cdnoticias.com\/index.php\/2025\/11\/17\/mercados-bonaerenses-llega-al-parque-avellaneda\/","title":{"rendered":"\u201cMercados Bonaerenses\u201d llega al Parque Avellaneda"},"content":{"rendered":"\n<p>La jornada ser\u00e1 este martes 18 de 9 a 15 horas. Habr\u00e1 descuentos del 40% con Cuenta DNI (tope de reintegro $6000).<\/p>\n\n\n\n<hr class=\"wp-block-separator aligncenter has-alpha-channel-opacity\"\/>\n\n\n\n<p>Este<strong> martes 18 de noviembre <\/strong>se llevar\u00e1 a cabo una nueva edici\u00f3n del programa \u201c<strong>Mercados Bonaerenses\u201d.<\/strong> Con la intenci\u00f3n de que todos los vecinos y vecinas de la ciudad puedan acceder a los alimentos, en esta oportunidad <strong>se realizar\u00e1 en el Parque Avellaneda, de 9 a 15 horas.<\/strong><\/p>\n\n\n\n<p><\/p>\n\n\n\n<blockquote class=\"wp-block-quote is-layout-flow wp-block-quote-is-layout-flow\">\n<p>La feria contar\u00e1 con la participaci\u00f3n de productores locales entre los cuales se podr\u00e1n encontrar elaboraciones como: panificados dulces y salados, bebidas, plantas y plantines, miel, productos sin TACC, frutas y verduras, alfajores, dulces artesanales. Se solicita a la comunidad llevar bolsa.<\/p>\n<\/blockquote>\n\n\n\n<p><\/p>\n\n\n\n<p>Adem\u00e1s, estar\u00e1n <strong>dos camiones del Ministerio de Desarrollo Agrario bonaerense, con productos l\u00e1cteos, pescados y pastas.<\/strong> Habr\u00e1 <strong>descuentos del 40% con Cuenta DNI <\/strong>(tope de reintegro $6000).<\/p>\n\n\n\n<p><\/p>\n\n\n\n<p>El Programa \u201cMercados Bonaerenses\u201d es impulsado desde el Ministerio de Desarrollo Agrario de la Provincia de Buenos Aires, <strong>promociona la producci\u00f3n y el consumo de Alimentos Bonaerenses <\/strong>acercando a productores, productoras, consumidores y consumidoras a trav\u00e9s de una red de ferias y mercados en toda la provincia de Buenos Aires.<\/p>\n\n\n\n<p><\/p>\n\n\n\n<p>Asimismo tiene por objetivo fortalecer y asistir experiencias de producci\u00f3n, comercializaci\u00f3n y abastecimiento local de agroalimentos, que se desarrollen en el \u00e1mbito de la provincia de Buenos Aires; fomentar la producci\u00f3n y el consumo de \u201cAlimentos Bonaerenses\u201d a trav\u00e9s de la asistencia, formalizaci\u00f3n y capacitaci\u00f3n a productores, comercializadores y municipios, para crear, ampliar y fortalecer mercados y ferias de alimentos fijas o itinerantes. <\/p>\n","protected":false},"excerpt":{"rendered":"<p>La jornada ser\u00e1 este martes 18 de 9 a 15 horas. Habr\u00e1 descuentos del 40% con Cuenta DNI (tope de<\/p>\n","protected":false},"author":6,"featured_media":134868,"comment_status":"closed","ping_status":"closed","sticky":false,"template":"","format":"standard","meta":{"_jetpack_memberships_contains_paid_content":false,"footnotes":""},"categories":[5,1],"tags":[],"class_list":["post-187941","post","type-post","status-publish","format-standard","has-post-thumbnail","hentry","category-informacion-general","category-portada"],"jetpack_featured_media_url":"https:\/\/i0.wp.com\/cdnoticias.com\/wp-content\/uploads\/2025\/01\/mercados-bonaerenses-enero-2025-3.jpg?fit=1072%2C597&ssl=1","jetpack_sharing_enabled":true,"_links":{"self":[{"href":"https:\/\/cdnoticias.com\/index.php\/wp-json\/wp\/v2\/posts\/187941","targetHints":{"allow":["GET"]}}],"collection":[{"href":"https:\/\/cdnoticias.com\/index.php\/wp-json\/wp\/v2\/posts"}],"about":[{"href":"https:\/\/cdnoticias.com\/index.php\/wp-json\/wp\/v2\/types\/post"}],"author":[{"embeddable":true,"href":"https:\/\/cdnoticias.com\/index.php\/wp-json\/wp\/v2\/users\/6"}],"replies":[{"embeddable":true,"href":"https:\/\/cdnoticias.com\/index.php\/wp-json\/wp\/v2\/comments?post=187941"}],"version-history":[{"count":0,"href":"https:\/\/cdnoticias.com\/index.php\/wp-json\/wp\/v2\/posts\/187941\/revisions"}],"wp:featuredmedia":[{"embeddable":true,"href":"https:\/\/cdnoticias.com\/index.php\/wp-json\/wp\/v2\/media\/134868"}],"wp:attachment":[{"href":"https:\/\/cdnoticias.com\/index.php\/wp-json\/wp\/v2\/media?parent=187941"}],"wp:term":[{"taxonomy":"category","embeddable":true,"href":"https:\/\/cdnoticias.com\/index.php\/wp-json\/wp\/v2\/categories?post=187941"},{"taxonomy":"post_tag","embeddable":true,"href":"https:\/\/cdnoticias.com\/index.php\/wp-json\/wp\/v2\/tags?post=187941"}],"curies":[{"name":"wp","href":"https:\/\/api.w.org\/{rel}","templated":true}]}}