{"id":187932,"date":"2025-11-15T15:52:13","date_gmt":"2025-11-15T18:52:13","guid":{"rendered":"https:\/\/cdnoticias.com\/?p=187932"},"modified":"2025-11-15T15:52:15","modified_gmt":"2025-11-15T18:52:15","slug":"saladillo-tres-heridos-en-un-choque-entre-dos-camionetas-en-ruta-205","status":"publish","type":"post","link":"https:\/\/cdnoticias.com\/index.php\/2025\/11\/15\/saladillo-tres-heridos-en-un-choque-entre-dos-camionetas-en-ruta-205\/","title":{"rendered":"Saladillo: tres heridos en un choque entre dos camionetas en Ruta 205"},"content":{"rendered":"<p>Los involucrados en el siniestro vial resultaron con lesiones de car\u00e1cter leve. Chocaron a la altura del kil\u00f3metro 166.<!--more--><\/p>\n<hr \/>\n<p>Dos <strong>camionetas protagonizaron un violento choque frontal<\/strong> este s\u00e1bado alrededor de las 8:30 sobre la <strong>Ruta 205, a la altura del kil\u00f3metro 166<\/strong> en jurisdicci\u00f3n del partido de<strong> Saladillo.<\/strong><\/p>\n<p>La colisi\u00f3n fue de tal magnitud que <strong>ambos rodados quedaron a unos 100 metros de distancia entre s\u00ed.<\/strong><\/p>\n<p><img data-recalc-dims=\"1\" loading=\"lazy\" decoding=\"async\" class=\"alignnone size-full wp-image-187933 aligncenter\" src=\"https:\/\/i0.wp.com\/cdnoticias.com\/wp-content\/uploads\/2025\/11\/choque-ruta-205-saladillo-2.jpg?resize=800%2C800&#038;ssl=1\" alt=\"\" width=\"800\" height=\"800\" srcset=\"https:\/\/i0.wp.com\/cdnoticias.com\/wp-content\/uploads\/2025\/11\/choque-ruta-205-saladillo-2.jpg?w=800&amp;ssl=1 800w, https:\/\/i0.wp.com\/cdnoticias.com\/wp-content\/uploads\/2025\/11\/choque-ruta-205-saladillo-2.jpg?resize=300%2C300&amp;ssl=1 300w, https:\/\/i0.wp.com\/cdnoticias.com\/wp-content\/uploads\/2025\/11\/choque-ruta-205-saladillo-2.jpg?resize=150%2C150&amp;ssl=1 150w, https:\/\/i0.wp.com\/cdnoticias.com\/wp-content\/uploads\/2025\/11\/choque-ruta-205-saladillo-2.jpg?resize=768%2C768&amp;ssl=1 768w\" sizes=\"auto, (max-width: 800px) 100vw, 800px\" \/><\/p>\n<p>Una<strong> Volkswagen Amarok<\/strong> termin\u00f3 cruzada sobre una de las manos de la calzada, mientras que una <strong>Ford Ranger<\/strong> qued\u00f3 volcada sobre la banquina.<\/p>\n<blockquote><p>El conductor de la Amarok, vecino de Roque P\u00e9rez, no sufri\u00f3 lesiones de gravedad. En tanto, los dos ocupantes de la Ranger tampoco presentaron heridas de consideraci\u00f3n, seg\u00fan informaron fuentes del lugar.<\/p><\/blockquote>\n<p><img data-recalc-dims=\"1\" loading=\"lazy\" decoding=\"async\" class=\"alignnone size-full wp-image-187935 aligncenter\" src=\"https:\/\/i0.wp.com\/cdnoticias.com\/wp-content\/uploads\/2025\/11\/choque-ruta-205-saladillo-3.jpg?resize=800%2C446&#038;ssl=1\" alt=\"\" width=\"800\" height=\"446\" srcset=\"https:\/\/i0.wp.com\/cdnoticias.com\/wp-content\/uploads\/2025\/11\/choque-ruta-205-saladillo-3.jpg?w=800&amp;ssl=1 800w, https:\/\/i0.wp.com\/cdnoticias.com\/wp-content\/uploads\/2025\/11\/choque-ruta-205-saladillo-3.jpg?resize=300%2C167&amp;ssl=1 300w, https:\/\/i0.wp.com\/cdnoticias.com\/wp-content\/uploads\/2025\/11\/choque-ruta-205-saladillo-3.jpg?resize=768%2C428&amp;ssl=1 768w\" sizes=\"auto, (max-width: 800px) 100vw, 800px\" \/><\/p>\n<p><strong>Bomberos Voluntarios de Del Carril<\/strong> trabajaron en la escena, junto a una <strong>ambulancia del Hospital de Roque P\u00e9rez<\/strong> cuyo personal regresaba de un traslado y colabor\u00f3 con la asistencia.<\/p>\n<p>La ruta permaneci\u00f3 con una sola mano habilitada mientras se desarrollaban las tareas de emergencia.<\/p>\n<p>Fuente:<em> Roque P\u00e9rez Hoy<\/em><\/p>\n","protected":false},"excerpt":{"rendered":"<p>Los involucrados en el siniestro vial resultaron con lesiones de car\u00e1cter leve. Chocaron a la altura del kil\u00f3metro 166.<\/p>\n","protected":false},"author":4,"featured_media":187934,"comment_status":"closed","ping_status":"closed","sticky":false,"template":"","format":"standard","meta":{"_jetpack_memberships_contains_paid_content":false,"footnotes":""},"categories":[6,1],"tags":[],"class_list":["post-187932","post","type-post","status-publish","format-standard","has-post-thumbnail","hentry","category-nacionales","category-portada"],"jetpack_featured_media_url":"https:\/\/i0.wp.com\/cdnoticias.com\/wp-content\/uploads\/2025\/11\/choque-ruta-205-saladillo-1.jpg?fit=800%2C446&ssl=1","jetpack_sharing_enabled":true,"_links":{"self":[{"href":"https:\/\/cdnoticias.com\/index.php\/wp-json\/wp\/v2\/posts\/187932","targetHints":{"allow":["GET"]}}],"collection":[{"href":"https:\/\/cdnoticias.com\/index.php\/wp-json\/wp\/v2\/posts"}],"about":[{"href":"https:\/\/cdnoticias.com\/index.php\/wp-json\/wp\/v2\/types\/post"}],"author":[{"embeddable":true,"href":"https:\/\/cdnoticias.com\/index.php\/wp-json\/wp\/v2\/users\/4"}],"replies":[{"embeddable":true,"href":"https:\/\/cdnoticias.com\/index.php\/wp-json\/wp\/v2\/comments?post=187932"}],"version-history":[{"count":0,"href":"https:\/\/cdnoticias.com\/index.php\/wp-json\/wp\/v2\/posts\/187932\/revisions"}],"wp:featuredmedia":[{"embeddable":true,"href":"https:\/\/cdnoticias.com\/index.php\/wp-json\/wp\/v2\/media\/187934"}],"wp:attachment":[{"href":"https:\/\/cdnoticias.com\/index.php\/wp-json\/wp\/v2\/media?parent=187932"}],"wp:term":[{"taxonomy":"category","embeddable":true,"href":"https:\/\/cdnoticias.com\/index.php\/wp-json\/wp\/v2\/categories?post=187932"},{"taxonomy":"post_tag","embeddable":true,"href":"https:\/\/cdnoticias.com\/index.php\/wp-json\/wp\/v2\/tags?post=187932"}],"curies":[{"name":"wp","href":"https:\/\/api.w.org\/{rel}","templated":true}]}}