{"id":187915,"date":"2025-11-15T15:22:57","date_gmt":"2025-11-15T18:22:57","guid":{"rendered":"https:\/\/cdnoticias.com\/?p=187915"},"modified":"2025-11-15T21:01:25","modified_gmt":"2025-11-16T00:01:25","slug":"con-un-emotivo-y-concurrido-acto-se-conmemoro-el-octavo-aniversario-del-hundimiento-del-ara-san-juan","status":"publish","type":"post","link":"https:\/\/cdnoticias.com\/index.php\/2025\/11\/15\/con-un-emotivo-y-concurrido-acto-se-conmemoro-el-octavo-aniversario-del-hundimiento-del-ara-san-juan\/","title":{"rendered":"Con un emotivo y concurrido acto se conmemor\u00f3 el octavo aniversario del hundimiento del ARA San Juan"},"content":{"rendered":"<p>La actividad se desarroll\u00f3 en el Anfiteatro de Hinojo, marco en el que se descubri\u00f3 el cartel que da nombre de \u201cCapit\u00e1n de Corbeta Diego M. Wagner\u201d a la senda peatonal.<!--more--><\/p>\n<hr \/>\n<p><strong>En la ma\u00f1ana de este s\u00e1bado<\/strong> se desarroll\u00f3 el <strong>acto protocolar<\/strong> en el que se conmemor\u00f3 el <strong>octavo hundimiento del ARA San Juan<\/strong>. La actividad se desarroll\u00f3 en el <strong>anfiteatro de Hinojo \u201cRoye Lacoste\u201d<\/strong>, sitio que rinde homenaje a la <strong>memoria de Diego M. Wagner y los 43 tripulantes del submarino argentino<\/strong>, encabezada por el <strong>intendente Maximiliano Wesner, Catalina y Emilio, padres del Capit\u00e1n de Corbeta nacido en Olavarr\u00eda<\/strong>.<\/p>\n<p>\u00a0<\/p>\n<p>Adem\u00e1s, se cont\u00f3 con la presencia de funcionarios municipales y referentes de Fuerzas Armadas, Veteranos de Guerra, ex combatientes, veteranos continentales, veteranos de Naciones Unidas, Bomberos Voluntarios, Uni\u00f3n de Colectividades, Concejo Delibertante, Asociaci\u00f3n Cultural Sanmartiniana, Asociaci\u00f3n Cultural Belgraniana, Asociaci\u00f3n de Propietarios del PIO, Uni\u00f3n Industrial de Olavarr\u00eda, entidades deportivas, empresariales, defensa civil, como as\u00ed tambi\u00e9n vecinos y vecinas que arribaron desde distintos puntos del Partido.<\/p>\n<p>\u00a0<\/p>\n<p>El sentido acto se inici\u00f3 minutos despu\u00e9s de las 10 y cont\u00f3 con la participaci\u00f3n del padre Jos\u00e9 Quatrocchio, quien<strong> llev\u00f3 a cabo la bendici\u00f3n<\/strong>. Posteriormente, se realiz\u00f3 un <strong>respetuoso minuto de silencio<\/strong>, con la <strong>interpretaci\u00f3n de Silvio Manuel, integrante de la Orquesta Sinf\u00f3nica Municipal<\/strong>. Tambi\u00e9n estuvieron presentes banderas de ceremonias de numerosas instituciones educativas de distintos niveles.<\/p>\n<p>\u00a0<\/p>\n<blockquote>\n<p>Uno de los momentos m\u00e1s significativos fue el descubrimiento del cartel que da el nombre de \u201cCapit\u00e1n de Corbeta Diego M. Wagner\u201d a la senda peatonal. Posteriormente, se llev\u00f3 a cabo la colocaci\u00f3n de palmas a la memoria de los y las tripulantes del ARA San Juan, las cuales fueron colocadas en representaci\u00f3n del Municipio de Olavarr\u00eda, la familia de Diego M. Wagner, la promoci\u00f3n 133 de la Escuela Naval Militar R\u00edo Santiago y la Asociaci\u00f3n de Propietarios del Parque Industrial.<\/p>\n<\/blockquote>\n<p>\u00a0<\/p>\n<p><img data-recalc-dims=\"1\" loading=\"lazy\" decoding=\"async\" class=\"alignnone size-full wp-image-187920 aligncenter\" src=\"https:\/\/i0.wp.com\/cdnoticias.com\/wp-content\/uploads\/2025\/11\/ARA-san-juan-acto-2025-10.jpg?resize=800%2C532&#038;ssl=1\" alt=\"\" width=\"800\" height=\"532\" srcset=\"https:\/\/i0.wp.com\/cdnoticias.com\/wp-content\/uploads\/2025\/11\/ARA-san-juan-acto-2025-10.jpg?w=1000&amp;ssl=1 1000w, https:\/\/i0.wp.com\/cdnoticias.com\/wp-content\/uploads\/2025\/11\/ARA-san-juan-acto-2025-10.jpg?resize=300%2C200&amp;ssl=1 300w, https:\/\/i0.wp.com\/cdnoticias.com\/wp-content\/uploads\/2025\/11\/ARA-san-juan-acto-2025-10.jpg?resize=768%2C511&amp;ssl=1 768w, https:\/\/i0.wp.com\/cdnoticias.com\/wp-content\/uploads\/2025\/11\/ARA-san-juan-acto-2025-10.jpg?resize=272%2C182&amp;ssl=1 272w\" sizes=\"auto, (max-width: 800px) 100vw, 800px\" \/><\/p>\n<p>\u00a0<\/p>\n<p>El primero en tomar la palabra y dirigirse a los presentes fue <strong>Rito Germ\u00e1n L\u00f3pez, de la Asociaci\u00f3n Cultural Belgraniana<\/strong>, quien expres\u00f3 que \u201choy nos encontramos reunidos en este sitio de memoria para<strong> recordar a 44 h\u00e9roes y hero\u00ednas<\/strong> que dieron su vida por la <strong>protecci\u00f3n de los intereses nacionales en nuestro mar argentino<\/strong>. La palabra h\u00e9roe en este caso no la utilizamos por costumbre o por rutina de lenguaje, sino que tiene una intencionalidad que es rescatarla del olvido y devolverle el sentido profundo que tuvo alguna vez. <strong>No existen los pueblos sin h\u00e9roes\u201d<\/strong>.<\/p>\n<p>\u00a0<\/p>\n<blockquote>\n<p>\u201cEllos representan la identidad de un pueblo, porque encarnan sus virtudes que sostienen a una comunidad, que la representan y que le dan sentido. A trav\u00e9s de estas virtudes se reafirma lo que un pueblo es y lo que quiere ser\u201d, complet\u00f3 L\u00f3pez.<\/p>\n<\/blockquote>\n<p>\u00a0<\/p>\n<p>Posteriormente fue el turno del <strong>Capit\u00e1n de Corbeta Javier Dequelli<\/strong>, compa\u00f1ero de promoci\u00f3n de Diego M. Wagner, quien manifest\u00f3 que \u201choy es<strong> un d\u00eda de reflexi\u00f3n y patriotismo<\/strong>. Cada uno de de los aqu\u00ed presente hace un alto en sus tareas rutinarias para reconocer, acompa\u00f1ar y honrar el sacrificio realizado por todos aquellos que brindan su vida en defensa de los valores de la Naci\u00f3n\u201d.<\/p>\n<p>\u00a0<\/p>\n<p><img data-recalc-dims=\"1\" loading=\"lazy\" decoding=\"async\" class=\"alignnone size-full wp-image-187928 aligncenter\" src=\"https:\/\/i0.wp.com\/cdnoticias.com\/wp-content\/uploads\/2025\/11\/ARA-san-juan-acto-2025-2.jpg?resize=800%2C532&#038;ssl=1\" alt=\"\" width=\"800\" height=\"532\" srcset=\"https:\/\/i0.wp.com\/cdnoticias.com\/wp-content\/uploads\/2025\/11\/ARA-san-juan-acto-2025-2.jpg?w=1000&amp;ssl=1 1000w, https:\/\/i0.wp.com\/cdnoticias.com\/wp-content\/uploads\/2025\/11\/ARA-san-juan-acto-2025-2.jpg?resize=300%2C200&amp;ssl=1 300w, https:\/\/i0.wp.com\/cdnoticias.com\/wp-content\/uploads\/2025\/11\/ARA-san-juan-acto-2025-2.jpg?resize=768%2C511&amp;ssl=1 768w, https:\/\/i0.wp.com\/cdnoticias.com\/wp-content\/uploads\/2025\/11\/ARA-san-juan-acto-2025-2.jpg?resize=272%2C182&amp;ssl=1 272w\" sizes=\"auto, (max-width: 800px) 100vw, 800px\" \/><\/p>\n<p>\u00a0<\/p>\n<blockquote>\n<p>\u201cQuiero especialmente reconocer el labor diario y silencioso que Catalina y Emilio realizan d\u00eda a d\u00eda. S\u00e9 que hay un sinn\u00famero de personas que los acompa\u00f1an, que de manera desinteresada, sin pretensi\u00f3n alguna suman un granito de arena. Personalmente, debo decir que el lazo de amistad que hoy une a mi familia con Emilio, Catalina y con toda su gran familia, naci\u00f3 en el momento en que tomamos contacto con la gran labor realizada en este lugar. El sentimiento de pertenencia, el amor que imprimen a cada una de sus tareas y el sacrificio que mantiene vigente la imagen de todos nuestros compa\u00f1eros de armas que quedaron a bordo del ARA San Juan mellan en m\u00ed profundamente. Debemos estar siempre agradecidos y ser consecuentes con los actos que ellos realizan\u201d, concluy\u00f3.<\/p>\n<\/blockquote>\n<p>\u00a0<\/p>\n<p>Por \u00faltimo, el <strong>intendente Maximiliano Wesner<\/strong> enfatiz\u00f3 que \u201choy realmente es un acto patri\u00f3tico, hoy 15 de noviembre<strong> es un acto de memoria, es un acto por la verdad y por ende por la justicia<\/strong>. Hoy y tantos 15 de noviembre fueron y ser\u00e1n fechas que sin lugar a dudas acompa\u00f1amos todos con una singularidad\u201d.<\/p>\n<p>\u00a0<\/p>\n<blockquote>\n<p>&#8220;Nuestra comunidad tiene un h\u00e9roe, el capit\u00e1n de corbeta Diego Wagner, que sin lugar a dudas hizo honor a Olavarr\u00eda, a nuestro himno nacional, porque \u00e9l con sus 43 compa\u00f1eros juraron con gloria morir. Y esos son los valores que ayudan a recorrer el camino de la memoria\u201d a\u00f1adi\u00f3 el jefe comunal.<\/p>\n<\/blockquote>\n<p>\u00a0<\/p>\n<p>\u201cEstos d\u00edas que no solamente son para recorrer la memoria, sino que tienen que ser d\u00edas de paz, de silencio interior para comprender realmente lo que sucedi\u00f3 y lo que sigue sucediendo. Este 15 de noviembre <strong>es un d\u00eda que nos convoca y nos invita a abrazar muy fuerte a Catalina, abrazar muy fuerte a Emilio<\/strong>, a los chicos, a toda la familia, para sostenerlos, para apuntalarlos, para decirles que no est\u00e1n solos, que<strong> hay toda una comunidad que camina la par, que los acompa\u00f1a y que los invita a seguir transitando<\/strong> y a poder hacer del dolor una transformaci\u00f3n\u201d, concluy\u00f3.<\/p>\n<p>\u00a0<\/p>\n\n\n<div class=\"wp-block-jetpack-slideshow aligncenter\" data-effect=\"slide\" style=\"--aspect-ratio:calc(1000 \/ 665)\"><div class=\"wp-block-jetpack-slideshow_container swiper\"><ul class=\"wp-block-jetpack-slideshow_swiper-wrapper swiper-wrapper\"><li class=\"wp-block-jetpack-slideshow_slide swiper-slide\"><figure><img data-recalc-dims=\"1\" loading=\"lazy\" decoding=\"async\" width=\"800\" height=\"532\" alt=\"\" class=\"wp-block-jetpack-slideshow_image wp-image-187927\" data-id=\"187927\" data-aspect-ratio=\"1000 \/ 665\" src=\"https:\/\/i0.wp.com\/cdnoticias.com\/wp-content\/uploads\/2025\/11\/ARA-san-juan-acto-2025-3.jpg?resize=800%2C532&#038;ssl=1\" srcset=\"https:\/\/i0.wp.com\/cdnoticias.com\/wp-content\/uploads\/2025\/11\/ARA-san-juan-acto-2025-3.jpg?w=1000&amp;ssl=1 1000w, https:\/\/i0.wp.com\/cdnoticias.com\/wp-content\/uploads\/2025\/11\/ARA-san-juan-acto-2025-3.jpg?resize=300%2C200&amp;ssl=1 300w, https:\/\/i0.wp.com\/cdnoticias.com\/wp-content\/uploads\/2025\/11\/ARA-san-juan-acto-2025-3.jpg?resize=768%2C511&amp;ssl=1 768w, https:\/\/i0.wp.com\/cdnoticias.com\/wp-content\/uploads\/2025\/11\/ARA-san-juan-acto-2025-3.jpg?resize=272%2C182&amp;ssl=1 272w\" sizes=\"(max-width: 800px) 100vw, 800px\" \/><\/figure><\/li><li class=\"wp-block-jetpack-slideshow_slide swiper-slide\"><figure><img data-recalc-dims=\"1\" loading=\"lazy\" decoding=\"async\" width=\"800\" height=\"532\" alt=\"\" class=\"wp-block-jetpack-slideshow_image wp-image-187923\" data-id=\"187923\" data-aspect-ratio=\"1000 \/ 665\" src=\"https:\/\/i0.wp.com\/cdnoticias.com\/wp-content\/uploads\/2025\/11\/ARA-san-juan-acto-2025-7.jpg?resize=800%2C532&#038;ssl=1\" srcset=\"https:\/\/i0.wp.com\/cdnoticias.com\/wp-content\/uploads\/2025\/11\/ARA-san-juan-acto-2025-7.jpg?w=1000&amp;ssl=1 1000w, https:\/\/i0.wp.com\/cdnoticias.com\/wp-content\/uploads\/2025\/11\/ARA-san-juan-acto-2025-7.jpg?resize=300%2C200&amp;ssl=1 300w, https:\/\/i0.wp.com\/cdnoticias.com\/wp-content\/uploads\/2025\/11\/ARA-san-juan-acto-2025-7.jpg?resize=768%2C511&amp;ssl=1 768w, https:\/\/i0.wp.com\/cdnoticias.com\/wp-content\/uploads\/2025\/11\/ARA-san-juan-acto-2025-7.jpg?resize=272%2C182&amp;ssl=1 272w\" sizes=\"(max-width: 800px) 100vw, 800px\" \/><\/figure><\/li><li class=\"wp-block-jetpack-slideshow_slide swiper-slide\"><figure><img data-recalc-dims=\"1\" loading=\"lazy\" decoding=\"async\" width=\"800\" height=\"532\" alt=\"\" class=\"wp-block-jetpack-slideshow_image wp-image-187920\" data-id=\"187920\" data-aspect-ratio=\"1000 \/ 665\" src=\"https:\/\/i0.wp.com\/cdnoticias.com\/wp-content\/uploads\/2025\/11\/ARA-san-juan-acto-2025-10.jpg?resize=800%2C532&#038;ssl=1\" srcset=\"https:\/\/i0.wp.com\/cdnoticias.com\/wp-content\/uploads\/2025\/11\/ARA-san-juan-acto-2025-10.jpg?w=1000&amp;ssl=1 1000w, https:\/\/i0.wp.com\/cdnoticias.com\/wp-content\/uploads\/2025\/11\/ARA-san-juan-acto-2025-10.jpg?resize=300%2C200&amp;ssl=1 300w, https:\/\/i0.wp.com\/cdnoticias.com\/wp-content\/uploads\/2025\/11\/ARA-san-juan-acto-2025-10.jpg?resize=768%2C511&amp;ssl=1 768w, https:\/\/i0.wp.com\/cdnoticias.com\/wp-content\/uploads\/2025\/11\/ARA-san-juan-acto-2025-10.jpg?resize=272%2C182&amp;ssl=1 272w\" sizes=\"(max-width: 800px) 100vw, 800px\" \/><\/figure><\/li><li class=\"wp-block-jetpack-slideshow_slide swiper-slide\"><figure><img data-recalc-dims=\"1\" loading=\"lazy\" decoding=\"async\" width=\"800\" height=\"445\" alt=\"\" class=\"wp-block-jetpack-slideshow_image wp-image-187919\" data-id=\"187919\" data-aspect-ratio=\"1000 \/ 556\" src=\"https:\/\/i0.wp.com\/cdnoticias.com\/wp-content\/uploads\/2025\/11\/ARA-san-juan-acto-2025-11.jpg?resize=800%2C445&#038;ssl=1\" srcset=\"https:\/\/i0.wp.com\/cdnoticias.com\/wp-content\/uploads\/2025\/11\/ARA-san-juan-acto-2025-11.jpg?w=1000&amp;ssl=1 1000w, https:\/\/i0.wp.com\/cdnoticias.com\/wp-content\/uploads\/2025\/11\/ARA-san-juan-acto-2025-11.jpg?resize=300%2C167&amp;ssl=1 300w, https:\/\/i0.wp.com\/cdnoticias.com\/wp-content\/uploads\/2025\/11\/ARA-san-juan-acto-2025-11.jpg?resize=768%2C427&amp;ssl=1 768w, https:\/\/i0.wp.com\/cdnoticias.com\/wp-content\/uploads\/2025\/11\/ARA-san-juan-acto-2025-11.jpg?resize=800%2C445&amp;ssl=1 800w\" sizes=\"(max-width: 800px) 100vw, 800px\" \/><\/figure><\/li><li class=\"wp-block-jetpack-slideshow_slide swiper-slide\"><figure><img data-recalc-dims=\"1\" loading=\"lazy\" decoding=\"async\" width=\"800\" height=\"532\" alt=\"\" class=\"wp-block-jetpack-slideshow_image wp-image-187928\" data-id=\"187928\" data-aspect-ratio=\"1000 \/ 665\" src=\"https:\/\/i0.wp.com\/cdnoticias.com\/wp-content\/uploads\/2025\/11\/ARA-san-juan-acto-2025-2.jpg?resize=800%2C532&#038;ssl=1\" srcset=\"https:\/\/i0.wp.com\/cdnoticias.com\/wp-content\/uploads\/2025\/11\/ARA-san-juan-acto-2025-2.jpg?w=1000&amp;ssl=1 1000w, https:\/\/i0.wp.com\/cdnoticias.com\/wp-content\/uploads\/2025\/11\/ARA-san-juan-acto-2025-2.jpg?resize=300%2C200&amp;ssl=1 300w, https:\/\/i0.wp.com\/cdnoticias.com\/wp-content\/uploads\/2025\/11\/ARA-san-juan-acto-2025-2.jpg?resize=768%2C511&amp;ssl=1 768w, https:\/\/i0.wp.com\/cdnoticias.com\/wp-content\/uploads\/2025\/11\/ARA-san-juan-acto-2025-2.jpg?resize=272%2C182&amp;ssl=1 272w\" sizes=\"(max-width: 800px) 100vw, 800px\" \/><\/figure><\/li><li class=\"wp-block-jetpack-slideshow_slide swiper-slide\"><figure><img data-recalc-dims=\"1\" loading=\"lazy\" decoding=\"async\" width=\"800\" height=\"445\" alt=\"\" class=\"wp-block-jetpack-slideshow_image wp-image-187926\" data-id=\"187926\" data-aspect-ratio=\"1000 \/ 556\" src=\"https:\/\/i0.wp.com\/cdnoticias.com\/wp-content\/uploads\/2025\/11\/ARA-san-juan-acto-2025-4.jpg?resize=800%2C445&#038;ssl=1\" srcset=\"https:\/\/i0.wp.com\/cdnoticias.com\/wp-content\/uploads\/2025\/11\/ARA-san-juan-acto-2025-4.jpg?w=1000&amp;ssl=1 1000w, https:\/\/i0.wp.com\/cdnoticias.com\/wp-content\/uploads\/2025\/11\/ARA-san-juan-acto-2025-4.jpg?resize=300%2C167&amp;ssl=1 300w, https:\/\/i0.wp.com\/cdnoticias.com\/wp-content\/uploads\/2025\/11\/ARA-san-juan-acto-2025-4.jpg?resize=768%2C427&amp;ssl=1 768w, https:\/\/i0.wp.com\/cdnoticias.com\/wp-content\/uploads\/2025\/11\/ARA-san-juan-acto-2025-4.jpg?resize=800%2C445&amp;ssl=1 800w\" sizes=\"(max-width: 800px) 100vw, 800px\" \/><\/figure><\/li><li class=\"wp-block-jetpack-slideshow_slide swiper-slide\"><figure><img data-recalc-dims=\"1\" loading=\"lazy\" decoding=\"async\" width=\"800\" height=\"532\" alt=\"\" class=\"wp-block-jetpack-slideshow_image wp-image-187929\" data-id=\"187929\" data-aspect-ratio=\"1000 \/ 665\" src=\"https:\/\/i0.wp.com\/cdnoticias.com\/wp-content\/uploads\/2025\/11\/ARA-san-juan-acto-2025-1.jpg?resize=800%2C532&#038;ssl=1\" srcset=\"https:\/\/i0.wp.com\/cdnoticias.com\/wp-content\/uploads\/2025\/11\/ARA-san-juan-acto-2025-1.jpg?w=1000&amp;ssl=1 1000w, https:\/\/i0.wp.com\/cdnoticias.com\/wp-content\/uploads\/2025\/11\/ARA-san-juan-acto-2025-1.jpg?resize=300%2C200&amp;ssl=1 300w, https:\/\/i0.wp.com\/cdnoticias.com\/wp-content\/uploads\/2025\/11\/ARA-san-juan-acto-2025-1.jpg?resize=768%2C511&amp;ssl=1 768w, https:\/\/i0.wp.com\/cdnoticias.com\/wp-content\/uploads\/2025\/11\/ARA-san-juan-acto-2025-1.jpg?resize=272%2C182&amp;ssl=1 272w\" sizes=\"(max-width: 800px) 100vw, 800px\" \/><\/figure><\/li><li class=\"wp-block-jetpack-slideshow_slide swiper-slide\"><figure><img data-recalc-dims=\"1\" loading=\"lazy\" decoding=\"async\" width=\"800\" height=\"446\" alt=\"\" class=\"wp-block-jetpack-slideshow_image wp-image-187925\" data-id=\"187925\" data-aspect-ratio=\"1000 \/ 557\" src=\"https:\/\/i0.wp.com\/cdnoticias.com\/wp-content\/uploads\/2025\/11\/ARA-san-juan-acto-2025-5.jpg?resize=800%2C446&#038;ssl=1\" srcset=\"https:\/\/i0.wp.com\/cdnoticias.com\/wp-content\/uploads\/2025\/11\/ARA-san-juan-acto-2025-5.jpg?w=1000&amp;ssl=1 1000w, https:\/\/i0.wp.com\/cdnoticias.com\/wp-content\/uploads\/2025\/11\/ARA-san-juan-acto-2025-5.jpg?resize=300%2C167&amp;ssl=1 300w, https:\/\/i0.wp.com\/cdnoticias.com\/wp-content\/uploads\/2025\/11\/ARA-san-juan-acto-2025-5.jpg?resize=768%2C428&amp;ssl=1 768w, https:\/\/i0.wp.com\/cdnoticias.com\/wp-content\/uploads\/2025\/11\/ARA-san-juan-acto-2025-5.jpg?resize=800%2C445&amp;ssl=1 800w\" sizes=\"(max-width: 800px) 100vw, 800px\" \/><\/figure><\/li><li class=\"wp-block-jetpack-slideshow_slide swiper-slide\"><figure><img data-recalc-dims=\"1\" loading=\"lazy\" decoding=\"async\" width=\"800\" height=\"445\" alt=\"\" class=\"wp-block-jetpack-slideshow_image wp-image-187922\" data-id=\"187922\" data-aspect-ratio=\"1000 \/ 556\" src=\"https:\/\/i0.wp.com\/cdnoticias.com\/wp-content\/uploads\/2025\/11\/ARA-san-juan-acto-2025-8.jpg?resize=800%2C445&#038;ssl=1\" srcset=\"https:\/\/i0.wp.com\/cdnoticias.com\/wp-content\/uploads\/2025\/11\/ARA-san-juan-acto-2025-8.jpg?w=1000&amp;ssl=1 1000w, https:\/\/i0.wp.com\/cdnoticias.com\/wp-content\/uploads\/2025\/11\/ARA-san-juan-acto-2025-8.jpg?resize=300%2C167&amp;ssl=1 300w, https:\/\/i0.wp.com\/cdnoticias.com\/wp-content\/uploads\/2025\/11\/ARA-san-juan-acto-2025-8.jpg?resize=768%2C427&amp;ssl=1 768w, https:\/\/i0.wp.com\/cdnoticias.com\/wp-content\/uploads\/2025\/11\/ARA-san-juan-acto-2025-8.jpg?resize=800%2C445&amp;ssl=1 800w\" sizes=\"(max-width: 800px) 100vw, 800px\" \/><\/figure><\/li><li class=\"wp-block-jetpack-slideshow_slide swiper-slide\"><figure><img data-recalc-dims=\"1\" loading=\"lazy\" decoding=\"async\" width=\"800\" height=\"445\" alt=\"\" class=\"wp-block-jetpack-slideshow_image wp-image-187924\" data-id=\"187924\" data-aspect-ratio=\"1000 \/ 556\" src=\"https:\/\/i0.wp.com\/cdnoticias.com\/wp-content\/uploads\/2025\/11\/ARA-san-juan-acto-2025-6.jpg?resize=800%2C445&#038;ssl=1\" srcset=\"https:\/\/i0.wp.com\/cdnoticias.com\/wp-content\/uploads\/2025\/11\/ARA-san-juan-acto-2025-6.jpg?w=1000&amp;ssl=1 1000w, https:\/\/i0.wp.com\/cdnoticias.com\/wp-content\/uploads\/2025\/11\/ARA-san-juan-acto-2025-6.jpg?resize=300%2C167&amp;ssl=1 300w, https:\/\/i0.wp.com\/cdnoticias.com\/wp-content\/uploads\/2025\/11\/ARA-san-juan-acto-2025-6.jpg?resize=768%2C427&amp;ssl=1 768w, https:\/\/i0.wp.com\/cdnoticias.com\/wp-content\/uploads\/2025\/11\/ARA-san-juan-acto-2025-6.jpg?resize=800%2C445&amp;ssl=1 800w\" sizes=\"(max-width: 800px) 100vw, 800px\" \/><\/figure><\/li><li class=\"wp-block-jetpack-slideshow_slide swiper-slide\"><figure><img data-recalc-dims=\"1\" loading=\"lazy\" decoding=\"async\" width=\"800\" height=\"532\" alt=\"\" class=\"wp-block-jetpack-slideshow_image wp-image-187921\" data-id=\"187921\" data-aspect-ratio=\"1000 \/ 665\" src=\"https:\/\/i0.wp.com\/cdnoticias.com\/wp-content\/uploads\/2025\/11\/ARA-san-juan-acto-2025-9.jpg?resize=800%2C532&#038;ssl=1\" srcset=\"https:\/\/i0.wp.com\/cdnoticias.com\/wp-content\/uploads\/2025\/11\/ARA-san-juan-acto-2025-9.jpg?w=1000&amp;ssl=1 1000w, https:\/\/i0.wp.com\/cdnoticias.com\/wp-content\/uploads\/2025\/11\/ARA-san-juan-acto-2025-9.jpg?resize=300%2C200&amp;ssl=1 300w, https:\/\/i0.wp.com\/cdnoticias.com\/wp-content\/uploads\/2025\/11\/ARA-san-juan-acto-2025-9.jpg?resize=768%2C511&amp;ssl=1 768w, https:\/\/i0.wp.com\/cdnoticias.com\/wp-content\/uploads\/2025\/11\/ARA-san-juan-acto-2025-9.jpg?resize=272%2C182&amp;ssl=1 272w\" sizes=\"(max-width: 800px) 100vw, 800px\" \/><\/figure><\/li><li class=\"wp-block-jetpack-slideshow_slide swiper-slide\"><figure><img data-recalc-dims=\"1\" loading=\"lazy\" decoding=\"async\" width=\"800\" height=\"445\" alt=\"\" class=\"wp-block-jetpack-slideshow_image wp-image-187918\" data-id=\"187918\" data-aspect-ratio=\"1000 \/ 556\" src=\"https:\/\/i0.wp.com\/cdnoticias.com\/wp-content\/uploads\/2025\/11\/ARA-san-juan-acto-2025-12.jpg?resize=800%2C445&#038;ssl=1\" srcset=\"https:\/\/i0.wp.com\/cdnoticias.com\/wp-content\/uploads\/2025\/11\/ARA-san-juan-acto-2025-12.jpg?w=1000&amp;ssl=1 1000w, https:\/\/i0.wp.com\/cdnoticias.com\/wp-content\/uploads\/2025\/11\/ARA-san-juan-acto-2025-12.jpg?resize=300%2C167&amp;ssl=1 300w, https:\/\/i0.wp.com\/cdnoticias.com\/wp-content\/uploads\/2025\/11\/ARA-san-juan-acto-2025-12.jpg?resize=768%2C427&amp;ssl=1 768w, https:\/\/i0.wp.com\/cdnoticias.com\/wp-content\/uploads\/2025\/11\/ARA-san-juan-acto-2025-12.jpg?resize=800%2C445&amp;ssl=1 800w\" sizes=\"(max-width: 800px) 100vw, 800px\" \/><\/figure><\/li><\/ul><a class=\"wp-block-jetpack-slideshow_button-prev swiper-button-prev swiper-button-white\" role=\"button\"><\/a><a class=\"wp-block-jetpack-slideshow_button-next swiper-button-next swiper-button-white\" role=\"button\"><\/a><a aria-label=\"Pause Slideshow\" class=\"wp-block-jetpack-slideshow_button-pause\" role=\"button\"><\/a><div class=\"wp-block-jetpack-slideshow_pagination swiper-pagination swiper-pagination-white\"><\/div><\/div><\/div>\n","protected":false},"excerpt":{"rendered":"<p>La actividad se desarroll\u00f3 en el Anfiteatro de Hinojo, marco en el que se descubri\u00f3 el cartel que da nombre<\/p>\n","protected":false},"author":4,"featured_media":187916,"comment_status":"closed","ping_status":"closed","sticky":false,"template":"","format":"standard","meta":{"_jetpack_memberships_contains_paid_content":false,"footnotes":""},"categories":[5,1],"tags":[],"class_list":["post-187915","post","type-post","status-publish","format-standard","has-post-thumbnail","hentry","category-informacion-general","category-portada"],"jetpack_featured_media_url":"https:\/\/i0.wp.com\/cdnoticias.com\/wp-content\/uploads\/2025\/11\/ARA-san-juan-acto-2025-14.jpg?fit=1000%2C556&ssl=1","jetpack_sharing_enabled":true,"_links":{"self":[{"href":"https:\/\/cdnoticias.com\/index.php\/wp-json\/wp\/v2\/posts\/187915","targetHints":{"allow":["GET"]}}],"collection":[{"href":"https:\/\/cdnoticias.com\/index.php\/wp-json\/wp\/v2\/posts"}],"about":[{"href":"https:\/\/cdnoticias.com\/index.php\/wp-json\/wp\/v2\/types\/post"}],"author":[{"embeddable":true,"href":"https:\/\/cdnoticias.com\/index.php\/wp-json\/wp\/v2\/users\/4"}],"replies":[{"embeddable":true,"href":"https:\/\/cdnoticias.com\/index.php\/wp-json\/wp\/v2\/comments?post=187915"}],"version-history":[{"count":0,"href":"https:\/\/cdnoticias.com\/index.php\/wp-json\/wp\/v2\/posts\/187915\/revisions"}],"wp:featuredmedia":[{"embeddable":true,"href":"https:\/\/cdnoticias.com\/index.php\/wp-json\/wp\/v2\/media\/187916"}],"wp:attachment":[{"href":"https:\/\/cdnoticias.com\/index.php\/wp-json\/wp\/v2\/media?parent=187915"}],"wp:term":[{"taxonomy":"category","embeddable":true,"href":"https:\/\/cdnoticias.com\/index.php\/wp-json\/wp\/v2\/categories?post=187915"},{"taxonomy":"post_tag","embeddable":true,"href":"https:\/\/cdnoticias.com\/index.php\/wp-json\/wp\/v2\/tags?post=187915"}],"curies":[{"name":"wp","href":"https:\/\/api.w.org\/{rel}","templated":true}]}}